{"id":11325,"date":"2025-08-17T07:39:57","date_gmt":"2025-08-17T07:39:57","guid":{"rendered":"https:\/\/yvie.com\/?p=11325"},"modified":"2026-03-02T09:25:26","modified_gmt":"2026-03-02T09:25:26","slug":"dados-de-participacao-ao-longo-dos-anos-uma-analise-estatistica","status":"publish","type":"post","link":"https:\/\/yvie.com\/nl\/dados-de-participacao-ao-longo-dos-anos-uma-analise-estatistica\/","title":{"rendered":"Dados de participa\u00e7\u00e3o ao longo dos anos: uma an\u00e1lise estat\u00edstica"},"content":{"rendered":"<h2>Introdu\u00e7\u00e3o aos Dados de Participa\u00e7\u00e3o ao Longo dos Anos<\/h2>\n<p>Ao longo das \u00faltimas d\u00e9cadas, a an\u00e1lise de dados hist\u00f3ricos de participa\u00e7\u00e3o tem revelado tend\u00eancias significativas que ilustram o crescimento e a evolu\u00e7\u00e3o do engajamento em diversas comunidades. Esses dados proporcionam uma base s\u00f3lida para a compara\u00e7\u00e3o entre diferentes per\u00edodos e ajudam a entender como a participa\u00e7\u00e3o se transforma em resposta a fatores sociais e econ\u00f4micos.<\/p>\n<p>Os organismos p\u00fablicos t\u00eam adotado cada vez mais essas m\u00e9tricas para avaliar o impacto de suas pol\u00edticas e iniciativas. Por meio de an\u00e1lises detalhadas, \u00e9 poss\u00edvel identificar quais estrat\u00e9gias promovem um maior engajamento e, consequentemente, como elas podem ser ajustadas para fomentar ainda mais a participa\u00e7\u00e3o.<\/p>\n<p>Al\u00e9m disso, a evolu\u00e7\u00e3o desses dados hist\u00f3ricos permite que pesquisadores e analistas tracem o perfil do envolvimento da comunidade, permitindo uma compreens\u00e3o mais clara sobre quais segmentos demogr\u00e1ficos est\u00e3o se engajando e como. Essa an\u00e1lise \u00e9 fundamental para direcionar esfor\u00e7os futuros e garantir que as necessidades das popula\u00e7\u00f5es sejam atendidas de maneira eficaz, especialmente ao considerar as tend\u00eancias de <a href=\"https:\/\/aterratremept.com\/\">https:\/\/aterratremept.com\/<\/a> ao longo dos anos.<\/p>\n<p>Em suma, os dados de participa\u00e7\u00e3o ao longo dos anos n\u00e3o apenas revelam tend\u00eancias, mas tamb\u00e9m servem como ferramentas essenciais para a evolu\u00e7\u00e3o cont\u00ednua do engajamento em diversas esferas sociais.<\/p>\n<h2>An\u00e1lise das Tend\u00eancias e Crescimento dos Dados Hist\u00f3ricos<\/h2>\n<p>Nos \u00faltimos anos, a an\u00e1lise de <strong>dados hist\u00f3ricos<\/strong> tem ganhado destaque, especialmente entre <strong>organismos p\u00fablicos<\/strong> e membros da <strong>comunidade<\/strong>. O <strong>crescimento<\/strong> nesse setor revela a import\u00e2ncia de compreender as <strong>tend\u00eancias<\/strong> que moldam nossa sociedade. \u00c0 medida que as tecnologias evoluem, a capacidade de coletar e analisar <strong>m\u00e9tricas<\/strong> torna-se mais acess\u00edvel, permitindo uma <strong>compara\u00e7\u00e3o<\/strong> eficaz entre diferentes per\u00edodos e eventos.<\/p>\n<p>Esse engajamento com dados hist\u00f3ricos n\u00e3o se limita a pesquisas acad\u00eamicas. Iniciativas de <strong>an\u00e1lise<\/strong> p\u00fablica t\u00eam promovido a transpar\u00eancia, melhorando a rela\u00e7\u00e3o entre governantes e cidad\u00e3os. Exemplo disso \u00e9 o aumento de projetos que utilizam dados hist\u00f3ricos para embasar decis\u00f5es em pol\u00edticas p\u00fablicas, resultando em um di\u00e1logo mais aberto com a popula\u00e7\u00e3o.<\/p>\n<p>Ademais, a evolu\u00e7\u00e3o das plataformas digitais facilitou o acesso a esse tipo de informa\u00e7\u00e3o, criando um rico recurso para estudos e discuss\u00f5es. O compartilhamento e a visualiza\u00e7\u00e3o dos dados t\u00eam potencializado o entendimento das <strong>tend\u00eancias<\/strong> sociais, fomentando uma cultura de aprendizado e adapta\u00e7\u00e3o constante, essencial em um mundo em r\u00e1pida mudan\u00e7a.<\/p>\n<h2>Compara\u00e7\u00e3o entre Organismos P\u00fablicos e Comunidade<\/h2>\n<p>Os organismos p\u00fablicos e as comunidades t\u00eam pap\u00e9is distintos, mas complementares, na sociedade. Enquanto os primeiros s\u00e3o respons\u00e1veis pela implementa\u00e7\u00e3o de pol\u00edticas p\u00fablicas, as comunidades frequentemente refletem e respondem a essas pol\u00edticas. A <strong>an\u00e1lise<\/strong> dos dados hist\u00f3ricos revela como a intera\u00e7\u00e3o entre esses dois grupos evoluiu, especialmente em termos de <strong>engajamento<\/strong>.<\/p>\n<p>Um exemplo claro dessa <strong>tend\u00eancia<\/strong> \u00e9 a crescente participa\u00e7\u00e3o da comunidade em decis\u00f5es locais. Isso tem gerado um <strong>crescimento<\/strong> na confian\u00e7a entre os cidad\u00e3os e os organismos p\u00fablicos, promovendo um ambiente mais colaborativo. As m\u00e9tricas de sucesso nessa intera\u00e7\u00e3o podem ser observadas atrav\u00e9s de feedbacks e censo, que oferecem uma vis\u00e3o precisa da <strong>evolu\u00e7\u00e3o<\/strong> dessa rela\u00e7\u00e3o.<\/p>\n<p>A compara\u00e7\u00e3o entre os dois tamb\u00e9m nos leva a entender como as comunidades se tornam agentes de mudan\u00e7a. Ao se organizarem, elas podem influenciar diretamente as a\u00e7\u00f5es dos organismos p\u00fablicos, resultando em pol\u00edticas mais eficazes que atendem \u00e0s suas necessidades. Essa sinergia n\u00e3o s\u00f3 melhora a qualidade de vida, mas tamb\u00e9m fomenta um senso de pertencimento e identidade.<\/p>\n<h2>M\u00e9tricas de Engajamento e Evolu\u00e7\u00e3o dos Dados<\/h2>\n<p>As m\u00e9tricas de engajamento desempenham um papel crucial na compreens\u00e3o da evolu\u00e7\u00e3o dos dados ao longo do tempo. Analisando <strong>dados hist\u00f3ricos<\/strong>, podemos identificar <strong>tend\u00eancias<\/strong> que informam decis\u00f5es estrat\u00e9gicas. Por exemplo, um aumento consistente no engajamento da comunidade em plataformas digitais pode sinalizar um crescimento saud\u00e1vel e a necessidade de adaptar estrat\u00e9gias de conte\u00fado.<\/p>\n<p>A compara\u00e7\u00e3o entre diferentes per\u00edodos \u00e9 essencial. Ao observar o crescimento nas intera\u00e7\u00f5es, seja por meio de coment\u00e1rios, compartilhamentos ou curtidas, os organismos p\u00fablicos e empresas podem avaliar a efic\u00e1cia de suas campanhas. Essa an\u00e1lise fornece insights valiosos que ajudam a moldar futuras iniciativas.<\/p>\n<p>Al\u00e9m disso, a evolu\u00e7\u00e3o das m\u00e9tricas de engajamento pode ser influenciada por fatores externos, como mudan\u00e7as nas pol\u00edticas sociais ou tend\u00eancias culturais. Portanto, acompanhar essas altera\u00e7\u00f5es permite que as organiza\u00e7\u00f5es se mantenham relevantes e conectadas ao seu p\u00fablico, garantindo que suas mensagens ressoem de maneira eficaz.<\/p>\n<p>Por fim, entender essas m\u00e9tricas n\u00e3o \u00e9 apenas sobre n\u00fameros; trata-se de construir relacionamentos duradouros com a comunidade. Investir na an\u00e1lise de dados e em estrat\u00e9gias de engajamento pode resultar em um impacto significativo e duradouro.<\/p>\n<h2>Conclus\u00f5es e Insights Pr\u00e1ticos para Futuras An\u00e1lises<\/h2>\n<p>Ao olharmos para os <strong>dados hist\u00f3ricos<\/strong>, \u00e9 evidente que a <strong>evolu\u00e7\u00e3o<\/strong> das m\u00e9tricas de desempenho tem refletido o <strong>crescimento<\/strong> das comunidades. A compara\u00e7\u00e3o entre diferentes per\u00edodos revela n\u00e3o apenas as <strong>tend\u00eancias<\/strong> predominantes, mas tamb\u00e9m as estrat\u00e9gias que mais engajaram o p\u00fablico.<\/p>\n<p>Organismos p\u00fablicos t\u00eam um papel crucial na dissemina\u00e7\u00e3o de informa\u00e7\u00f5es que promovem o <strong>engajamento<\/strong>. An\u00e1lises detalhadas dos dados apresentados t\u00eam ajudado a desenhar um panorama mais claro sobre o que funciona e o que n\u00e3o funciona neste contexto.<\/p>\n<p>Por isso, recomenda-se que futuras an\u00e1lises considerem o impacto dessas m\u00e9tricas. Uma an\u00e1lise mais profunda pode ajudar a comunidade a identificar oportunidades de melhoria e potencializar a efic\u00e1cia das iniciativas, fundamentando-se nas li\u00e7\u00f5es aprendidas do passado.<\/p>","protected":false},"excerpt":{"rendered":"<p>Introdu\u00e7\u00e3o aos Dados de Participa\u00e7\u00e3o ao Longo dos Anos Ao longo das \u00faltimas d\u00e9cadas, a an\u00e1lise de dados hist\u00f3ricos de participa\u00e7\u00e3o tem revelado tend\u00eancias significativas que ilustram o crescimento e a evolu\u00e7\u00e3o do engajamento em diversas comunidades. Esses dados proporcionam uma base s\u00f3lida para a compara\u00e7\u00e3o entre diferentes per\u00edodos e ajudam a entender como a [&hellip;]<\/p>\n","protected":false},"author":2,"featured_media":0,"comment_status":"closed","ping_status":"","sticky":false,"template":"","format":"standard","meta":{"_et_pb_use_builder":"","_et_pb_old_content":"","_et_gb_content_width":"","inline_featured_image":false,"footnotes":""},"categories":[15],"tags":[],"class_list":["post-11325","post","type-post","status-publish","format-standard","hentry","category-en"],"yoast_head":"<!-- This site is optimized with the Yoast SEO plugin v26.8 - https:\/\/yoast.com\/product\/yoast-seo-wordpress\/ -->\n<title>Dados de participa\u00e7\u00e3o ao longo dos anos: uma an\u00e1lise estat\u00edstica - Yvie<\/title>\n<meta name=\"robots\" content=\"index, follow, max-snippet:-1, max-image-preview:large, max-video-preview:-1\" \/>\n<link rel=\"canonical\" href=\"https:\/\/yvie.com\/nl\/dados-de-participacao-ao-longo-dos-anos-uma-analise-estatistica\/\" \/>\n<meta property=\"og:locale\" content=\"nl_NL\" \/>\n<meta property=\"og:type\" content=\"article\" \/>\n<meta property=\"og:title\" content=\"Dados de participa\u00e7\u00e3o ao longo dos anos: uma an\u00e1lise estat\u00edstica - Yvie\" \/>\n<meta property=\"og:description\" content=\"Introdu\u00e7\u00e3o aos Dados de Participa\u00e7\u00e3o ao Longo dos Anos Ao longo das \u00faltimas d\u00e9cadas, a an\u00e1lise de dados hist\u00f3ricos de participa\u00e7\u00e3o tem revelado tend\u00eancias significativas que ilustram o crescimento e a evolu\u00e7\u00e3o do engajamento em diversas comunidades. Esses dados proporcionam uma base s\u00f3lida para a compara\u00e7\u00e3o entre diferentes per\u00edodos e ajudam a entender como a [&hellip;]\" \/>\n<meta property=\"og:url\" content=\"https:\/\/yvie.com\/nl\/dados-de-participacao-ao-longo-dos-anos-uma-analise-estatistica\/\" \/>\n<meta property=\"og:site_name\" content=\"Yvie\" \/>\n<meta property=\"article:published_time\" content=\"2025-08-17T07:39:57+00:00\" \/>\n<meta property=\"article:modified_time\" content=\"2026-03-02T09:25:26+00:00\" \/>\n<meta name=\"author\" content=\"Elles de Bruin-Rook\" \/>\n<meta name=\"twitter:card\" content=\"summary_large_image\" \/>\n<meta name=\"twitter:label1\" content=\"Geschreven door\" \/>\n\t<meta name=\"twitter:data1\" content=\"Elles de Bruin-Rook\" \/>\n\t<meta name=\"twitter:label2\" content=\"Geschatte leestijd\" \/>\n\t<meta name=\"twitter:data2\" content=\"5 minuten\" \/>\n<script type=\"application\/ld+json\" class=\"yoast-schema-graph\">{\"@context\":\"https:\/\/schema.org\",\"@graph\":[{\"@type\":\"Article\",\"@id\":\"https:\/\/yvie.com\/dados-de-participacao-ao-longo-dos-anos-uma-analise-estatistica\/#article\",\"isPartOf\":{\"@id\":\"https:\/\/yvie.com\/dados-de-participacao-ao-longo-dos-anos-uma-analise-estatistica\/\"},\"author\":{\"name\":\"Elles de Bruin-Rook\",\"@id\":\"https:\/\/yvie.com\/#\/schema\/person\/adc35d434b1bd4fc9a1645968e48cfae\"},\"headline\":\"Dados de participa\u00e7\u00e3o ao longo dos anos: uma an\u00e1lise estat\u00edstica\",\"datePublished\":\"2025-08-17T07:39:57+00:00\",\"dateModified\":\"2026-03-02T09:25:26+00:00\",\"mainEntityOfPage\":{\"@id\":\"https:\/\/yvie.com\/dados-de-participacao-ao-longo-dos-anos-uma-analise-estatistica\/\"},\"wordCount\":1026,\"articleSection\":[\"EN\"],\"inLanguage\":\"nl-NL\"},{\"@type\":\"WebPage\",\"@id\":\"https:\/\/yvie.com\/dados-de-participacao-ao-longo-dos-anos-uma-analise-estatistica\/\",\"url\":\"https:\/\/yvie.com\/dados-de-participacao-ao-longo-dos-anos-uma-analise-estatistica\/\",\"name\":\"Dados de participa\u00e7\u00e3o ao longo dos anos: uma an\u00e1lise estat\u00edstica - Yvie\",\"isPartOf\":{\"@id\":\"https:\/\/yvie.com\/#website\"},\"datePublished\":\"2025-08-17T07:39:57+00:00\",\"dateModified\":\"2026-03-02T09:25:26+00:00\",\"author\":{\"@id\":\"https:\/\/yvie.com\/#\/schema\/person\/adc35d434b1bd4fc9a1645968e48cfae\"},\"breadcrumb\":{\"@id\":\"https:\/\/yvie.com\/dados-de-participacao-ao-longo-dos-anos-uma-analise-estatistica\/#breadcrumb\"},\"inLanguage\":\"nl-NL\",\"potentialAction\":[{\"@type\":\"ReadAction\",\"target\":[\"https:\/\/yvie.com\/dados-de-participacao-ao-longo-dos-anos-uma-analise-estatistica\/\"]}]},{\"@type\":\"BreadcrumbList\",\"@id\":\"https:\/\/yvie.com\/dados-de-participacao-ao-longo-dos-anos-uma-analise-estatistica\/#breadcrumb\",\"itemListElement\":[{\"@type\":\"ListItem\",\"position\":1,\"name\":\"Home\",\"item\":\"https:\/\/yvie.com\/\"},{\"@type\":\"ListItem\",\"position\":2,\"name\":\"Dados de participa\u00e7\u00e3o ao longo dos anos: uma an\u00e1lise estat\u00edstica\"}]},{\"@type\":\"WebSite\",\"@id\":\"https:\/\/yvie.com\/#website\",\"url\":\"https:\/\/yvie.com\/\",\"name\":\"Yvie\",\"description\":\"\",\"potentialAction\":[{\"@type\":\"SearchAction\",\"target\":{\"@type\":\"EntryPoint\",\"urlTemplate\":\"https:\/\/yvie.com\/?s={search_term_string}\"},\"query-input\":{\"@type\":\"PropertyValueSpecification\",\"valueRequired\":true,\"valueName\":\"search_term_string\"}}],\"inLanguage\":\"nl-NL\"},{\"@type\":\"Person\",\"@id\":\"https:\/\/yvie.com\/#\/schema\/person\/adc35d434b1bd4fc9a1645968e48cfae\",\"name\":\"Elles de Bruin-Rook\",\"url\":\"https:\/\/yvie.com\/nl\/author\/elles\/\"}]}<\/script>\n<!-- \/ Yoast SEO plugin. -->","yoast_head_json":{"title":"Dados de participa\u00e7\u00e3o ao longo dos anos: uma an\u00e1lise estat\u00edstica - Yvie","robots":{"index":"index","follow":"follow","max-snippet":"max-snippet:-1","max-image-preview":"max-image-preview:large","max-video-preview":"max-video-preview:-1"},"canonical":"https:\/\/yvie.com\/nl\/dados-de-participacao-ao-longo-dos-anos-uma-analise-estatistica\/","og_locale":"nl_NL","og_type":"article","og_title":"Dados de participa\u00e7\u00e3o ao longo dos anos: uma an\u00e1lise estat\u00edstica - Yvie","og_description":"Introdu\u00e7\u00e3o aos Dados de Participa\u00e7\u00e3o ao Longo dos Anos Ao longo das \u00faltimas d\u00e9cadas, a an\u00e1lise de dados hist\u00f3ricos de participa\u00e7\u00e3o tem revelado tend\u00eancias significativas que ilustram o crescimento e a evolu\u00e7\u00e3o do engajamento em diversas comunidades. Esses dados proporcionam uma base s\u00f3lida para a compara\u00e7\u00e3o entre diferentes per\u00edodos e ajudam a entender como a [&hellip;]","og_url":"https:\/\/yvie.com\/nl\/dados-de-participacao-ao-longo-dos-anos-uma-analise-estatistica\/","og_site_name":"Yvie","article_published_time":"2025-08-17T07:39:57+00:00","article_modified_time":"2026-03-02T09:25:26+00:00","author":"Elles de Bruin-Rook","twitter_card":"summary_large_image","twitter_misc":{"Geschreven door":"Elles de Bruin-Rook","Geschatte leestijd":"5 minuten"},"schema":{"@context":"https:\/\/schema.org","@graph":[{"@type":"Article","@id":"https:\/\/yvie.com\/dados-de-participacao-ao-longo-dos-anos-uma-analise-estatistica\/#article","isPartOf":{"@id":"https:\/\/yvie.com\/dados-de-participacao-ao-longo-dos-anos-uma-analise-estatistica\/"},"author":{"name":"Elles de Bruin-Rook","@id":"https:\/\/yvie.com\/#\/schema\/person\/adc35d434b1bd4fc9a1645968e48cfae"},"headline":"Dados de participa\u00e7\u00e3o ao longo dos anos: uma an\u00e1lise estat\u00edstica","datePublished":"2025-08-17T07:39:57+00:00","dateModified":"2026-03-02T09:25:26+00:00","mainEntityOfPage":{"@id":"https:\/\/yvie.com\/dados-de-participacao-ao-longo-dos-anos-uma-analise-estatistica\/"},"wordCount":1026,"articleSection":["EN"],"inLanguage":"nl-NL"},{"@type":"WebPage","@id":"https:\/\/yvie.com\/dados-de-participacao-ao-longo-dos-anos-uma-analise-estatistica\/","url":"https:\/\/yvie.com\/dados-de-participacao-ao-longo-dos-anos-uma-analise-estatistica\/","name":"Dados de participa\u00e7\u00e3o ao longo dos anos: uma an\u00e1lise estat\u00edstica - Yvie","isPartOf":{"@id":"https:\/\/yvie.com\/#website"},"datePublished":"2025-08-17T07:39:57+00:00","dateModified":"2026-03-02T09:25:26+00:00","author":{"@id":"https:\/\/yvie.com\/#\/schema\/person\/adc35d434b1bd4fc9a1645968e48cfae"},"breadcrumb":{"@id":"https:\/\/yvie.com\/dados-de-participacao-ao-longo-dos-anos-uma-analise-estatistica\/#breadcrumb"},"inLanguage":"nl-NL","potentialAction":[{"@type":"ReadAction","target":["https:\/\/yvie.com\/dados-de-participacao-ao-longo-dos-anos-uma-analise-estatistica\/"]}]},{"@type":"BreadcrumbList","@id":"https:\/\/yvie.com\/dados-de-participacao-ao-longo-dos-anos-uma-analise-estatistica\/#breadcrumb","itemListElement":[{"@type":"ListItem","position":1,"name":"Home","item":"https:\/\/yvie.com\/"},{"@type":"ListItem","position":2,"name":"Dados de participa\u00e7\u00e3o ao longo dos anos: uma an\u00e1lise estat\u00edstica"}]},{"@type":"WebSite","@id":"https:\/\/yvie.com\/#website","url":"https:\/\/yvie.com\/","name":"Yvie","description":"","potentialAction":[{"@type":"SearchAction","target":{"@type":"EntryPoint","urlTemplate":"https:\/\/yvie.com\/?s={search_term_string}"},"query-input":{"@type":"PropertyValueSpecification","valueRequired":true,"valueName":"search_term_string"}}],"inLanguage":"nl-NL"},{"@type":"Person","@id":"https:\/\/yvie.com\/#\/schema\/person\/adc35d434b1bd4fc9a1645968e48cfae","name":"Elles de Bruin-Rook","url":"https:\/\/yvie.com\/nl\/author\/elles\/"}]}},"_links":{"self":[{"href":"https:\/\/yvie.com\/nl\/wp-json\/wp\/v2\/posts\/11325","targetHints":{"allow":["GET"]}}],"collection":[{"href":"https:\/\/yvie.com\/nl\/wp-json\/wp\/v2\/posts"}],"about":[{"href":"https:\/\/yvie.com\/nl\/wp-json\/wp\/v2\/types\/post"}],"author":[{"embeddable":true,"href":"https:\/\/yvie.com\/nl\/wp-json\/wp\/v2\/users\/2"}],"replies":[{"embeddable":true,"href":"https:\/\/yvie.com\/nl\/wp-json\/wp\/v2\/comments?post=11325"}],"version-history":[{"count":1,"href":"https:\/\/yvie.com\/nl\/wp-json\/wp\/v2\/posts\/11325\/revisions"}],"predecessor-version":[{"id":11329,"href":"https:\/\/yvie.com\/nl\/wp-json\/wp\/v2\/posts\/11325\/revisions\/11329"}],"wp:attachment":[{"href":"https:\/\/yvie.com\/nl\/wp-json\/wp\/v2\/media?parent=11325"}],"wp:term":[{"taxonomy":"category","embeddable":true,"href":"https:\/\/yvie.com\/nl\/wp-json\/wp\/v2\/categories?post=11325"},{"taxonomy":"post_tag","embeddable":true,"href":"https:\/\/yvie.com\/nl\/wp-json\/wp\/v2\/tags?post=11325"}],"curies":[{"name":"wp","href":"https:\/\/api.w.org\/{rel}","templated":true}]}}