{"id":11400,"date":"2025-07-24T19:44:46","date_gmt":"2025-07-24T19:44:46","guid":{"rendered":"https:\/\/yvie.com\/?p=11400"},"modified":"2026-03-02T09:56:14","modified_gmt":"2026-03-02T09:56:14","slug":"consumo-energetico-en-canarias-estadisticas-de-la-ultima-decada","status":"publish","type":"post","link":"https:\/\/yvie.com\/nl\/consumo-energetico-en-canarias-estadisticas-de-la-ultima-decada\/","title":{"rendered":"Consumo energ\u00e9tico en Canarias: estad\u00edsticas de la \u00faltima d\u00e9cada"},"content":{"rendered":"<h2>Introducci\u00f3n al consumo energ\u00e9tico en Canarias<\/h2>\n<p>El consumo energ\u00e9tico en Canarias es un tema crucial que merece un an\u00e1lisis profundo. Con la constante <strong>aumento de demanda<\/strong> de energ\u00eda, resulta esencial entender c\u00f3mo se distribuye el <strong>consumo por sector<\/strong>. Las islas han experimentado un cambio notable en sus <strong>tendencias<\/strong> energ\u00e9ticas, impulsadas en gran medida por la necesidad de adoptar <strong>energ\u00edas renovables<\/strong>.<\/p>\n<p>En la actualidad, las <strong>proyecciones<\/strong> indican una creciente inversi\u00f3n en el sector energ\u00e9tico, fundamental para garantizar la sostenibilidad del sistema el\u00e9ctrico. Este <strong>estado del sistema el\u00e9ctrico<\/strong> se ve afectado por pol\u00edticas energ\u00e9ticas que promueven un enfoque m\u00e1s ecol\u00f3gico y eficiente. Una <strong>comparaci\u00f3n interinsular<\/strong> revela diferencias significativas en el consumo y la implementaci\u00f3n de energ\u00edas limpias.<\/p>\n<p>A trav\u00e9s del <strong>an\u00e1lisis de datos<\/strong>, se pueden identificar patrones que ayudan a anticipar futuras necesidades energ\u00e9ticas. La integraci\u00f3n de tecnolog\u00edas innovadoras es vital para respaldar estas iniciativas. Las inversiones en infraestructura energ\u00e9tica son clave para asegurar el futuro energ\u00e9tico de las Canarias, reflejando la importancia de un enfoque colaborativo en la <a href=\"https:\/\/canarias-luz.es\/\">https:\/\/canarias-luz.es\/<\/a> pol\u00edtica energ\u00e9tica y el estado del sistema el\u00e9ctrico.<\/p>\n<h2>An\u00e1lisis de datos: tendencias en la \u00faltima d\u00e9cada<\/h2>\n<p>En la \u00faltima d\u00e9cada, el <strong>an\u00e1lisis de datos<\/strong> ha evolucionado significativamente, reflejando <strong>tendencias<\/strong> clave en el comportamiento del mercado y las proyecciones para el futuro. Este per\u00edodo ha visto un <strong>aumento de demanda<\/strong> en el uso de datos para tomar decisiones informadas, especialmente en sectores como las <strong>energ\u00edas renovables<\/strong> y la pol\u00edtica energ\u00e9tica. A medida que las tecnolog\u00edas avanzan, el acceso a datos precisos permite una comparaci\u00f3n interinsular del <strong>consumo por sector<\/strong>, facilitando el entendimiento de c\u00f3mo se utilizan los recursos energ\u00e9ticos.<\/p>\n<p>Un factor crucial es la inversi\u00f3n en infraestructura de datos. Los gobiernos y empresas han realizado <strong>inversiones<\/strong> significativas en sistemas de an\u00e1lisis, lo que ha permitido visualizar patrones y prever necesidades futuras. Por ejemplo, las proyecciones indican que la transici\u00f3n hacia energ\u00edas sostenibles est\u00e1 impulsando un cambio en los h\u00e1bitos de consumo, lo que a su vez afecta el <strong>estado del sistema el\u00e9ctrico<\/strong>.<\/p>\n<p>Asimismo, el uso de herramientas anal\u00edticas ha promovido un enfoque m\u00e1s proactivo, facilitando que empresas del sector energ\u00e9tico optimicen la distribuci\u00f3n y reduzcan costos. Este enfoque ha derivado en un entendimiento m\u00e1s claro de las din\u00e1micas entre producci\u00f3n y consumo, esencial para sostener el crecimiento en un contexto de desaf\u00edos clim\u00e1ticos y econ\u00f3micos.<\/p>\n<h2>Comparaci\u00f3n interinsular del consumo por sector<\/h2>\n<p>El an\u00e1lisis de datos sobre el consumo por sector en diferentes islas nos revela tendencias significativas. En particular, se observa un aumento de demanda en los sectores de energ\u00edas renovables, lo que subraya la necesidad de inversiones en infraestructura sostenible. Cada isla presenta un panorama \u00fanico, impulsado por pol\u00edticas energ\u00e9ticas locales y el estado del sistema el\u00e9ctrico.<\/p>\n<p>Por ejemplo, en la Isla A, las proyecciones indican que el consumo residencial ha crecido un 15% en los \u00faltimos cinco a\u00f1os, reflejando un cambio hacia fuentes de energ\u00eda m\u00e1s limpias. Mientras tanto, en la Isla B, el sector industrial est\u00e1 liderando este aumento, lo que implica un enfoque m\u00e1s agresivo en la modernizaci\u00f3n de su red el\u00e9ctrica.<\/p>\n<p>Una comparaci\u00f3n interinsular revela que las inversiones en tecnolog\u00edas limpias son clave para equilibrar el consumo. Las islas que han priorizado la adecuaci\u00f3n de su sistema energ\u00e9tico est\u00e1n mejor posicionadas para enfrentar futuros desaf\u00edos de suministro. Eval\u00faa estos datos para entender c\u00f3mo cada isla puede beneficiarse y adaptarse a las necesidades cambiantes del mercado.<\/p>\n<h2>Proyecciones y aumento de demanda: el futuro energ\u00e9tico<\/h2>\n<p>Las proyecciones futuras sobre el consumo energ\u00e9tico revelan un aumento notable en la demanda global debido al crecimiento poblacional y la industrializaci\u00f3n. Seg\u00fan an\u00e1lisis de datos recientes, se estima que el consumo por sector, especialmente en la industria y el transporte, crecer\u00e1 en un 20% para 2030.<\/p>\n<p>Las tendencias actuales muestran un cambio hacia energ\u00edas renovables, impulsado por inversiones significativas y una pol\u00edtica energ\u00e9tica m\u00e1s sostenible. Esta transici\u00f3n no solo favorece el medio ambiente, sino que tambi\u00e9n mejora el estado del sistema el\u00e9ctrico al diversificar las fuentes de energ\u00eda.<\/p>\n<p>La comparaci\u00f3n interinsular en el consumo de energ\u00eda revela diferencias sorprendentes, lo que resalta la necesidad de estrategias personalizadas. Las islas con mayores inversiones en tecnolog\u00edas limpias est\u00e1n viendo un aumento en la estabilidad y capacidad de su red el\u00e9ctrica, preparando el terreno para un futuro m\u00e1s resiliente.<\/p>\n<p>Con el aumento de la demanda, es crucial que las decisiones pol\u00edticas se alineen con las proyecciones de consumo para garantizar un crecimiento sostenible. Las soluciones innovadoras en el sector energ\u00e9tico pueden ayudar a mitigar los impactos negativos y maximizar los beneficios de esta transici\u00f3n.<\/p>\n<h2>Inversiones y pol\u00edtica energ\u00e9tica: impulso a las energ\u00edas renovables<\/h2>\n<p>La creciente <strong>demanda<\/strong> de energ\u00eda ha llevado a un an\u00e1lisis profundo de las <strong>tendencias<\/strong> del mercado. Las <strong>inversiones<\/strong> en <strong>energ\u00edas renovables<\/strong> son cruciales para el futuro del <strong>sistema el\u00e9ctrico<\/strong>. En comparaci\u00f3n interinsular, algunas regiones destacan por su <strong>consumo por sector<\/strong> y su capacidad para adaptarse a nuevas <strong>pol\u00edticas energ\u00e9ticas<\/strong>.<\/p>\n<p>Las <strong>proyecciones<\/strong> indican un aumento en la penetraci\u00f3n de las energ\u00edas limpias, lo que podr\u00eda resultar en un paradigma energ\u00e9tico m\u00e1s sostenible. Por ejemplo, se ha observado que el apoyo gubernamental y la inversi\u00f3n privada son determinantes para lograr una transici\u00f3n eficaz.<\/p>\n<p>Asimismo, el <strong>estado del sistema el\u00e9ctrico<\/strong> debe ser fortalecido mediante un enfoque en la <strong>an\u00e1lisis de datos<\/strong> y el desarrollo de infraestructuras. Este esfuerzo no solo fomentar\u00e1 la creaci\u00f3n de empleo, sino que tambi\u00e9n facilitar\u00e1 el acceso a energ\u00edas limpias.<\/p>","protected":false},"excerpt":{"rendered":"<p>Introducci\u00f3n al consumo energ\u00e9tico en Canarias El consumo energ\u00e9tico en Canarias es un tema crucial que merece un an\u00e1lisis profundo. Con la constante aumento de demanda de energ\u00eda, resulta esencial entender c\u00f3mo se distribuye el consumo por sector. Las islas han experimentado un cambio notable en sus tendencias energ\u00e9ticas, impulsadas en gran medida por la [&hellip;]<\/p>\n","protected":false},"author":2,"featured_media":0,"comment_status":"closed","ping_status":"","sticky":false,"template":"","format":"standard","meta":{"_et_pb_use_builder":"","_et_pb_old_content":"","_et_gb_content_width":"","inline_featured_image":false,"footnotes":""},"categories":[15],"tags":[],"class_list":["post-11400","post","type-post","status-publish","format-standard","hentry","category-en"],"yoast_head":"<!-- This site is optimized with the Yoast SEO plugin v26.8 - https:\/\/yoast.com\/product\/yoast-seo-wordpress\/ -->\n<title>Consumo energ\u00e9tico en Canarias: estad\u00edsticas de la \u00faltima d\u00e9cada - Yvie<\/title>\n<meta name=\"robots\" content=\"index, follow, max-snippet:-1, max-image-preview:large, max-video-preview:-1\" \/>\n<link rel=\"canonical\" href=\"https:\/\/yvie.com\/nl\/consumo-energetico-en-canarias-estadisticas-de-la-ultima-decada\/\" \/>\n<meta property=\"og:locale\" content=\"nl_NL\" \/>\n<meta property=\"og:type\" content=\"article\" \/>\n<meta property=\"og:title\" content=\"Consumo energ\u00e9tico en Canarias: estad\u00edsticas de la \u00faltima d\u00e9cada - Yvie\" \/>\n<meta property=\"og:description\" content=\"Introducci\u00f3n al consumo energ\u00e9tico en Canarias El consumo energ\u00e9tico en Canarias es un tema crucial que merece un an\u00e1lisis profundo. Con la constante aumento de demanda de energ\u00eda, resulta esencial entender c\u00f3mo se distribuye el consumo por sector. Las islas han experimentado un cambio notable en sus tendencias energ\u00e9ticas, impulsadas en gran medida por la [&hellip;]\" \/>\n<meta property=\"og:url\" content=\"https:\/\/yvie.com\/nl\/consumo-energetico-en-canarias-estadisticas-de-la-ultima-decada\/\" \/>\n<meta property=\"og:site_name\" content=\"Yvie\" \/>\n<meta property=\"article:published_time\" content=\"2025-07-24T19:44:46+00:00\" \/>\n<meta property=\"article:modified_time\" content=\"2026-03-02T09:56:14+00:00\" \/>\n<meta name=\"author\" content=\"Elles de Bruin-Rook\" \/>\n<meta name=\"twitter:card\" content=\"summary_large_image\" \/>\n<meta name=\"twitter:label1\" content=\"Geschreven door\" \/>\n\t<meta name=\"twitter:data1\" content=\"Elles de Bruin-Rook\" \/>\n\t<meta name=\"twitter:label2\" content=\"Geschatte leestijd\" \/>\n\t<meta name=\"twitter:data2\" content=\"5 minuten\" \/>\n<script type=\"application\/ld+json\" class=\"yoast-schema-graph\">{\"@context\":\"https:\/\/schema.org\",\"@graph\":[{\"@type\":\"Article\",\"@id\":\"https:\/\/yvie.com\/consumo-energetico-en-canarias-estadisticas-de-la-ultima-decada\/#article\",\"isPartOf\":{\"@id\":\"https:\/\/yvie.com\/consumo-energetico-en-canarias-estadisticas-de-la-ultima-decada\/\"},\"author\":{\"name\":\"Elles de Bruin-Rook\",\"@id\":\"https:\/\/yvie.com\/#\/schema\/person\/adc35d434b1bd4fc9a1645968e48cfae\"},\"headline\":\"Consumo energ\u00e9tico en Canarias: estad\u00edsticas de la \u00faltima d\u00e9cada\",\"datePublished\":\"2025-07-24T19:44:46+00:00\",\"dateModified\":\"2026-03-02T09:56:14+00:00\",\"mainEntityOfPage\":{\"@id\":\"https:\/\/yvie.com\/consumo-energetico-en-canarias-estadisticas-de-la-ultima-decada\/\"},\"wordCount\":1019,\"articleSection\":[\"EN\"],\"inLanguage\":\"nl-NL\"},{\"@type\":\"WebPage\",\"@id\":\"https:\/\/yvie.com\/consumo-energetico-en-canarias-estadisticas-de-la-ultima-decada\/\",\"url\":\"https:\/\/yvie.com\/consumo-energetico-en-canarias-estadisticas-de-la-ultima-decada\/\",\"name\":\"Consumo energ\u00e9tico en Canarias: estad\u00edsticas de la \u00faltima d\u00e9cada - Yvie\",\"isPartOf\":{\"@id\":\"https:\/\/yvie.com\/#website\"},\"datePublished\":\"2025-07-24T19:44:46+00:00\",\"dateModified\":\"2026-03-02T09:56:14+00:00\",\"author\":{\"@id\":\"https:\/\/yvie.com\/#\/schema\/person\/adc35d434b1bd4fc9a1645968e48cfae\"},\"breadcrumb\":{\"@id\":\"https:\/\/yvie.com\/consumo-energetico-en-canarias-estadisticas-de-la-ultima-decada\/#breadcrumb\"},\"inLanguage\":\"nl-NL\",\"potentialAction\":[{\"@type\":\"ReadAction\",\"target\":[\"https:\/\/yvie.com\/consumo-energetico-en-canarias-estadisticas-de-la-ultima-decada\/\"]}]},{\"@type\":\"BreadcrumbList\",\"@id\":\"https:\/\/yvie.com\/consumo-energetico-en-canarias-estadisticas-de-la-ultima-decada\/#breadcrumb\",\"itemListElement\":[{\"@type\":\"ListItem\",\"position\":1,\"name\":\"Home\",\"item\":\"https:\/\/yvie.com\/\"},{\"@type\":\"ListItem\",\"position\":2,\"name\":\"Consumo energ\u00e9tico en Canarias: estad\u00edsticas de la \u00faltima d\u00e9cada\"}]},{\"@type\":\"WebSite\",\"@id\":\"https:\/\/yvie.com\/#website\",\"url\":\"https:\/\/yvie.com\/\",\"name\":\"Yvie\",\"description\":\"\",\"potentialAction\":[{\"@type\":\"SearchAction\",\"target\":{\"@type\":\"EntryPoint\",\"urlTemplate\":\"https:\/\/yvie.com\/?s={search_term_string}\"},\"query-input\":{\"@type\":\"PropertyValueSpecification\",\"valueRequired\":true,\"valueName\":\"search_term_string\"}}],\"inLanguage\":\"nl-NL\"},{\"@type\":\"Person\",\"@id\":\"https:\/\/yvie.com\/#\/schema\/person\/adc35d434b1bd4fc9a1645968e48cfae\",\"name\":\"Elles de Bruin-Rook\",\"url\":\"https:\/\/yvie.com\/nl\/author\/elles\/\"}]}<\/script>\n<!-- \/ Yoast SEO plugin. -->","yoast_head_json":{"title":"Consumo energ\u00e9tico en Canarias: estad\u00edsticas de la \u00faltima d\u00e9cada - Yvie","robots":{"index":"index","follow":"follow","max-snippet":"max-snippet:-1","max-image-preview":"max-image-preview:large","max-video-preview":"max-video-preview:-1"},"canonical":"https:\/\/yvie.com\/nl\/consumo-energetico-en-canarias-estadisticas-de-la-ultima-decada\/","og_locale":"nl_NL","og_type":"article","og_title":"Consumo energ\u00e9tico en Canarias: estad\u00edsticas de la \u00faltima d\u00e9cada - Yvie","og_description":"Introducci\u00f3n al consumo energ\u00e9tico en Canarias El consumo energ\u00e9tico en Canarias es un tema crucial que merece un an\u00e1lisis profundo. Con la constante aumento de demanda de energ\u00eda, resulta esencial entender c\u00f3mo se distribuye el consumo por sector. Las islas han experimentado un cambio notable en sus tendencias energ\u00e9ticas, impulsadas en gran medida por la [&hellip;]","og_url":"https:\/\/yvie.com\/nl\/consumo-energetico-en-canarias-estadisticas-de-la-ultima-decada\/","og_site_name":"Yvie","article_published_time":"2025-07-24T19:44:46+00:00","article_modified_time":"2026-03-02T09:56:14+00:00","author":"Elles de Bruin-Rook","twitter_card":"summary_large_image","twitter_misc":{"Geschreven door":"Elles de Bruin-Rook","Geschatte leestijd":"5 minuten"},"schema":{"@context":"https:\/\/schema.org","@graph":[{"@type":"Article","@id":"https:\/\/yvie.com\/consumo-energetico-en-canarias-estadisticas-de-la-ultima-decada\/#article","isPartOf":{"@id":"https:\/\/yvie.com\/consumo-energetico-en-canarias-estadisticas-de-la-ultima-decada\/"},"author":{"name":"Elles de Bruin-Rook","@id":"https:\/\/yvie.com\/#\/schema\/person\/adc35d434b1bd4fc9a1645968e48cfae"},"headline":"Consumo energ\u00e9tico en Canarias: estad\u00edsticas de la \u00faltima d\u00e9cada","datePublished":"2025-07-24T19:44:46+00:00","dateModified":"2026-03-02T09:56:14+00:00","mainEntityOfPage":{"@id":"https:\/\/yvie.com\/consumo-energetico-en-canarias-estadisticas-de-la-ultima-decada\/"},"wordCount":1019,"articleSection":["EN"],"inLanguage":"nl-NL"},{"@type":"WebPage","@id":"https:\/\/yvie.com\/consumo-energetico-en-canarias-estadisticas-de-la-ultima-decada\/","url":"https:\/\/yvie.com\/consumo-energetico-en-canarias-estadisticas-de-la-ultima-decada\/","name":"Consumo energ\u00e9tico en Canarias: estad\u00edsticas de la \u00faltima d\u00e9cada - Yvie","isPartOf":{"@id":"https:\/\/yvie.com\/#website"},"datePublished":"2025-07-24T19:44:46+00:00","dateModified":"2026-03-02T09:56:14+00:00","author":{"@id":"https:\/\/yvie.com\/#\/schema\/person\/adc35d434b1bd4fc9a1645968e48cfae"},"breadcrumb":{"@id":"https:\/\/yvie.com\/consumo-energetico-en-canarias-estadisticas-de-la-ultima-decada\/#breadcrumb"},"inLanguage":"nl-NL","potentialAction":[{"@type":"ReadAction","target":["https:\/\/yvie.com\/consumo-energetico-en-canarias-estadisticas-de-la-ultima-decada\/"]}]},{"@type":"BreadcrumbList","@id":"https:\/\/yvie.com\/consumo-energetico-en-canarias-estadisticas-de-la-ultima-decada\/#breadcrumb","itemListElement":[{"@type":"ListItem","position":1,"name":"Home","item":"https:\/\/yvie.com\/"},{"@type":"ListItem","position":2,"name":"Consumo energ\u00e9tico en Canarias: estad\u00edsticas de la \u00faltima d\u00e9cada"}]},{"@type":"WebSite","@id":"https:\/\/yvie.com\/#website","url":"https:\/\/yvie.com\/","name":"Yvie","description":"","potentialAction":[{"@type":"SearchAction","target":{"@type":"EntryPoint","urlTemplate":"https:\/\/yvie.com\/?s={search_term_string}"},"query-input":{"@type":"PropertyValueSpecification","valueRequired":true,"valueName":"search_term_string"}}],"inLanguage":"nl-NL"},{"@type":"Person","@id":"https:\/\/yvie.com\/#\/schema\/person\/adc35d434b1bd4fc9a1645968e48cfae","name":"Elles de Bruin-Rook","url":"https:\/\/yvie.com\/nl\/author\/elles\/"}]}},"_links":{"self":[{"href":"https:\/\/yvie.com\/nl\/wp-json\/wp\/v2\/posts\/11400","targetHints":{"allow":["GET"]}}],"collection":[{"href":"https:\/\/yvie.com\/nl\/wp-json\/wp\/v2\/posts"}],"about":[{"href":"https:\/\/yvie.com\/nl\/wp-json\/wp\/v2\/types\/post"}],"author":[{"embeddable":true,"href":"https:\/\/yvie.com\/nl\/wp-json\/wp\/v2\/users\/2"}],"replies":[{"embeddable":true,"href":"https:\/\/yvie.com\/nl\/wp-json\/wp\/v2\/comments?post=11400"}],"version-history":[{"count":1,"href":"https:\/\/yvie.com\/nl\/wp-json\/wp\/v2\/posts\/11400\/revisions"}],"predecessor-version":[{"id":11401,"href":"https:\/\/yvie.com\/nl\/wp-json\/wp\/v2\/posts\/11400\/revisions\/11401"}],"wp:attachment":[{"href":"https:\/\/yvie.com\/nl\/wp-json\/wp\/v2\/media?parent=11400"}],"wp:term":[{"taxonomy":"category","embeddable":true,"href":"https:\/\/yvie.com\/nl\/wp-json\/wp\/v2\/categories?post=11400"},{"taxonomy":"post_tag","embeddable":true,"href":"https:\/\/yvie.com\/nl\/wp-json\/wp\/v2\/tags?post=11400"}],"curies":[{"name":"wp","href":"https:\/\/api.w.org\/{rel}","templated":true}]}}