{"id":11486,"date":"2025-08-14T00:04:12","date_gmt":"2025-08-14T00:04:12","guid":{"rendered":"https:\/\/yvie.com\/?p=11486"},"modified":"2026-03-02T10:31:42","modified_gmt":"2026-03-02T10:31:42","slug":"skoleni-na-miru-s-educoo-prizpusobene-specifickym-potrebam-vyroby","status":"publish","type":"post","link":"https:\/\/yvie.com\/nl\/skoleni-na-miru-s-educoo-prizpusobene-specifickym-potrebam-vyroby\/","title":{"rendered":"\u0160kolen\u00ed na m\u00edru s Educoo p\u0159izp\u016fsoben\u00e9 specifick\u00fdm pot\u0159eb\u00e1m v\u00fdroby"},"content":{"rendered":"<p><strong>Prvn\u00edm krokem k \u00fasp\u011b\u0161n\u00e9 customizaci \u0161kolen\u00ed je pochopen\u00ed po\u017eadavk\u016f na odbornost a specifika v\u00fdrobn\u00edch proces\u016f.<\/strong> Organizace by m\u011bly investovat \u010das do anal\u00fdzy pot\u0159eb sv\u00fdch zam\u011bstnanc\u016f a c\u00edl\u016f, kter\u00e9 cht\u011bj\u00ed dos\u00e1hnout. Vyu\u017eit\u00ed specializovan\u00fdch program\u016f m\u016f\u017ee v\u00fdrazn\u011b zlep\u0161it celkovou \u00farove\u0148 znalost\u00ed.<\/p>\n<p><em>P\u0159i pl\u00e1nov\u00e1n\u00ed \u0161kolen\u00ed je kl\u00ed\u010dov\u00e9 zohlednit individu\u00e1ln\u00ed prvky firemn\u00edch proces\u016f.<\/em> D\u00edky tomu se podstatn\u011b zv\u00fd\u0161\u00ed ochota zam\u011bstnanc\u016f u\u010dit se a aplikovat z\u00edskan\u00e9 znalosti v praxi. V dne\u0161n\u00ed dob\u011b nab\u00edz\u00ed nap\u0159\u00edklad <a href=\"https:\/\/czeducoo.com\/\">https:\/\/czeducoo.com\/<\/a> \u0161irok\u00e9 spektrum mo\u017enost\u00ed pro personalizaci \u0161kolen\u00ed tak, aby odpov\u00eddalo konkr\u00e9tn\u00edm pot\u0159eb\u00e1m v\u00fdroby a pracovn\u00edk\u016f.<\/p>\n<p>V kone\u010dn\u00e9m d\u016fsledku je d\u016fle\u017eit\u00e9, aby organizace dbaly na neust\u00e1l\u00e9 zlep\u0161ov\u00e1n\u00ed a p\u0159izp\u016fsoben\u00ed vzd\u011bl\u00e1vac\u00edch program\u016f, co\u017e p\u0159in\u00e1\u0161\u00ed v\u00fdhody nejen jednotlivc\u016fm, ale i cel\u00fdm t\u00fdm\u016fm.<\/p>\n<h2>Customizace v\u00fdukov\u00fdch program\u016f pro v\u00fdrobn\u00ed sektory<\/h2>\n<p>Kl\u00ed\u010dov\u00fdm krokem v procesu \u0161kolen\u00ed je individu\u00e1ln\u00ed \u00faprava, kter\u00e1 zohled\u0148uje specifick\u00e9 v\u00fdzvy v odv\u011btv\u00edch se zam\u011b\u0159en\u00edm na v\u00fdrobu. C\u00edlen\u00e9 konzultace s odborn\u00edky pomohou odhalit nezbytn\u00e9 dovednosti a znalosti.<\/p>\n<p>S vyu\u017eit\u00edm modern\u00edch technologi\u00ed dok\u00e1\u017ee syst\u00e9m p\u0159izp\u016fsobit obsah podle preferenc\u00ed a pot\u0159eb jednotliv\u00fdch firem. T\u00edm se zaji\u0161\u0165uje maxim\u00e1ln\u00ed relevanci ka\u017ed\u00e9ho modulu v r\u00e1mci vzd\u011bl\u00e1vac\u00edho procesu.<\/p>\n<p\/>\n<table>\n<tbody>\n<tr>\n<th>Modul<\/th>\n<th>Doba trv\u00e1n\u00ed<\/th>\n<th>P\u0159edm\u011bt<\/th>\n<\/tr>\n<tr>\n<td>\u00davod do v\u00fdrobn\u00edch proces\u016f<\/td>\n<td>2 hodiny<\/td>\n<td>Teoretick\u00fd z\u00e1klad<\/td>\n<\/tr>\n<tr>\n<td>\u0158\u00edzen\u00ed kvality<\/td>\n<td>3 hodiny<\/td>\n<td>Odborn\u00e9 dovednosti<\/td>\n<\/tr>\n<tr>\n<td>Pokro\u010dil\u00e9 technologie ve v\u00fdrob\u011b<\/td>\n<td>5 hodin<\/td>\n<td>Praktick\u00e9 zku\u0161enosti<\/td>\n<\/tr>\n<\/tbody>\n<\/table>\n<p>Anal\u00fdza po\u017eadavk\u016f ve v\u00fdrob\u011b umo\u017e\u0148uje detailn\u00ed n\u00e1vrh vzd\u011bl\u00e1vac\u00edch materi\u00e1l\u016f, kter\u00e9 podporuj\u00ed efektivn\u00ed rozvoj zam\u011bstnanc\u016f. Specializovan\u00e9 \u0161kolen\u00ed zlep\u0161uje schopnost t\u00fdmu reagovat na aktu\u00e1ln\u00ed pot\u0159eby trhu.<\/p>\n<p>V r\u00e1mci spolupr\u00e1ce s odborn\u00edky se zji\u0161\u0165uj\u00ed mezery v znalostech. Tento p\u0159\u00edstup p\u0159isp\u00edv\u00e1 k inovativn\u00edm \u0159e\u0161en\u00edm, kter\u00e1 se prom\u00edtaj\u00ed p\u0159\u00edmo do ka\u017edodenn\u00edho chodu firem.<\/p>\n<p>Flexibiln\u00ed p\u0159\u00edstup k v\u00fdukov\u00fdm metod\u00e1m zaji\u0161\u0165uje, \u017ee \u00fa\u010dastn\u00edci kurz\u016f z\u00edsk\u00e1vaj\u00ed relevantn\u00ed informace p\u0159\u00edmo aplikovateln\u00e9 v jejich pracovn\u00edm prost\u0159ed\u00ed. Zam\u011b\u0159en\u00ed na customizaci pro v\u00fdrobn\u00ed procesy d\u00e1v\u00e1 v\u00fdhodu pom\u011brn\u011b rychle.<\/p>\n<p>P\u0159izp\u016fsoben\u00e1 \u0161kolen\u00ed se ukazuj\u00ed jako efektivn\u00ed zp\u016fsob, jak pos\u00edlit schopnosti pracovn\u00edk\u016f a optimalizovat v\u00fdrobn\u00ed cykly. Takov\u00e9 p\u0159\u00edstupy nejen zvy\u0161uj\u00ed kompetence, ale tak\u00e9 motivaci zam\u011bstnanc\u016f.<\/p>\n<h2>Vytv\u00e1\u0159en\u00ed obsahu na z\u00e1klad\u011b anal\u00fdzy pot\u0159eb firmy<\/h2>\n<p><strong>Konzultace<\/strong> se specialisty pom\u00e1h\u00e1 odhalit kl\u00ed\u010dov\u00e9 aspekty, kter\u00e9 ovliv\u0148uj\u00ed <em>v\u00fdrobn\u00ed procesy<\/em>. Vytvo\u0159en\u00ed p\u0159izp\u016fsoben\u00fdch \u0159e\u0161en\u00ed vych\u00e1z\u00ed z d\u016fkladn\u00e9ho posouzen\u00ed aktu\u00e1ln\u00edch trend\u016f a konkr\u00e9tn\u00edch po\u017eadavk\u016f firmy. T\u00edmto zp\u016fsobem lze efektivn\u011b adresovat specifick\u00e9 v\u00fdzvy, s nimi\u017e se v\u00fdrobn\u00ed sf\u00e9ra pot\u00fdk\u00e1.<\/p>\n<p>Aby bylo mo\u017en\u00e9 zajistit odpov\u00eddaj\u00edc\u00ed <strong>customizace<\/strong>, je d\u016fle\u017eit\u00e9 analyzovat celkovou produktivitu a odhalit slab\u00e1 m\u00edsta. V r\u00e1mci takov\u00e9ho hodnocen\u00ed se rovn\u011b\u017e posuzuje odbornost pracovn\u00edk\u016f, kte\u0159\u00ed se pod\u00edlej\u00ed na v\u00fdrob\u011b. Optimalizace t\u011bchto proces\u016f m\u016f\u017ee drasti\u010dn\u011b ovlivnit v\u00fdsledky.<\/p>\n<p>Aplikace t\u00e9to metodologie vede k lep\u0161\u00ed koordinaci ve skupin\u011b a zvy\u0161uje v\u00fdkon organizace. V\u00fdsledkem je vysoce kvalitn\u00ed produkt, kter\u00fd spl\u0148uje o\u010dek\u00e1v\u00e1n\u00ed z\u00e1kazn\u00edk\u016f a p\u0159isp\u00edv\u00e1 k dlouhodob\u00e9 udr\u017eitelnosti <em>v\u00fdroby<\/em>.<\/p>\n<h2>Praktick\u00e9 metody zac\u00edl\u011bn\u00ed na jednotliv\u00e9 pozice<\/h2>\n<p>Vytvo\u0159en\u00ed personalizovan\u00fdch \u0161kolen\u00ed vy\u017eaduje zohledn\u011bn\u00ed odbornosti zam\u011bstnanc\u016f a specifik v\u00fdrobn\u00edch proces\u016f. Prvn\u00ed metodou je anal\u00fdza st\u00e1vaj\u00edc\u00edch kompetenc\u00ed. Umo\u017e\u0148uje identifikovat, kde se jednotlivci nach\u00e1zej\u00ed, a jak\u00e9 dovednosti pot\u0159ebuj\u00ed k dosa\u017een\u00ed c\u00edl\u016f firmy. T\u00edmto zp\u016fsobem se \u0161kolen\u00ed l\u00e9pe p\u0159izp\u016fsobuje firemn\u00edm pot\u0159eb\u00e1m a zam\u011b\u0159uje se na oblasti, kter\u00e9 vy\u017eaduj\u00ed rozvoj.<\/p>\n<p>Dal\u0161\u00ed efektivn\u00ed p\u0159\u00edstup spo\u010d\u00edv\u00e1 v customizaci vzd\u011bl\u00e1vac\u00edch modul\u016f. Pou\u017eit\u00ed p\u0159\u00edpadov\u00fdch studi\u00ed nebo simulac\u00ed z re\u00e1ln\u00e9ho v\u00fdrobn\u00edho prost\u0159ed\u00ed zvy\u0161uje anga\u017eovanost \u00fa\u010dastn\u00edk\u016f. T\u00edm se podporuje praktick\u00e9 u\u010den\u00ed a usnad\u0148uje rychlej\u0161\u00ed aplikace nov\u011b z\u00edskan\u00fdch dovednost\u00ed v r\u00e1mci pracovn\u00edho procesu.<\/p>\n<h2>Ot\u00e1zky a odpov\u011bdi: <\/h2>\n<h4>Jak\u00fdm zp\u016fsobem Educoo p\u0159izp\u016fsobuje obsah pro specifick\u00e9 pot\u0159eby v\u00fdroby?<\/h4>\n<p>Educoo p\u0159izp\u016fsobuje sv\u016fj obsah t\u00edm, \u017ee analyzuje konkr\u00e9tn\u00ed po\u017eadavky a c\u00edle v\u00fdrobn\u00edch firem. To zahrnuje spolupr\u00e1ci s odborn\u00edky z dan\u00e9 oblasti, aby se zajistilo, \u017ee materi\u00e1ly p\u0159esn\u011b reflektuj\u00ed technick\u00e9 a praktick\u00e9 pot\u0159eby. Obsah m\u016f\u017ee b\u00fdt p\u0159izp\u016fsoben formou praktick\u00fdch \u0161kolen\u00ed, simulac\u00ed nebo p\u0159\u00edpadov\u00fdch studi\u00ed, kter\u00e9 jsou relevantn\u00ed pro konkr\u00e9tn\u00ed v\u00fdrobn\u00ed procesy.<\/p>\n<h4>Jak\u00e9 v\u00fdhody p\u0159in\u00e1\u0161\u00ed p\u0159izp\u016fsoben\u00e9 \u0161kolen\u00ed od Educoo?<\/h4>\n<p>P\u0159izp\u016fsoben\u00e9 \u0161kolen\u00ed od Educoo zaji\u0161\u0165uje, \u017ee zam\u011bstnanci dost\u00e1vaj\u00ed informace a dovednosti, kter\u00e9 jsou pro jejich pr\u00e1ci nejd\u016fle\u017eit\u011bj\u0161\u00ed. Takov\u00fd p\u0159\u00edstup zvy\u0161uje motivaci lid\u00ed, proto\u017ee \u0161kolen\u00ed je relevantn\u00ed a okam\u017eit\u011b aplikovateln\u00e9 v jejich pracovn\u00edm prost\u0159ed\u00ed. T\u00edm se tak\u00e9 zkracuje doba pot\u0159ebn\u00e1 k zau\u010den\u00ed a zvy\u0161uje se produktivita t\u00fdmu.<\/p>\n<h4>Jak Educoo zaji\u0161\u0165uje kvalitu obsahu sv\u00e9ho \u0161kolen\u00ed?<\/h4>\n<p>Educoo zaji\u0161\u0165uje kvalitu obsahu prost\u0159ednictv\u00edm detailn\u00edho procesu revize a zp\u011btn\u00e9 vazby od u\u017eivatel\u016f. Vstupuj\u00ed zde odborn\u00edci, kte\u0159\u00ed maj\u00ed dlouholet\u00e9 zku\u0161enosti v dan\u00e9m oboru, tak\u017ee \u0161kolen\u00ed odpov\u00edd\u00e1 nejnov\u011bj\u0161\u00edm standard\u016fm a trend\u016fm. Tak\u00e9 prov\u00e1d\u00ed pravidelnou aktualizaci obsahu, aby reflektoval v\u0161e nov\u00e9 v pr\u016fmyslu.<\/p>\n<h4>Jak se Educoo p\u0159izp\u016fsobuje r\u016fzn\u00fdm \u00farovn\u00edm znalost\u00ed zam\u011bstnanc\u016f?<\/h4>\n<p>Educoo p\u0159izp\u016fsobuje \u0161kolen\u00ed r\u016fzn\u00fdm \u00farovn\u00edm znalost\u00ed t\u00edm, \u017ee nab\u00edz\u00ed r\u016fzn\u00e9 moduly a \u00farovn\u011b obt\u00ed\u017enosti. Zam\u011bstnanci mohou za\u010d\u00edt se z\u00e1kladn\u00edmi kurzy a postoupit k pokro\u010dil\u00fdm t\u00e9mat\u016fm podle sv\u00fdch individu\u00e1ln\u00edch pot\u0159eb a tempa u\u010den\u00ed. T\u00edmto zp\u016fsobem se ka\u017ed\u00fd m\u016f\u017ee rozv\u00edjet sv\u00fdm vlastn\u00edm tempem a dos\u00e1hnout tak optim\u00e1ln\u00edch v\u00fdsledk\u016f.<\/p>","protected":false},"excerpt":{"rendered":"<p>Prvn\u00edm krokem k \u00fasp\u011b\u0161n\u00e9 customizaci \u0161kolen\u00ed je pochopen\u00ed po\u017eadavk\u016f na odbornost a specifika v\u00fdrobn\u00edch proces\u016f. Organizace by m\u011bly investovat \u010das do anal\u00fdzy pot\u0159eb sv\u00fdch zam\u011bstnanc\u016f a c\u00edl\u016f, kter\u00e9 cht\u011bj\u00ed dos\u00e1hnout. Vyu\u017eit\u00ed specializovan\u00fdch program\u016f m\u016f\u017ee v\u00fdrazn\u011b zlep\u0161it celkovou \u00farove\u0148 znalost\u00ed. P\u0159i pl\u00e1nov\u00e1n\u00ed \u0161kolen\u00ed je kl\u00ed\u010dov\u00e9 zohlednit individu\u00e1ln\u00ed prvky firemn\u00edch proces\u016f. D\u00edky tomu se podstatn\u011b zv\u00fd\u0161\u00ed ochota [&hellip;]<\/p>\n","protected":false},"author":2,"featured_media":0,"comment_status":"closed","ping_status":"","sticky":false,"template":"","format":"standard","meta":{"_et_pb_use_builder":"","_et_pb_old_content":"","_et_gb_content_width":"","inline_featured_image":false,"footnotes":""},"categories":[15],"tags":[],"class_list":["post-11486","post","type-post","status-publish","format-standard","hentry","category-en"],"yoast_head":"<!-- This site is optimized with the Yoast SEO plugin v26.8 - https:\/\/yoast.com\/product\/yoast-seo-wordpress\/ -->\n<title>\u0160kolen\u00ed na m\u00edru s Educoo p\u0159izp\u016fsoben\u00e9 specifick\u00fdm pot\u0159eb\u00e1m v\u00fdroby - Yvie<\/title>\n<meta name=\"robots\" content=\"index, follow, max-snippet:-1, max-image-preview:large, max-video-preview:-1\" \/>\n<link rel=\"canonical\" href=\"https:\/\/yvie.com\/nl\/skoleni-na-miru-s-educoo-prizpusobene-specifickym-potrebam-vyroby\/\" \/>\n<meta property=\"og:locale\" content=\"nl_NL\" \/>\n<meta property=\"og:type\" content=\"article\" \/>\n<meta property=\"og:title\" content=\"\u0160kolen\u00ed na m\u00edru s Educoo p\u0159izp\u016fsoben\u00e9 specifick\u00fdm pot\u0159eb\u00e1m v\u00fdroby - Yvie\" \/>\n<meta property=\"og:description\" content=\"Prvn\u00edm krokem k \u00fasp\u011b\u0161n\u00e9 customizaci \u0161kolen\u00ed je pochopen\u00ed po\u017eadavk\u016f na odbornost a specifika v\u00fdrobn\u00edch proces\u016f. Organizace by m\u011bly investovat \u010das do anal\u00fdzy pot\u0159eb sv\u00fdch zam\u011bstnanc\u016f a c\u00edl\u016f, kter\u00e9 cht\u011bj\u00ed dos\u00e1hnout. Vyu\u017eit\u00ed specializovan\u00fdch program\u016f m\u016f\u017ee v\u00fdrazn\u011b zlep\u0161it celkovou \u00farove\u0148 znalost\u00ed. P\u0159i pl\u00e1nov\u00e1n\u00ed \u0161kolen\u00ed je kl\u00ed\u010dov\u00e9 zohlednit individu\u00e1ln\u00ed prvky firemn\u00edch proces\u016f. D\u00edky tomu se podstatn\u011b zv\u00fd\u0161\u00ed ochota [&hellip;]\" \/>\n<meta property=\"og:url\" content=\"https:\/\/yvie.com\/nl\/skoleni-na-miru-s-educoo-prizpusobene-specifickym-potrebam-vyroby\/\" \/>\n<meta property=\"og:site_name\" content=\"Yvie\" \/>\n<meta property=\"article:published_time\" content=\"2025-08-14T00:04:12+00:00\" \/>\n<meta property=\"article:modified_time\" content=\"2026-03-02T10:31:42+00:00\" \/>\n<meta name=\"author\" content=\"Elles de Bruin-Rook\" \/>\n<meta name=\"twitter:card\" content=\"summary_large_image\" \/>\n<meta name=\"twitter:label1\" content=\"Geschreven door\" \/>\n\t<meta name=\"twitter:data1\" content=\"Elles de Bruin-Rook\" \/>\n\t<meta name=\"twitter:label2\" content=\"Geschatte leestijd\" \/>\n\t<meta name=\"twitter:data2\" content=\"5 minuten\" \/>\n<script type=\"application\/ld+json\" class=\"yoast-schema-graph\">{\"@context\":\"https:\/\/schema.org\",\"@graph\":[{\"@type\":\"Article\",\"@id\":\"https:\/\/yvie.com\/skoleni-na-miru-s-educoo-prizpusobene-specifickym-potrebam-vyroby\/#article\",\"isPartOf\":{\"@id\":\"https:\/\/yvie.com\/skoleni-na-miru-s-educoo-prizpusobene-specifickym-potrebam-vyroby\/\"},\"author\":{\"name\":\"Elles de Bruin-Rook\",\"@id\":\"https:\/\/yvie.com\/#\/schema\/person\/adc35d434b1bd4fc9a1645968e48cfae\"},\"headline\":\"\u0160kolen\u00ed na m\u00edru s Educoo p\u0159izp\u016fsoben\u00e9 specifick\u00fdm pot\u0159eb\u00e1m v\u00fdroby\",\"datePublished\":\"2025-08-14T00:04:12+00:00\",\"dateModified\":\"2026-03-02T10:31:42+00:00\",\"mainEntityOfPage\":{\"@id\":\"https:\/\/yvie.com\/skoleni-na-miru-s-educoo-prizpusobene-specifickym-potrebam-vyroby\/\"},\"wordCount\":1096,\"articleSection\":[\"EN\"],\"inLanguage\":\"nl-NL\"},{\"@type\":\"WebPage\",\"@id\":\"https:\/\/yvie.com\/skoleni-na-miru-s-educoo-prizpusobene-specifickym-potrebam-vyroby\/\",\"url\":\"https:\/\/yvie.com\/skoleni-na-miru-s-educoo-prizpusobene-specifickym-potrebam-vyroby\/\",\"name\":\"\u0160kolen\u00ed na m\u00edru s Educoo p\u0159izp\u016fsoben\u00e9 specifick\u00fdm pot\u0159eb\u00e1m v\u00fdroby - Yvie\",\"isPartOf\":{\"@id\":\"https:\/\/yvie.com\/#website\"},\"datePublished\":\"2025-08-14T00:04:12+00:00\",\"dateModified\":\"2026-03-02T10:31:42+00:00\",\"author\":{\"@id\":\"https:\/\/yvie.com\/#\/schema\/person\/adc35d434b1bd4fc9a1645968e48cfae\"},\"breadcrumb\":{\"@id\":\"https:\/\/yvie.com\/skoleni-na-miru-s-educoo-prizpusobene-specifickym-potrebam-vyroby\/#breadcrumb\"},\"inLanguage\":\"nl-NL\",\"potentialAction\":[{\"@type\":\"ReadAction\",\"target\":[\"https:\/\/yvie.com\/skoleni-na-miru-s-educoo-prizpusobene-specifickym-potrebam-vyroby\/\"]}]},{\"@type\":\"BreadcrumbList\",\"@id\":\"https:\/\/yvie.com\/skoleni-na-miru-s-educoo-prizpusobene-specifickym-potrebam-vyroby\/#breadcrumb\",\"itemListElement\":[{\"@type\":\"ListItem\",\"position\":1,\"name\":\"Home\",\"item\":\"https:\/\/yvie.com\/\"},{\"@type\":\"ListItem\",\"position\":2,\"name\":\"\u0160kolen\u00ed na m\u00edru s Educoo p\u0159izp\u016fsoben\u00e9 specifick\u00fdm pot\u0159eb\u00e1m v\u00fdroby\"}]},{\"@type\":\"WebSite\",\"@id\":\"https:\/\/yvie.com\/#website\",\"url\":\"https:\/\/yvie.com\/\",\"name\":\"Yvie\",\"description\":\"\",\"potentialAction\":[{\"@type\":\"SearchAction\",\"target\":{\"@type\":\"EntryPoint\",\"urlTemplate\":\"https:\/\/yvie.com\/?s={search_term_string}\"},\"query-input\":{\"@type\":\"PropertyValueSpecification\",\"valueRequired\":true,\"valueName\":\"search_term_string\"}}],\"inLanguage\":\"nl-NL\"},{\"@type\":\"Person\",\"@id\":\"https:\/\/yvie.com\/#\/schema\/person\/adc35d434b1bd4fc9a1645968e48cfae\",\"name\":\"Elles de Bruin-Rook\",\"url\":\"https:\/\/yvie.com\/nl\/author\/elles\/\"}]}<\/script>\n<!-- \/ Yoast SEO plugin. -->","yoast_head_json":{"title":"\u0160kolen\u00ed na m\u00edru s Educoo p\u0159izp\u016fsoben\u00e9 specifick\u00fdm pot\u0159eb\u00e1m v\u00fdroby - Yvie","robots":{"index":"index","follow":"follow","max-snippet":"max-snippet:-1","max-image-preview":"max-image-preview:large","max-video-preview":"max-video-preview:-1"},"canonical":"https:\/\/yvie.com\/nl\/skoleni-na-miru-s-educoo-prizpusobene-specifickym-potrebam-vyroby\/","og_locale":"nl_NL","og_type":"article","og_title":"\u0160kolen\u00ed na m\u00edru s Educoo p\u0159izp\u016fsoben\u00e9 specifick\u00fdm pot\u0159eb\u00e1m v\u00fdroby - Yvie","og_description":"Prvn\u00edm krokem k \u00fasp\u011b\u0161n\u00e9 customizaci \u0161kolen\u00ed je pochopen\u00ed po\u017eadavk\u016f na odbornost a specifika v\u00fdrobn\u00edch proces\u016f. Organizace by m\u011bly investovat \u010das do anal\u00fdzy pot\u0159eb sv\u00fdch zam\u011bstnanc\u016f a c\u00edl\u016f, kter\u00e9 cht\u011bj\u00ed dos\u00e1hnout. Vyu\u017eit\u00ed specializovan\u00fdch program\u016f m\u016f\u017ee v\u00fdrazn\u011b zlep\u0161it celkovou \u00farove\u0148 znalost\u00ed. P\u0159i pl\u00e1nov\u00e1n\u00ed \u0161kolen\u00ed je kl\u00ed\u010dov\u00e9 zohlednit individu\u00e1ln\u00ed prvky firemn\u00edch proces\u016f. D\u00edky tomu se podstatn\u011b zv\u00fd\u0161\u00ed ochota [&hellip;]","og_url":"https:\/\/yvie.com\/nl\/skoleni-na-miru-s-educoo-prizpusobene-specifickym-potrebam-vyroby\/","og_site_name":"Yvie","article_published_time":"2025-08-14T00:04:12+00:00","article_modified_time":"2026-03-02T10:31:42+00:00","author":"Elles de Bruin-Rook","twitter_card":"summary_large_image","twitter_misc":{"Geschreven door":"Elles de Bruin-Rook","Geschatte leestijd":"5 minuten"},"schema":{"@context":"https:\/\/schema.org","@graph":[{"@type":"Article","@id":"https:\/\/yvie.com\/skoleni-na-miru-s-educoo-prizpusobene-specifickym-potrebam-vyroby\/#article","isPartOf":{"@id":"https:\/\/yvie.com\/skoleni-na-miru-s-educoo-prizpusobene-specifickym-potrebam-vyroby\/"},"author":{"name":"Elles de Bruin-Rook","@id":"https:\/\/yvie.com\/#\/schema\/person\/adc35d434b1bd4fc9a1645968e48cfae"},"headline":"\u0160kolen\u00ed na m\u00edru s Educoo p\u0159izp\u016fsoben\u00e9 specifick\u00fdm pot\u0159eb\u00e1m v\u00fdroby","datePublished":"2025-08-14T00:04:12+00:00","dateModified":"2026-03-02T10:31:42+00:00","mainEntityOfPage":{"@id":"https:\/\/yvie.com\/skoleni-na-miru-s-educoo-prizpusobene-specifickym-potrebam-vyroby\/"},"wordCount":1096,"articleSection":["EN"],"inLanguage":"nl-NL"},{"@type":"WebPage","@id":"https:\/\/yvie.com\/skoleni-na-miru-s-educoo-prizpusobene-specifickym-potrebam-vyroby\/","url":"https:\/\/yvie.com\/skoleni-na-miru-s-educoo-prizpusobene-specifickym-potrebam-vyroby\/","name":"\u0160kolen\u00ed na m\u00edru s Educoo p\u0159izp\u016fsoben\u00e9 specifick\u00fdm pot\u0159eb\u00e1m v\u00fdroby - Yvie","isPartOf":{"@id":"https:\/\/yvie.com\/#website"},"datePublished":"2025-08-14T00:04:12+00:00","dateModified":"2026-03-02T10:31:42+00:00","author":{"@id":"https:\/\/yvie.com\/#\/schema\/person\/adc35d434b1bd4fc9a1645968e48cfae"},"breadcrumb":{"@id":"https:\/\/yvie.com\/skoleni-na-miru-s-educoo-prizpusobene-specifickym-potrebam-vyroby\/#breadcrumb"},"inLanguage":"nl-NL","potentialAction":[{"@type":"ReadAction","target":["https:\/\/yvie.com\/skoleni-na-miru-s-educoo-prizpusobene-specifickym-potrebam-vyroby\/"]}]},{"@type":"BreadcrumbList","@id":"https:\/\/yvie.com\/skoleni-na-miru-s-educoo-prizpusobene-specifickym-potrebam-vyroby\/#breadcrumb","itemListElement":[{"@type":"ListItem","position":1,"name":"Home","item":"https:\/\/yvie.com\/"},{"@type":"ListItem","position":2,"name":"\u0160kolen\u00ed na m\u00edru s Educoo p\u0159izp\u016fsoben\u00e9 specifick\u00fdm pot\u0159eb\u00e1m v\u00fdroby"}]},{"@type":"WebSite","@id":"https:\/\/yvie.com\/#website","url":"https:\/\/yvie.com\/","name":"Yvie","description":"","potentialAction":[{"@type":"SearchAction","target":{"@type":"EntryPoint","urlTemplate":"https:\/\/yvie.com\/?s={search_term_string}"},"query-input":{"@type":"PropertyValueSpecification","valueRequired":true,"valueName":"search_term_string"}}],"inLanguage":"nl-NL"},{"@type":"Person","@id":"https:\/\/yvie.com\/#\/schema\/person\/adc35d434b1bd4fc9a1645968e48cfae","name":"Elles de Bruin-Rook","url":"https:\/\/yvie.com\/nl\/author\/elles\/"}]}},"_links":{"self":[{"href":"https:\/\/yvie.com\/nl\/wp-json\/wp\/v2\/posts\/11486","targetHints":{"allow":["GET"]}}],"collection":[{"href":"https:\/\/yvie.com\/nl\/wp-json\/wp\/v2\/posts"}],"about":[{"href":"https:\/\/yvie.com\/nl\/wp-json\/wp\/v2\/types\/post"}],"author":[{"embeddable":true,"href":"https:\/\/yvie.com\/nl\/wp-json\/wp\/v2\/users\/2"}],"replies":[{"embeddable":true,"href":"https:\/\/yvie.com\/nl\/wp-json\/wp\/v2\/comments?post=11486"}],"version-history":[{"count":1,"href":"https:\/\/yvie.com\/nl\/wp-json\/wp\/v2\/posts\/11486\/revisions"}],"predecessor-version":[{"id":11487,"href":"https:\/\/yvie.com\/nl\/wp-json\/wp\/v2\/posts\/11486\/revisions\/11487"}],"wp:attachment":[{"href":"https:\/\/yvie.com\/nl\/wp-json\/wp\/v2\/media?parent=11486"}],"wp:term":[{"taxonomy":"category","embeddable":true,"href":"https:\/\/yvie.com\/nl\/wp-json\/wp\/v2\/categories?post=11486"},{"taxonomy":"post_tag","embeddable":true,"href":"https:\/\/yvie.com\/nl\/wp-json\/wp\/v2\/tags?post=11486"}],"curies":[{"name":"wp","href":"https:\/\/api.w.org\/{rel}","templated":true}]}}