{"id":11502,"date":"2025-10-06T06:49:36","date_gmt":"2025-10-06T06:49:36","guid":{"rendered":"https:\/\/yvie.com\/?p=11502"},"modified":"2026-03-02T10:35:20","modified_gmt":"2026-03-02T10:35:20","slug":"visuelle-kommunikation-und-politische-propaganda-im-fokus","status":"publish","type":"post","link":"https:\/\/yvie.com\/nl\/visuelle-kommunikation-und-politische-propaganda-im-fokus\/","title":{"rendered":"Visuelle Kommunikation und politische Propaganda im Fokus"},"content":{"rendered":"<h2>Einf\u00fchrung in die visuelle Kommunikation und politische Propaganda<\/h2>\n<p>Die visuelle Kommunikation spielt eine entscheidende Rolle in der politischen Propaganda, insbesondere in Bezug auf die Informationsstrategien, die von Regierungen und politischen Akteuren genutzt werden. Historische Kontexte, wie die Zeit der DDR, verdeutlichen, wie Medien und Bildanalyse eingesetzt wurden, um Machtstrukturen zu festigen und gesellschaftliche Kritik zu unterdr\u00fccken.<\/p>\n<p>Im Kommunikationsdesign wird oft darauf geachtet, wie Bilder und Symbole manipuliert werden, um Botschaften zu vermitteln, die das Publikum emotional ansprechen. Oftmals geschieht dies subtil, sodass die Grenzen zwischen Information und Manipulation verwischen.<\/p>\n<p>In einer Welt, in der visuelle Eindr\u00fccke dominieren, ist es unerl\u00e4sslich, kritisch mit den dargestellten Inhalten umzugehen. Die F\u00e4higkeit zur Bildanalyse erm\u00f6glicht es den B\u00fcrgern, die Absichten hinter der <a href=\"https:\/\/ddr-bilder.de\/\">https:\/\/ddr-bilder.de\/<\/a> zu hinterfragen und informierte Meinungen zu bilden. Dabei sollte das Ziel sein, ein tieferes Verst\u00e4ndnis f\u00fcr die Mechanismen zu entwickeln, die unsere Wahrnehmung der Realit\u00e4t beeinflussen.<\/p>\n<h2>Historische Kontexte der politischen Propaganda in der DDR<\/h2>\n<p>Die politische Propaganda in der DDR war ein machtvolles Werkzeug zur Gestaltung des \u00f6ffentlichen Bewusstseins und zur Stabilisierung der sozialistischen Machtstrukturen. Die visuelle Kommunikation stellte eine zentrale Rolle in den Informationsstrategien der Regierung dar. Durch sorgf\u00e4ltig konzipierte Bildanalyse und gezielte Bildsprache wurden gesellschaftliche Normen gefestigt und Kritik an den gesellschaftlichen Verh\u00e4ltnissen vermieden.<\/p>\n<p>Ein pr\u00e4gnantes Beispiel f\u00fcr die politische Propaganda ist die Nutzung von Plakaten, die nicht nur zur Informationsverbreitung dienten, sondern auch als Instrument der Mobilisierung. Diese Plakate vermittellten Botschaften, die den sozialistischen Lebensstil glorifizierten und gleichzeitig soziale Spannungen in der Gesellschaft negierten. Die st\u00e4ndige Pr\u00e4senz der Propaganda in den Medien schuf ein Klima, in dem ideologische Konformit\u00e4t das Bild der DDR pr\u00e4gte.<\/p>\n<p>Eine wichtige Erkenntnis ist, dass das Kommunikationsdesign in der DDR tief verwurzelt war in den historischen Kontexten der Nachkriegszeit. Nach dem Zweiten Weltkrieg war die Notwendigkeit der politischen Stabilit\u00e4t und der gesellschaftlichen Einigung essenziell, um eine widerstandsf\u00e4hige sozialistische Gesellschaft zu formen. Dies f\u00fchrte zu einer Propaganda, die nicht nur Informationen vermittelte, sondern auch gesellschaftliche Kritik unterdr\u00fcckte und die Loyalit\u00e4t zur Regierung verst\u00e4rkte.<\/p>\n<p>Zusammenfassend l\u00e4sst sich sagen, dass die politische Propaganda der DDR ein komplexes Zusammenspiel von visueller Kommunikation, Machtstrukturen und gesellschaftlicher Wahrnehmung darstellt. Diese Elemente sind entscheidend, um die Funktionsweise der Propaganda und deren Auswirkungen auf die Bev\u00f6lkerung zu verstehen.<\/p>\n<h2>Analyse von Machtstrukturen durch visuelle Kommunikation<\/h2>\n<p>Die visuelle Kommunikation spielt eine entscheidende Rolle bei der Analyse von Machtstrukturen, insbesondere in historischen Kontexten wie der DDR. Politische Propaganda nutzte Bilder und Medien strategisch, um die \u00f6ffentliche Wahrnehmung zu beeinflussen und bestimmte Narrative zu f\u00f6rdern. Diese Informationsstrategien k\u00f6nnen durch Bildanalyse entschl\u00fcsselt werden, wodurch wir die Mechanismen der Machtaus\u00fcbung besser verstehen.<\/p>\n<p>Ein Beispiel hierf\u00fcr ist die Kunst der DDR, die oft Bilder von Idealbildern des sozialistischen Lebens zeigte. Diese bildlichen Darstellungen wurden verwendet, um Gesellschaftskritik zu minimieren und die Kontrolle \u00fcber die Wahrnehmung der Bev\u00f6lkerung zu sichern. Solche Kommunikationsdesign-Strategien manifestieren sich auch in zeitgen\u00f6ssischen Medien, wo visuelle Elemente weiterhin eine zentrale Rolle im politischen Diskurs spielen.<\/p>\n<p>Durch die Entschl\u00fcsselung dieser Bilder k\u00f6nnen wir die zugrunde liegenden Machtstrukturen sichtbar machen und ihre Wirkung auf die Gesellschaft analysieren. Die Verbindung zwischen visueller Kommunikation und Macht offenbart, wie Geschichte und Ideologie in der Gestaltung von Bildern verwoben sind.<\/p>\n<h2>Informationsstrategien: Medien und Bildanalyse<\/h2>\n<p>In der Analyse von Medien und Bildern zeigen sich oft tiefgreifende Machtstrukturen und politische Propaganda, die unsere Gesellschaft pr\u00e4gen. Insbesondere in der DDR war die visuelle Kommunikation ein zentrales Instrument zur Steuerung \u00f6ffentlicher Wahrnehmung.<\/p>\n<p>Informationsstrategien basieren auf einem geschickten Zusammenspiel von Bild und Text, um historische Kontexte zu vermitteln und Gesellschaftskritik zu \u00fcben. Durch gezielte Bildanalyse k\u00f6nnen wir die Emotionen und Einstellungen der Menschen im Zeitverlauf nachvollziehen.<\/p>\n<p>Kommunikationsdesign spielt hierbei eine entscheidende Rolle, denn die Art und Weise, wie Informationen pr\u00e4sentiert werden, kann Einfluss auf das Verst\u00e4ndnis und die Akzeptanz im \u00f6ffentlichen Raum haben.<\/p>\n<p>Ein effektives Beispiel sind propagandistische Plakate, die sowohl \u00e4sthetisch ansprechend als auch ideologisch motiviert waren, um die gew\u00fcnschten Reaktionen der Bev\u00f6lkerung hervorzurufen.<\/p>\n<h2>Gesellschaftskritik im Kommunikationsdesign<\/h2>\n<p>Gesellschaftskritik im Kommunikationsdesign reflektiert die Machtstrukturen, die durch politische Propaganda und visuelle Kommunikation gepr\u00e4gt sind. Insbesondere in der DDR wurden Informationsstrategien genutzt, um gesellschaftliche Normen zu beeinflussen und zu kontrollieren.<\/p>\n<p>Durch Bildanalyse lassen sich historische Kontexte erkennen, in denen Medien eine zentrale Rolle spielen. Kommunikationsdesign wird somit zum Mittel, um Missst\u00e4nde aufzuzeigen und kritische Diskurse anzusto\u00dfen.<\/p>\n<p>Design kann nicht nur \u00e4sthetisch ansprechend sein, sondern auch eine tiefe gesellschaftliche Botschaft transportieren. Es fordert die Betrachter dazu auf, hinter die Oberfl\u00e4che zu blicken und die zugrunde liegenden Probleme zu erkennen.<\/p>\n<p>In der heutigen Zeit bleibt diese Diskussion relevant, da visuelle Kommunikation weiterhin unsere Wahrnehmung und unser Verst\u00e4ndnis von sozialen Themen pr\u00e4gt.<\/p>","protected":false},"excerpt":{"rendered":"<p>Einf\u00fchrung in die visuelle Kommunikation und politische Propaganda Die visuelle Kommunikation spielt eine entscheidende Rolle in der politischen Propaganda, insbesondere in Bezug auf die Informationsstrategien, die von Regierungen und politischen Akteuren genutzt werden. Historische Kontexte, wie die Zeit der DDR, verdeutlichen, wie Medien und Bildanalyse eingesetzt wurden, um Machtstrukturen zu festigen und gesellschaftliche Kritik zu [&hellip;]<\/p>\n","protected":false},"author":2,"featured_media":0,"comment_status":"closed","ping_status":"","sticky":false,"template":"","format":"standard","meta":{"_et_pb_use_builder":"","_et_pb_old_content":"","_et_gb_content_width":"","inline_featured_image":false,"footnotes":""},"categories":[1],"tags":[],"class_list":["post-11502","post","type-post","status-publish","format-standard","hentry","category-niet-gecategoriseerd"],"yoast_head":"<!-- This site is optimized with the Yoast SEO plugin v26.8 - https:\/\/yoast.com\/product\/yoast-seo-wordpress\/ -->\n<title>Visuelle Kommunikation und politische Propaganda im Fokus - Yvie<\/title>\n<meta name=\"robots\" content=\"index, follow, max-snippet:-1, max-image-preview:large, max-video-preview:-1\" \/>\n<link rel=\"canonical\" href=\"https:\/\/yvie.com\/nl\/visuelle-kommunikation-und-politische-propaganda-im-fokus\/\" \/>\n<meta property=\"og:locale\" content=\"nl_NL\" \/>\n<meta property=\"og:type\" content=\"article\" \/>\n<meta property=\"og:title\" content=\"Visuelle Kommunikation und politische Propaganda im Fokus - Yvie\" \/>\n<meta property=\"og:description\" content=\"Einf\u00fchrung in die visuelle Kommunikation und politische Propaganda Die visuelle Kommunikation spielt eine entscheidende Rolle in der politischen Propaganda, insbesondere in Bezug auf die Informationsstrategien, die von Regierungen und politischen Akteuren genutzt werden. Historische Kontexte, wie die Zeit der DDR, verdeutlichen, wie Medien und Bildanalyse eingesetzt wurden, um Machtstrukturen zu festigen und gesellschaftliche Kritik zu [&hellip;]\" \/>\n<meta property=\"og:url\" content=\"https:\/\/yvie.com\/nl\/visuelle-kommunikation-und-politische-propaganda-im-fokus\/\" \/>\n<meta property=\"og:site_name\" content=\"Yvie\" \/>\n<meta property=\"article:published_time\" content=\"2025-10-06T06:49:36+00:00\" \/>\n<meta property=\"article:modified_time\" content=\"2026-03-02T10:35:20+00:00\" \/>\n<meta name=\"author\" content=\"Elles de Bruin-Rook\" \/>\n<meta name=\"twitter:card\" content=\"summary_large_image\" \/>\n<meta name=\"twitter:label1\" content=\"Geschreven door\" \/>\n\t<meta name=\"twitter:data1\" content=\"Elles de Bruin-Rook\" \/>\n\t<meta name=\"twitter:label2\" content=\"Geschatte leestijd\" \/>\n\t<meta name=\"twitter:data2\" content=\"4 minuten\" \/>\n<script type=\"application\/ld+json\" class=\"yoast-schema-graph\">{\"@context\":\"https:\/\/schema.org\",\"@graph\":[{\"@type\":\"Article\",\"@id\":\"https:\/\/yvie.com\/visuelle-kommunikation-und-politische-propaganda-im-fokus\/#article\",\"isPartOf\":{\"@id\":\"https:\/\/yvie.com\/visuelle-kommunikation-und-politische-propaganda-im-fokus\/\"},\"author\":{\"name\":\"Elles de Bruin-Rook\",\"@id\":\"https:\/\/yvie.com\/#\/schema\/person\/adc35d434b1bd4fc9a1645968e48cfae\"},\"headline\":\"Visuelle Kommunikation und politische Propaganda im Fokus\",\"datePublished\":\"2025-10-06T06:49:36+00:00\",\"dateModified\":\"2026-03-02T10:35:20+00:00\",\"mainEntityOfPage\":{\"@id\":\"https:\/\/yvie.com\/visuelle-kommunikation-und-politische-propaganda-im-fokus\/\"},\"wordCount\":806,\"inLanguage\":\"nl-NL\"},{\"@type\":\"WebPage\",\"@id\":\"https:\/\/yvie.com\/visuelle-kommunikation-und-politische-propaganda-im-fokus\/\",\"url\":\"https:\/\/yvie.com\/visuelle-kommunikation-und-politische-propaganda-im-fokus\/\",\"name\":\"Visuelle Kommunikation und politische Propaganda im Fokus - Yvie\",\"isPartOf\":{\"@id\":\"https:\/\/yvie.com\/#website\"},\"datePublished\":\"2025-10-06T06:49:36+00:00\",\"dateModified\":\"2026-03-02T10:35:20+00:00\",\"author\":{\"@id\":\"https:\/\/yvie.com\/#\/schema\/person\/adc35d434b1bd4fc9a1645968e48cfae\"},\"breadcrumb\":{\"@id\":\"https:\/\/yvie.com\/visuelle-kommunikation-und-politische-propaganda-im-fokus\/#breadcrumb\"},\"inLanguage\":\"nl-NL\",\"potentialAction\":[{\"@type\":\"ReadAction\",\"target\":[\"https:\/\/yvie.com\/visuelle-kommunikation-und-politische-propaganda-im-fokus\/\"]}]},{\"@type\":\"BreadcrumbList\",\"@id\":\"https:\/\/yvie.com\/visuelle-kommunikation-und-politische-propaganda-im-fokus\/#breadcrumb\",\"itemListElement\":[{\"@type\":\"ListItem\",\"position\":1,\"name\":\"Home\",\"item\":\"https:\/\/yvie.com\/\"},{\"@type\":\"ListItem\",\"position\":2,\"name\":\"Visuelle Kommunikation und politische Propaganda im Fokus\"}]},{\"@type\":\"WebSite\",\"@id\":\"https:\/\/yvie.com\/#website\",\"url\":\"https:\/\/yvie.com\/\",\"name\":\"Yvie\",\"description\":\"\",\"potentialAction\":[{\"@type\":\"SearchAction\",\"target\":{\"@type\":\"EntryPoint\",\"urlTemplate\":\"https:\/\/yvie.com\/?s={search_term_string}\"},\"query-input\":{\"@type\":\"PropertyValueSpecification\",\"valueRequired\":true,\"valueName\":\"search_term_string\"}}],\"inLanguage\":\"nl-NL\"},{\"@type\":\"Person\",\"@id\":\"https:\/\/yvie.com\/#\/schema\/person\/adc35d434b1bd4fc9a1645968e48cfae\",\"name\":\"Elles de Bruin-Rook\",\"url\":\"https:\/\/yvie.com\/nl\/author\/elles\/\"}]}<\/script>\n<!-- \/ Yoast SEO plugin. -->","yoast_head_json":{"title":"Visuelle Kommunikation und politische Propaganda im Fokus - Yvie","robots":{"index":"index","follow":"follow","max-snippet":"max-snippet:-1","max-image-preview":"max-image-preview:large","max-video-preview":"max-video-preview:-1"},"canonical":"https:\/\/yvie.com\/nl\/visuelle-kommunikation-und-politische-propaganda-im-fokus\/","og_locale":"nl_NL","og_type":"article","og_title":"Visuelle Kommunikation und politische Propaganda im Fokus - Yvie","og_description":"Einf\u00fchrung in die visuelle Kommunikation und politische Propaganda Die visuelle Kommunikation spielt eine entscheidende Rolle in der politischen Propaganda, insbesondere in Bezug auf die Informationsstrategien, die von Regierungen und politischen Akteuren genutzt werden. Historische Kontexte, wie die Zeit der DDR, verdeutlichen, wie Medien und Bildanalyse eingesetzt wurden, um Machtstrukturen zu festigen und gesellschaftliche Kritik zu [&hellip;]","og_url":"https:\/\/yvie.com\/nl\/visuelle-kommunikation-und-politische-propaganda-im-fokus\/","og_site_name":"Yvie","article_published_time":"2025-10-06T06:49:36+00:00","article_modified_time":"2026-03-02T10:35:20+00:00","author":"Elles de Bruin-Rook","twitter_card":"summary_large_image","twitter_misc":{"Geschreven door":"Elles de Bruin-Rook","Geschatte leestijd":"4 minuten"},"schema":{"@context":"https:\/\/schema.org","@graph":[{"@type":"Article","@id":"https:\/\/yvie.com\/visuelle-kommunikation-und-politische-propaganda-im-fokus\/#article","isPartOf":{"@id":"https:\/\/yvie.com\/visuelle-kommunikation-und-politische-propaganda-im-fokus\/"},"author":{"name":"Elles de Bruin-Rook","@id":"https:\/\/yvie.com\/#\/schema\/person\/adc35d434b1bd4fc9a1645968e48cfae"},"headline":"Visuelle Kommunikation und politische Propaganda im Fokus","datePublished":"2025-10-06T06:49:36+00:00","dateModified":"2026-03-02T10:35:20+00:00","mainEntityOfPage":{"@id":"https:\/\/yvie.com\/visuelle-kommunikation-und-politische-propaganda-im-fokus\/"},"wordCount":806,"inLanguage":"nl-NL"},{"@type":"WebPage","@id":"https:\/\/yvie.com\/visuelle-kommunikation-und-politische-propaganda-im-fokus\/","url":"https:\/\/yvie.com\/visuelle-kommunikation-und-politische-propaganda-im-fokus\/","name":"Visuelle Kommunikation und politische Propaganda im Fokus - Yvie","isPartOf":{"@id":"https:\/\/yvie.com\/#website"},"datePublished":"2025-10-06T06:49:36+00:00","dateModified":"2026-03-02T10:35:20+00:00","author":{"@id":"https:\/\/yvie.com\/#\/schema\/person\/adc35d434b1bd4fc9a1645968e48cfae"},"breadcrumb":{"@id":"https:\/\/yvie.com\/visuelle-kommunikation-und-politische-propaganda-im-fokus\/#breadcrumb"},"inLanguage":"nl-NL","potentialAction":[{"@type":"ReadAction","target":["https:\/\/yvie.com\/visuelle-kommunikation-und-politische-propaganda-im-fokus\/"]}]},{"@type":"BreadcrumbList","@id":"https:\/\/yvie.com\/visuelle-kommunikation-und-politische-propaganda-im-fokus\/#breadcrumb","itemListElement":[{"@type":"ListItem","position":1,"name":"Home","item":"https:\/\/yvie.com\/"},{"@type":"ListItem","position":2,"name":"Visuelle Kommunikation und politische Propaganda im Fokus"}]},{"@type":"WebSite","@id":"https:\/\/yvie.com\/#website","url":"https:\/\/yvie.com\/","name":"Yvie","description":"","potentialAction":[{"@type":"SearchAction","target":{"@type":"EntryPoint","urlTemplate":"https:\/\/yvie.com\/?s={search_term_string}"},"query-input":{"@type":"PropertyValueSpecification","valueRequired":true,"valueName":"search_term_string"}}],"inLanguage":"nl-NL"},{"@type":"Person","@id":"https:\/\/yvie.com\/#\/schema\/person\/adc35d434b1bd4fc9a1645968e48cfae","name":"Elles de Bruin-Rook","url":"https:\/\/yvie.com\/nl\/author\/elles\/"}]}},"_links":{"self":[{"href":"https:\/\/yvie.com\/nl\/wp-json\/wp\/v2\/posts\/11502","targetHints":{"allow":["GET"]}}],"collection":[{"href":"https:\/\/yvie.com\/nl\/wp-json\/wp\/v2\/posts"}],"about":[{"href":"https:\/\/yvie.com\/nl\/wp-json\/wp\/v2\/types\/post"}],"author":[{"embeddable":true,"href":"https:\/\/yvie.com\/nl\/wp-json\/wp\/v2\/users\/2"}],"replies":[{"embeddable":true,"href":"https:\/\/yvie.com\/nl\/wp-json\/wp\/v2\/comments?post=11502"}],"version-history":[{"count":1,"href":"https:\/\/yvie.com\/nl\/wp-json\/wp\/v2\/posts\/11502\/revisions"}],"predecessor-version":[{"id":11503,"href":"https:\/\/yvie.com\/nl\/wp-json\/wp\/v2\/posts\/11502\/revisions\/11503"}],"wp:attachment":[{"href":"https:\/\/yvie.com\/nl\/wp-json\/wp\/v2\/media?parent=11502"}],"wp:term":[{"taxonomy":"category","embeddable":true,"href":"https:\/\/yvie.com\/nl\/wp-json\/wp\/v2\/categories?post=11502"},{"taxonomy":"post_tag","embeddable":true,"href":"https:\/\/yvie.com\/nl\/wp-json\/wp\/v2\/tags?post=11502"}],"curies":[{"name":"wp","href":"https:\/\/api.w.org\/{rel}","templated":true}]}}