{"id":11532,"date":"2025-10-12T22:14:30","date_gmt":"2025-10-12T22:14:30","guid":{"rendered":"https:\/\/yvie.com\/?p=11532"},"modified":"2026-03-02T10:48:15","modified_gmt":"2026-03-02T10:48:15","slug":"solidaritat-bekunden-unsere-reaktionen-auf-den-rechtsruck","status":"publish","type":"post","link":"https:\/\/yvie.com\/nl\/solidaritat-bekunden-unsere-reaktionen-auf-den-rechtsruck\/","title":{"rendered":"Solidarit\u00e4t bekunden: Unsere Reaktionen auf den Rechtsruck"},"content":{"rendered":"<h2>Einf\u00fchrung in die Solidarit\u00e4t: Bedeutung und Notwendigkeit<\/h2>\n<p>Solidarit\u00e4t ist mehr als nur ein Begriff; sie stellt einen unverzichtbaren Pfeiler unserer Gesellschaft dar. In Zeiten wirtschaftlicher Unsicherheit und sozialer Ungerechtigkeit erkennen immer mehr Menschen die Bedeutung von <strong>gegenseitiger Unterst\u00fctzung<\/strong>. Diese Form des beiderseitigen Austauschs st\u00e4rkt nicht nur Einzelpersonen, sondern f\u00f6rdert auch die <strong>kollektive St\u00e4rke<\/strong> innerhalb von Gemeinschaften.<\/p>\n<p>Ein zentrales Element der Solidarit\u00e4t ist die <strong>Bildung von Allianzen<\/strong>. Ob in sozialen Bewegungen oder in der politischen Arena, das Zusammenstehen gegen gemeinsame Herausforderungen schafft ein starkes Fundament f\u00fcr <strong>widerstandsf\u00e4hige<\/strong> Gemeinschaften. Diese Allianzen basieren auf Vertrauen und dem gemeinsamen Ziel, eine positive Ver\u00e4nderung herbeizuf\u00fchren.<\/p>\n<p>Fortbildung spielt ebenfalls eine bedeutende Rolle. Durch den <strong>Austausch<\/strong> von Wissen und Erfahrungen k\u00f6nnen Gemeinschaften nachhaltige Aktionen entwickeln. Diese Aktionen sind entscheidend f\u00fcr die Entwicklung <strong>gemeinsamer Initiativen<\/strong>, die nicht nur kurzfristige L\u00f6sungen bieten, sondern auch langfristige Ver\u00e4nderungen bewirken k\u00f6nnen, w\u00e4hrend sie zugleich die kollektive St\u00e4rke und das Widerstandspotenzial f\u00f6rdern <a href=\"https:\/\/duesseldorf-stellt-sich-quer.com\/\">https:\/\/duesseldorf-stellt-sich-quer.com\/<\/a>.<\/p>\n<p>Strategische Planung ist der Schl\u00fcssel zum Erfolg solcher Initiativen. Indem Menschen zusammenarbeiten, um Ressourcen zu b\u00fcndeln, erh\u00f6hen sie ihre Effektivit\u00e4t, w\u00e4hrend sie gleichzeitig ein Bewusstsein f\u00fcr soziale Fragen schaffen. Dies f\u00f6rdert nicht nur individuelle Verantwortlichkeit, sondern bringt auch eine breitere gesellschaftliche Akzeptanz f\u00fcr notwendige Ver\u00e4nderungen.<\/p>\n<p>In einer Welt, die oft von Spaltung gepr\u00e4gt ist, bleibt die Solidarit\u00e4t ein Hoffnungstr\u00e4ger. Indem wir uns zusammenschlie\u00dfen und f\u00fcr gemeinsame Werte eintreten, k\u00f6nnen wir nicht nur unsere Gesellschaft st\u00e4rken, sondern auch ein nachhaltiges Verm\u00e4chtnis f\u00fcr zuk\u00fcnftige Generationen hinterlassen.<\/p>\n<h2>Gegenseitige Unterst\u00fctzung und kollektive St\u00e4rke in sozialen Bewegungen<\/h2>\n<p>In sozialen Bewegungen ist die <strong>gegenseitige Unterst\u00fctzung<\/strong> von fundamentaler Bedeutung. Diese Form der Solidarit\u00e4t bildet das R\u00fcckgrat kollektiver St\u00e4rke und erm\u00f6glicht es den Beteiligten, ihre Ressourcen zu b\u00fcndeln und effektivere Strategien zu entwickeln. Durch die <strong>Bildung von Allianzen<\/strong> k\u00f6nnen unterschiedliche Gruppen ihre spezifischen St\u00e4rken kombinieren, um gemeinsamen Widerstand gegen soziale Ungerechtigkeiten zu leisten.<\/p>\n<p>Ein herausragendes Beispiel f\u00fcr diese Dynamik ist die Fridays-for-Future-Bewegung, die durch den Austausch von Ideen und die <strong>gemeinsamen Initiativen<\/strong> vieler junger Menschen international bekannt wurde. Die <strong>Fortbildung<\/strong> durch Workshops und Schulungen tr\u00e4gt nicht nur zur pers\u00f6nlichen Entwicklung der Aktivisten bei, sondern st\u00e4rkt auch das gesamte Bewegungssystem. Hier wird deutlich, wie wichtig strategische Planung ist, um nachhaltige Aktionen durchzuf\u00fchren.<\/p>\n<p>Der <strong>Austausch<\/strong> zwischen verschiedenen sozialen Bewegungen f\u00f6rdert innovative Ans\u00e4tze und verst\u00e4rkt den Druck auf Entscheidungstr\u00e4ger. Indem sie ihre Stimmen vereinen, schaffen es Gruppen, die oft marginalisiert werden, in den Vordergrund zu treten und ihre Anliegen lautstark zu vertreten. Diese kollektive St\u00e4rke ist ein Schl\u00fcsselfaktor f\u00fcr den Erfolg von sozialen Bewegungen und verdeutlicht, dass durch Gemeinschaft mehr erreicht werden kann als allein.<\/p>\n<h2>Strategische Planung und Bildung von Allianzen f\u00fcr nachhaltige Aktionen<\/h2>\n<p>Die strategische Planung ist ein essentielles Element f\u00fcr erfolgreiche soziale Bewegungen. Sie erm\u00f6glicht es Akteuren, klare Ziele zu definieren und Wege zu finden, um diese effektiv zu erreichen. In Zeiten des Wandels ist die Bildung von Allianzen entscheidend, um kollektive St\u00e4rke zu entwickeln. Durch gegenseitige Unterst\u00fctzung k\u00f6nnen Organisationen nicht nur Ressourcen b\u00fcndeln, sondern auch Erfahrungen und Wissen austauschen.<\/p>\n<p>Ein Beispiel f\u00fcr diese Synergien finden sich in gemeinsamen Initiativen, die lokale Gemeinschaften st\u00e4rken. Diese Projekte, die auf fortlaufender Fortbildung basieren, schaffen eine Plattform f\u00fcr den Austausch zwischen verschiedenen Gruppen. Solche strategischen Allianzen sind oft markante Beispiele f\u00fcr Widerstand gegen gesellschaftliche Herausforderungen, da sie durch vereinte Anstrengungen beeindruckende Ergebnisse erzielen.<\/p>\n<p>Zusammengefasst erfordert die Planung nachhaltiger Aktionen nicht nur individuelle Anstrengungen, sondern auch die F\u00e4higkeit, effektive Partnerschaften zu bilden. Nur durch strategische Zusammenschl\u00fcsse k\u00f6nnen akute soziale Probleme adressiert und langfristige L\u00f6sungen entwickelt werden.<\/p>\n<h2>Widerstand und Austausch: Praktische Ans\u00e4tze f\u00fcr gemeinsame Initiativen<\/h2>\n<p>In sozialen Bewegungen zeigt sich die <strong>kollektive St\u00e4rke<\/strong> durch <strong>gegenseitige Unterst\u00fctzung<\/strong>. Die Bildung von Allianzen erm\u00f6glicht es uns, im Widerstand effektiver zu agieren und nachhaltige Aktionen ins Leben zu rufen. Ein Beispiel ist die Kooperation verschiedener Organisationen, die gemeinsame Fortbildungsma\u00dfnahmen anbieten.<\/p>\n<p>Solche <strong>gemeinsamen Initiativen<\/strong> schaffen R\u00e4ume f\u00fcr <strong>Austausch<\/strong> und strategische Planung. Durch Schulungen und Workshops k\u00f6nnen Teilnehmende Strategien entwickeln, die auf lokale Bed\u00fcrfnisse abgestimmt sind. Diese Praxis f\u00f6rdert nicht nur den Wissensaustausch, sondern auch die Identifikation mit der jeweiligen Bewegung.<\/p>\n<p>Mit Blick auf die Zukunft ist es entscheidend, diese Zusammenschl\u00fcsse zu st\u00e4rken. Dies erfordert nicht nur Engagement, sondern auch kreative Ans\u00e4tze, um die Bev\u00f6lkerung f\u00fcr die <strong>sozialen Bewegungen<\/strong> zu mobilisieren. Bildung und <strong>Fortbildung<\/strong> sind hierbei Schl\u00fcsselkomponenten, um gemeinsam f\u00fcr eine bessere Gesellschaft zu k\u00e4mpfen.<\/p>","protected":false},"excerpt":{"rendered":"<p>Einf\u00fchrung in die Solidarit\u00e4t: Bedeutung und Notwendigkeit Solidarit\u00e4t ist mehr als nur ein Begriff; sie stellt einen unverzichtbaren Pfeiler unserer Gesellschaft dar. In Zeiten wirtschaftlicher Unsicherheit und sozialer Ungerechtigkeit erkennen immer mehr Menschen die Bedeutung von gegenseitiger Unterst\u00fctzung. Diese Form des beiderseitigen Austauschs st\u00e4rkt nicht nur Einzelpersonen, sondern f\u00f6rdert auch die kollektive St\u00e4rke innerhalb von [&hellip;]<\/p>\n","protected":false},"author":2,"featured_media":0,"comment_status":"closed","ping_status":"","sticky":false,"template":"","format":"standard","meta":{"_et_pb_use_builder":"","_et_pb_old_content":"","_et_gb_content_width":"","inline_featured_image":false,"footnotes":""},"categories":[1],"tags":[],"class_list":["post-11532","post","type-post","status-publish","format-standard","hentry","category-niet-gecategoriseerd"],"yoast_head":"<!-- This site is optimized with the Yoast SEO plugin v26.8 - https:\/\/yoast.com\/product\/yoast-seo-wordpress\/ -->\n<title>Solidarit\u00e4t bekunden: Unsere Reaktionen auf den Rechtsruck - Yvie<\/title>\n<meta name=\"robots\" content=\"index, follow, max-snippet:-1, max-image-preview:large, max-video-preview:-1\" \/>\n<link rel=\"canonical\" href=\"https:\/\/yvie.com\/nl\/solidaritat-bekunden-unsere-reaktionen-auf-den-rechtsruck\/\" \/>\n<meta property=\"og:locale\" content=\"nl_NL\" \/>\n<meta property=\"og:type\" content=\"article\" \/>\n<meta property=\"og:title\" content=\"Solidarit\u00e4t bekunden: Unsere Reaktionen auf den Rechtsruck - Yvie\" \/>\n<meta property=\"og:description\" content=\"Einf\u00fchrung in die Solidarit\u00e4t: Bedeutung und Notwendigkeit Solidarit\u00e4t ist mehr als nur ein Begriff; sie stellt einen unverzichtbaren Pfeiler unserer Gesellschaft dar. In Zeiten wirtschaftlicher Unsicherheit und sozialer Ungerechtigkeit erkennen immer mehr Menschen die Bedeutung von gegenseitiger Unterst\u00fctzung. Diese Form des beiderseitigen Austauschs st\u00e4rkt nicht nur Einzelpersonen, sondern f\u00f6rdert auch die kollektive St\u00e4rke innerhalb von [&hellip;]\" \/>\n<meta property=\"og:url\" content=\"https:\/\/yvie.com\/nl\/solidaritat-bekunden-unsere-reaktionen-auf-den-rechtsruck\/\" \/>\n<meta property=\"og:site_name\" content=\"Yvie\" \/>\n<meta property=\"article:published_time\" content=\"2025-10-12T22:14:30+00:00\" \/>\n<meta property=\"article:modified_time\" content=\"2026-03-02T10:48:15+00:00\" \/>\n<meta name=\"author\" content=\"Elles de Bruin-Rook\" \/>\n<meta name=\"twitter:card\" content=\"summary_large_image\" \/>\n<meta name=\"twitter:label1\" content=\"Geschreven door\" \/>\n\t<meta name=\"twitter:data1\" content=\"Elles de Bruin-Rook\" \/>\n\t<meta name=\"twitter:label2\" content=\"Geschatte leestijd\" \/>\n\t<meta name=\"twitter:data2\" content=\"4 minuten\" \/>\n<script type=\"application\/ld+json\" class=\"yoast-schema-graph\">{\"@context\":\"https:\/\/schema.org\",\"@graph\":[{\"@type\":\"Article\",\"@id\":\"https:\/\/yvie.com\/solidaritat-bekunden-unsere-reaktionen-auf-den-rechtsruck\/#article\",\"isPartOf\":{\"@id\":\"https:\/\/yvie.com\/solidaritat-bekunden-unsere-reaktionen-auf-den-rechtsruck\/\"},\"author\":{\"name\":\"Elles de Bruin-Rook\",\"@id\":\"https:\/\/yvie.com\/#\/schema\/person\/adc35d434b1bd4fc9a1645968e48cfae\"},\"headline\":\"Solidarit\u00e4t bekunden: Unsere Reaktionen auf den Rechtsruck\",\"datePublished\":\"2025-10-12T22:14:30+00:00\",\"dateModified\":\"2026-03-02T10:48:15+00:00\",\"mainEntityOfPage\":{\"@id\":\"https:\/\/yvie.com\/solidaritat-bekunden-unsere-reaktionen-auf-den-rechtsruck\/\"},\"wordCount\":800,\"inLanguage\":\"nl-NL\"},{\"@type\":\"WebPage\",\"@id\":\"https:\/\/yvie.com\/solidaritat-bekunden-unsere-reaktionen-auf-den-rechtsruck\/\",\"url\":\"https:\/\/yvie.com\/solidaritat-bekunden-unsere-reaktionen-auf-den-rechtsruck\/\",\"name\":\"Solidarit\u00e4t bekunden: Unsere Reaktionen auf den Rechtsruck - Yvie\",\"isPartOf\":{\"@id\":\"https:\/\/yvie.com\/#website\"},\"datePublished\":\"2025-10-12T22:14:30+00:00\",\"dateModified\":\"2026-03-02T10:48:15+00:00\",\"author\":{\"@id\":\"https:\/\/yvie.com\/#\/schema\/person\/adc35d434b1bd4fc9a1645968e48cfae\"},\"breadcrumb\":{\"@id\":\"https:\/\/yvie.com\/solidaritat-bekunden-unsere-reaktionen-auf-den-rechtsruck\/#breadcrumb\"},\"inLanguage\":\"nl-NL\",\"potentialAction\":[{\"@type\":\"ReadAction\",\"target\":[\"https:\/\/yvie.com\/solidaritat-bekunden-unsere-reaktionen-auf-den-rechtsruck\/\"]}]},{\"@type\":\"BreadcrumbList\",\"@id\":\"https:\/\/yvie.com\/solidaritat-bekunden-unsere-reaktionen-auf-den-rechtsruck\/#breadcrumb\",\"itemListElement\":[{\"@type\":\"ListItem\",\"position\":1,\"name\":\"Home\",\"item\":\"https:\/\/yvie.com\/\"},{\"@type\":\"ListItem\",\"position\":2,\"name\":\"Solidarit\u00e4t bekunden: Unsere Reaktionen auf den Rechtsruck\"}]},{\"@type\":\"WebSite\",\"@id\":\"https:\/\/yvie.com\/#website\",\"url\":\"https:\/\/yvie.com\/\",\"name\":\"Yvie\",\"description\":\"\",\"potentialAction\":[{\"@type\":\"SearchAction\",\"target\":{\"@type\":\"EntryPoint\",\"urlTemplate\":\"https:\/\/yvie.com\/?s={search_term_string}\"},\"query-input\":{\"@type\":\"PropertyValueSpecification\",\"valueRequired\":true,\"valueName\":\"search_term_string\"}}],\"inLanguage\":\"nl-NL\"},{\"@type\":\"Person\",\"@id\":\"https:\/\/yvie.com\/#\/schema\/person\/adc35d434b1bd4fc9a1645968e48cfae\",\"name\":\"Elles de Bruin-Rook\",\"url\":\"https:\/\/yvie.com\/nl\/author\/elles\/\"}]}<\/script>\n<!-- \/ Yoast SEO plugin. -->","yoast_head_json":{"title":"Solidarit\u00e4t bekunden: Unsere Reaktionen auf den Rechtsruck - Yvie","robots":{"index":"index","follow":"follow","max-snippet":"max-snippet:-1","max-image-preview":"max-image-preview:large","max-video-preview":"max-video-preview:-1"},"canonical":"https:\/\/yvie.com\/nl\/solidaritat-bekunden-unsere-reaktionen-auf-den-rechtsruck\/","og_locale":"nl_NL","og_type":"article","og_title":"Solidarit\u00e4t bekunden: Unsere Reaktionen auf den Rechtsruck - Yvie","og_description":"Einf\u00fchrung in die Solidarit\u00e4t: Bedeutung und Notwendigkeit Solidarit\u00e4t ist mehr als nur ein Begriff; sie stellt einen unverzichtbaren Pfeiler unserer Gesellschaft dar. In Zeiten wirtschaftlicher Unsicherheit und sozialer Ungerechtigkeit erkennen immer mehr Menschen die Bedeutung von gegenseitiger Unterst\u00fctzung. Diese Form des beiderseitigen Austauschs st\u00e4rkt nicht nur Einzelpersonen, sondern f\u00f6rdert auch die kollektive St\u00e4rke innerhalb von [&hellip;]","og_url":"https:\/\/yvie.com\/nl\/solidaritat-bekunden-unsere-reaktionen-auf-den-rechtsruck\/","og_site_name":"Yvie","article_published_time":"2025-10-12T22:14:30+00:00","article_modified_time":"2026-03-02T10:48:15+00:00","author":"Elles de Bruin-Rook","twitter_card":"summary_large_image","twitter_misc":{"Geschreven door":"Elles de Bruin-Rook","Geschatte leestijd":"4 minuten"},"schema":{"@context":"https:\/\/schema.org","@graph":[{"@type":"Article","@id":"https:\/\/yvie.com\/solidaritat-bekunden-unsere-reaktionen-auf-den-rechtsruck\/#article","isPartOf":{"@id":"https:\/\/yvie.com\/solidaritat-bekunden-unsere-reaktionen-auf-den-rechtsruck\/"},"author":{"name":"Elles de Bruin-Rook","@id":"https:\/\/yvie.com\/#\/schema\/person\/adc35d434b1bd4fc9a1645968e48cfae"},"headline":"Solidarit\u00e4t bekunden: Unsere Reaktionen auf den Rechtsruck","datePublished":"2025-10-12T22:14:30+00:00","dateModified":"2026-03-02T10:48:15+00:00","mainEntityOfPage":{"@id":"https:\/\/yvie.com\/solidaritat-bekunden-unsere-reaktionen-auf-den-rechtsruck\/"},"wordCount":800,"inLanguage":"nl-NL"},{"@type":"WebPage","@id":"https:\/\/yvie.com\/solidaritat-bekunden-unsere-reaktionen-auf-den-rechtsruck\/","url":"https:\/\/yvie.com\/solidaritat-bekunden-unsere-reaktionen-auf-den-rechtsruck\/","name":"Solidarit\u00e4t bekunden: Unsere Reaktionen auf den Rechtsruck - Yvie","isPartOf":{"@id":"https:\/\/yvie.com\/#website"},"datePublished":"2025-10-12T22:14:30+00:00","dateModified":"2026-03-02T10:48:15+00:00","author":{"@id":"https:\/\/yvie.com\/#\/schema\/person\/adc35d434b1bd4fc9a1645968e48cfae"},"breadcrumb":{"@id":"https:\/\/yvie.com\/solidaritat-bekunden-unsere-reaktionen-auf-den-rechtsruck\/#breadcrumb"},"inLanguage":"nl-NL","potentialAction":[{"@type":"ReadAction","target":["https:\/\/yvie.com\/solidaritat-bekunden-unsere-reaktionen-auf-den-rechtsruck\/"]}]},{"@type":"BreadcrumbList","@id":"https:\/\/yvie.com\/solidaritat-bekunden-unsere-reaktionen-auf-den-rechtsruck\/#breadcrumb","itemListElement":[{"@type":"ListItem","position":1,"name":"Home","item":"https:\/\/yvie.com\/"},{"@type":"ListItem","position":2,"name":"Solidarit\u00e4t bekunden: Unsere Reaktionen auf den Rechtsruck"}]},{"@type":"WebSite","@id":"https:\/\/yvie.com\/#website","url":"https:\/\/yvie.com\/","name":"Yvie","description":"","potentialAction":[{"@type":"SearchAction","target":{"@type":"EntryPoint","urlTemplate":"https:\/\/yvie.com\/?s={search_term_string}"},"query-input":{"@type":"PropertyValueSpecification","valueRequired":true,"valueName":"search_term_string"}}],"inLanguage":"nl-NL"},{"@type":"Person","@id":"https:\/\/yvie.com\/#\/schema\/person\/adc35d434b1bd4fc9a1645968e48cfae","name":"Elles de Bruin-Rook","url":"https:\/\/yvie.com\/nl\/author\/elles\/"}]}},"_links":{"self":[{"href":"https:\/\/yvie.com\/nl\/wp-json\/wp\/v2\/posts\/11532","targetHints":{"allow":["GET"]}}],"collection":[{"href":"https:\/\/yvie.com\/nl\/wp-json\/wp\/v2\/posts"}],"about":[{"href":"https:\/\/yvie.com\/nl\/wp-json\/wp\/v2\/types\/post"}],"author":[{"embeddable":true,"href":"https:\/\/yvie.com\/nl\/wp-json\/wp\/v2\/users\/2"}],"replies":[{"embeddable":true,"href":"https:\/\/yvie.com\/nl\/wp-json\/wp\/v2\/comments?post=11532"}],"version-history":[{"count":1,"href":"https:\/\/yvie.com\/nl\/wp-json\/wp\/v2\/posts\/11532\/revisions"}],"predecessor-version":[{"id":11533,"href":"https:\/\/yvie.com\/nl\/wp-json\/wp\/v2\/posts\/11532\/revisions\/11533"}],"wp:attachment":[{"href":"https:\/\/yvie.com\/nl\/wp-json\/wp\/v2\/media?parent=11532"}],"wp:term":[{"taxonomy":"category","embeddable":true,"href":"https:\/\/yvie.com\/nl\/wp-json\/wp\/v2\/categories?post=11532"},{"taxonomy":"post_tag","embeddable":true,"href":"https:\/\/yvie.com\/nl\/wp-json\/wp\/v2\/tags?post=11532"}],"curies":[{"name":"wp","href":"https:\/\/api.w.org\/{rel}","templated":true}]}}