{"id":12550,"date":"2025-10-11T09:40:34","date_gmt":"2025-10-11T09:40:34","guid":{"rendered":"https:\/\/yvie.com\/?p=12550"},"modified":"2026-03-06T16:37:21","modified_gmt":"2026-03-06T16:37:21","slug":"colaboracoes-e-associacoes-na-area-da-psicologia-da-saude","status":"publish","type":"post","link":"https:\/\/yvie.com\/nl\/colaboracoes-e-associacoes-na-area-da-psicologia-da-saude\/","title":{"rendered":"Colabora\u00e7\u00f5es e Associa\u00e7\u00f5es na \u00c1rea da Psicologia da Sa\u00fade"},"content":{"rendered":"<h2>Introdu\u00e7\u00e3o \u00e0s Colabora\u00e7\u00f5es e Associa\u00e7\u00f5es na Psicologia da Sa\u00fade<\/h2>\n<p>A psicologia da sa\u00fade tem se beneficiado significativamente de <strong>parcerias acad\u00eamicas<\/strong> e <strong>colabora\u00e7\u00f5es internacionais<\/strong>. Essas sinergias interprofissionais s\u00e3o fundamentais para o desenvolvimento de <strong>projetos de investiga\u00e7\u00e3o<\/strong> que exploram a interse\u00e7\u00e3o entre sa\u00fade mental e bem-estar f\u00edsico. Por exemplo, iniciativas que re\u00fanem psic\u00f3logos, m\u00e9dicos e educadores t\u00eam promovido a troca de conhecimento que resulta em abordagens inovadoras no tratamento e preven\u00e7\u00e3o de doen\u00e7as.<\/p>\n<p>Eventos conjuntos, como confer\u00eancias e workshops, s\u00e3o oportunidades valiosas para compartilhar <strong>recursos educacionais<\/strong> e pr\u00e1ticas eficazes. Tais eventos n\u00e3o apenas fomentam o di\u00e1logo entre especialistas, mas tamb\u00e9m facilitam a cria\u00e7\u00e3o de redes que podem dar suporte a <strong>iniciativas comunit\u00e1rias<\/strong>. Essas iniciativas s\u00e3o cruciais, pois ajudam a traduzir a pesquisa acad\u00eamica em estrat\u00e9gias pr\u00e1ticas que beneficiam popula\u00e7\u00f5es locais.<\/p>\n<p>Al\u00e9m disso, o <strong>desenvolvimento profissional<\/strong> \u00e9 impulsionado por essas colabora\u00e7\u00f5es. Profissionais de sa\u00fade mental que participam de redes colaborativas t\u00eam acesso a novas metodologias e t\u00e9cnicas, o que enriquece sua pr\u00e1tica. A inova\u00e7\u00e3o surge quando h\u00e1 um comprometimento em trabalhar juntos, superando barreiras disciplinares e culturais. Assim, as colabora\u00e7\u00f5es na psicologia da sa\u00fade n\u00e3o s\u00e3o apenas um complemento, mas uma necessidade para enfrentar os desafios contempor\u00e2neos de forma eficaz, promovendo <a href=\"https:\/\/sp-ps-pt.com\/\">https:\/\/sp-ps-pt.com\/<\/a> que facilitam a troca de conhecimento e a cria\u00e7\u00e3o de sinergias interprofissionais.<\/p>\n<h2>Benef\u00edcios das Parcerias Acad\u00eamicas e Colabora\u00e7\u00f5es Internacionais<\/h2>\n<p>As <strong>parcerias acad\u00eamicas<\/strong> e as <strong>colabora\u00e7\u00f5es internacionais<\/strong> s\u00e3o fundamentais para a evolu\u00e7\u00e3o do conhecimento. Essas sinergias interprofissionais promovem o <strong>desenvolvimento profissional<\/strong> e incentivam a <strong>inova\u00e7\u00e3o<\/strong> em diversos campos. Por exemplo, universidades que trabalham em conjunto em <strong>projetos de investiga\u00e7\u00e3o<\/strong> conseguem compartilhar recursos educacionais, permitindo a cria\u00e7\u00e3o de programas mais robustos e diversificados.<\/p>\n<p>A troca de conhecimento entre institui\u00e7\u00f5es de diferentes pa\u00edses resulta em eventos conjuntos que enriquecem a experi\u00eancia dos participantes. Durante esses encontros, s\u00e3o discutidas pr\u00e1ticas de ensino, metodologias inovadoras e iniciativas comunit\u00e1rias que beneficiam n\u00e3o apenas os envolvidos, mas tamb\u00e9m a sociedade como um todo.<\/p>\n<p>Essas colabora\u00e7\u00f5es geram um ambiente prop\u00edcio para a cria\u00e7\u00e3o de novas ideias e solu\u00e7\u00f5es, al\u00e9m de ampliar a rede de contatos dos profissionais. Com isso, todos os envolvidos se beneficiam, tornando-se agentes de mudan\u00e7a em suas comunidades.<\/p>\n<h2>Sinergias Interprofissionais: O Papel das Diversas Disciplinas<\/h2>\n<p>As <strong>sinergias interprofissionais<\/strong> emergem como um fator vital na promo\u00e7\u00e3o do <strong>desenvolvimento profissional<\/strong> em diversas \u00e1reas de atua\u00e7\u00e3o. Ao unir especialistas de diferentes disciplinas, essas colabora\u00e7\u00f5es fomentam um ambiente prop\u00edcio para a <strong>troca de conhecimento<\/strong> e a inova\u00e7\u00e3o. Por exemplo, parcerias acad\u00eamicas entre universidades e institui\u00e7\u00f5es de pesquisa t\u00eam gerado <strong>projetos de investiga\u00e7\u00e3o<\/strong> que n\u00e3o apenas ampliam os horizontes acad\u00eamicos, mas tamb\u00e9m trazem solu\u00e7\u00f5es pr\u00e1ticas para desafios contempor\u00e2neos.<\/p>\n<p>Eventos conjuntos, como workshops e semin\u00e1rios, s\u00e3o oportunidades ideais para que profissionais de distintos setores compartilhem experi\u00eancias e aprendam uns com os outros. As <strong>colabora\u00e7\u00f5es internacionais<\/strong> tamb\u00e9m desempenham um papel crucial, permitindo que conhecimentos e recursos educacionais sejam acess\u00edveis de forma global. Tais iniciativas comunit\u00e1rias enriquecem o aprendizado e promovem uma cultura de colabora\u00e7\u00e3o.<\/p>\n<p>Al\u00e9m disso, a integra\u00e7\u00e3o de diferentes \u00e1reas resulta em um ambiente de trabalho mais din\u00e2mico e inovador. Quando profissionais de sa\u00fade, tecnologia e educa\u00e7\u00e3o se unem, por exemplo, surgem solu\u00e7\u00f5es criativas para problemas complexos, demonstrando que o todo \u00e9 maior do que a soma das partes. Assim, as sinergias interprofissionais n\u00e3o apenas impulsionam a inova\u00e7\u00e3o, mas tamb\u00e9m constroem uma rede de apoio que beneficia todos os envolvidos.<\/p>\n<h2>Projetos de Investiga\u00e7\u00e3o e Iniciativas Comunit\u00e1rias: Exemplos Pr\u00e1ticos<\/h2>\n<p>Os projetos de investiga\u00e7\u00e3o s\u00e3o fundamentais para o avan\u00e7o do conhecimento e a promo\u00e7\u00e3o da inova\u00e7\u00e3o. Um exemplo not\u00e1vel \u00e9 a parceria entre universidades e organiza\u00e7\u00f5es locais, que promove <strong>eventos conjuntos<\/strong> focados na troca de conhecimento. Essas <strong>colabora\u00e7\u00f5es internacionais<\/strong> n\u00e3o apenas fortalecem a pesquisa acad\u00eamica, mas tamb\u00e9m geram <strong>sinergias interprofissionais<\/strong> que beneficiam a comunidade.<\/p>\n<p>Outra iniciativa relevante \u00e9 o desenvolvimento de <strong>recursos educacionais<\/strong> adaptados \u00e0s necessidades locais. Por meio de <strong>iniciativas comunit\u00e1rias<\/strong>, grupos de pesquisa podem implementar programas que capacitam profissionais e incentivam o <strong>desenvolvimento profissional<\/strong> de jovens talentos. O impacto positivo se reflete diretamente na qualidade de vida da popula\u00e7\u00e3o.<\/p>\n<p>Al\u00e9m disso, eventos como feiras de ci\u00eancia e tecnologia permitem que estudantes e pesquisadores apresentem seus trabalhos, estimulando a curiosidade e a inova\u00e7\u00e3o. Esses encontros s\u00e3o vitais para fomentar o interesse pela pesquisa e mostrar como as <strong>parcerias acad\u00eamicas<\/strong> podem gerar resultados pr\u00e1ticos e significativos.<\/p>\n<h2>Desenvolvimento Profissional e Troca de Conhecimento em Eventos Conjuntos<\/h2>\n<p>O desenvolvimento profissional \u00e9 amplamente impulsionado por <strong>eventos conjuntos<\/strong> que promovem a <strong>troca de conhecimento<\/strong>. Estes encontros oferecem uma plataforma para <strong>colabora\u00e7\u00f5es internacionais<\/strong> e constru\u00e7\u00e3o de <strong>parcerias acad\u00eamicas<\/strong>, favorecendo <strong>sinergias interprofissionais<\/strong>.<\/p>\n<p>Por exemplo, iniciativas comunit\u00e1rias que re\u00fanem profissionais de diversas \u00e1reas estimulam <strong>projetos de investiga\u00e7\u00e3o<\/strong> inovadores. Tais projetos n\u00e3o s\u00f3 ampliam o escopo de recursos educacionais, mas tamb\u00e9m criam um ambiente prop\u00edcio para a inova\u00e7\u00e3o.<\/p>\n<p>Assim, participar de eventos conjuntos se torna uma oportunidade valiosa para quem busca fortalecer sua rede profissional e contribuir ativamente para a constru\u00e7\u00e3o de um ambiente colaborativo.<\/p>","protected":false},"excerpt":{"rendered":"<p>Introdu\u00e7\u00e3o \u00e0s Colabora\u00e7\u00f5es e Associa\u00e7\u00f5es na Psicologia da Sa\u00fade A psicologia da sa\u00fade tem se beneficiado significativamente de parcerias acad\u00eamicas e colabora\u00e7\u00f5es internacionais. Essas sinergias interprofissionais s\u00e3o fundamentais para o desenvolvimento de projetos de investiga\u00e7\u00e3o que exploram a interse\u00e7\u00e3o entre sa\u00fade mental e bem-estar f\u00edsico. Por exemplo, iniciativas que re\u00fanem psic\u00f3logos, m\u00e9dicos e educadores t\u00eam [&hellip;]<\/p>\n","protected":false},"author":2,"featured_media":0,"comment_status":"closed","ping_status":"","sticky":false,"template":"","format":"standard","meta":{"_et_pb_use_builder":"","_et_pb_old_content":"","_et_gb_content_width":"","inline_featured_image":false,"footnotes":""},"categories":[1],"tags":[],"class_list":["post-12550","post","type-post","status-publish","format-standard","hentry","category-niet-gecategoriseerd"],"yoast_head":"<!-- This site is optimized with the Yoast SEO plugin v26.8 - https:\/\/yoast.com\/product\/yoast-seo-wordpress\/ -->\n<title>Colabora\u00e7\u00f5es e Associa\u00e7\u00f5es na \u00c1rea da Psicologia da Sa\u00fade - Yvie<\/title>\n<meta name=\"robots\" content=\"index, follow, max-snippet:-1, max-image-preview:large, max-video-preview:-1\" \/>\n<link rel=\"canonical\" href=\"https:\/\/yvie.com\/nl\/colaboracoes-e-associacoes-na-area-da-psicologia-da-saude\/\" \/>\n<meta property=\"og:locale\" content=\"nl_NL\" \/>\n<meta property=\"og:type\" content=\"article\" \/>\n<meta property=\"og:title\" content=\"Colabora\u00e7\u00f5es e Associa\u00e7\u00f5es na \u00c1rea da Psicologia da Sa\u00fade - Yvie\" \/>\n<meta property=\"og:description\" content=\"Introdu\u00e7\u00e3o \u00e0s Colabora\u00e7\u00f5es e Associa\u00e7\u00f5es na Psicologia da Sa\u00fade A psicologia da sa\u00fade tem se beneficiado significativamente de parcerias acad\u00eamicas e colabora\u00e7\u00f5es internacionais. Essas sinergias interprofissionais s\u00e3o fundamentais para o desenvolvimento de projetos de investiga\u00e7\u00e3o que exploram a interse\u00e7\u00e3o entre sa\u00fade mental e bem-estar f\u00edsico. Por exemplo, iniciativas que re\u00fanem psic\u00f3logos, m\u00e9dicos e educadores t\u00eam [&hellip;]\" \/>\n<meta property=\"og:url\" content=\"https:\/\/yvie.com\/nl\/colaboracoes-e-associacoes-na-area-da-psicologia-da-saude\/\" \/>\n<meta property=\"og:site_name\" content=\"Yvie\" \/>\n<meta property=\"article:published_time\" content=\"2025-10-11T09:40:34+00:00\" \/>\n<meta property=\"article:modified_time\" content=\"2026-03-06T16:37:21+00:00\" \/>\n<meta name=\"author\" content=\"Elles de Bruin-Rook\" \/>\n<meta name=\"twitter:card\" content=\"summary_large_image\" \/>\n<meta name=\"twitter:label1\" content=\"Geschreven door\" \/>\n\t<meta name=\"twitter:data1\" content=\"Elles de Bruin-Rook\" \/>\n\t<meta name=\"twitter:label2\" content=\"Geschatte leestijd\" \/>\n\t<meta name=\"twitter:data2\" content=\"5 minuten\" \/>\n<script type=\"application\/ld+json\" class=\"yoast-schema-graph\">{\"@context\":\"https:\/\/schema.org\",\"@graph\":[{\"@type\":\"Article\",\"@id\":\"https:\/\/yvie.com\/colaboracoes-e-associacoes-na-area-da-psicologia-da-saude\/#article\",\"isPartOf\":{\"@id\":\"https:\/\/yvie.com\/colaboracoes-e-associacoes-na-area-da-psicologia-da-saude\/\"},\"author\":{\"name\":\"Elles de Bruin-Rook\",\"@id\":\"https:\/\/yvie.com\/#\/schema\/person\/adc35d434b1bd4fc9a1645968e48cfae\"},\"headline\":\"Colabora\u00e7\u00f5es e Associa\u00e7\u00f5es na \u00c1rea da Psicologia da Sa\u00fade\",\"datePublished\":\"2025-10-11T09:40:34+00:00\",\"dateModified\":\"2026-03-06T16:37:21+00:00\",\"mainEntityOfPage\":{\"@id\":\"https:\/\/yvie.com\/colaboracoes-e-associacoes-na-area-da-psicologia-da-saude\/\"},\"wordCount\":945,\"inLanguage\":\"nl-NL\"},{\"@type\":\"WebPage\",\"@id\":\"https:\/\/yvie.com\/colaboracoes-e-associacoes-na-area-da-psicologia-da-saude\/\",\"url\":\"https:\/\/yvie.com\/colaboracoes-e-associacoes-na-area-da-psicologia-da-saude\/\",\"name\":\"Colabora\u00e7\u00f5es e Associa\u00e7\u00f5es na \u00c1rea da Psicologia da Sa\u00fade - Yvie\",\"isPartOf\":{\"@id\":\"https:\/\/yvie.com\/#website\"},\"datePublished\":\"2025-10-11T09:40:34+00:00\",\"dateModified\":\"2026-03-06T16:37:21+00:00\",\"author\":{\"@id\":\"https:\/\/yvie.com\/#\/schema\/person\/adc35d434b1bd4fc9a1645968e48cfae\"},\"breadcrumb\":{\"@id\":\"https:\/\/yvie.com\/colaboracoes-e-associacoes-na-area-da-psicologia-da-saude\/#breadcrumb\"},\"inLanguage\":\"nl-NL\",\"potentialAction\":[{\"@type\":\"ReadAction\",\"target\":[\"https:\/\/yvie.com\/colaboracoes-e-associacoes-na-area-da-psicologia-da-saude\/\"]}]},{\"@type\":\"BreadcrumbList\",\"@id\":\"https:\/\/yvie.com\/colaboracoes-e-associacoes-na-area-da-psicologia-da-saude\/#breadcrumb\",\"itemListElement\":[{\"@type\":\"ListItem\",\"position\":1,\"name\":\"Home\",\"item\":\"https:\/\/yvie.com\/\"},{\"@type\":\"ListItem\",\"position\":2,\"name\":\"Colabora\u00e7\u00f5es e Associa\u00e7\u00f5es na \u00c1rea da Psicologia da Sa\u00fade\"}]},{\"@type\":\"WebSite\",\"@id\":\"https:\/\/yvie.com\/#website\",\"url\":\"https:\/\/yvie.com\/\",\"name\":\"Yvie\",\"description\":\"\",\"potentialAction\":[{\"@type\":\"SearchAction\",\"target\":{\"@type\":\"EntryPoint\",\"urlTemplate\":\"https:\/\/yvie.com\/?s={search_term_string}\"},\"query-input\":{\"@type\":\"PropertyValueSpecification\",\"valueRequired\":true,\"valueName\":\"search_term_string\"}}],\"inLanguage\":\"nl-NL\"},{\"@type\":\"Person\",\"@id\":\"https:\/\/yvie.com\/#\/schema\/person\/adc35d434b1bd4fc9a1645968e48cfae\",\"name\":\"Elles de Bruin-Rook\",\"url\":\"https:\/\/yvie.com\/nl\/author\/elles\/\"}]}<\/script>\n<!-- \/ Yoast SEO plugin. -->","yoast_head_json":{"title":"Colabora\u00e7\u00f5es e Associa\u00e7\u00f5es na \u00c1rea da Psicologia da Sa\u00fade - Yvie","robots":{"index":"index","follow":"follow","max-snippet":"max-snippet:-1","max-image-preview":"max-image-preview:large","max-video-preview":"max-video-preview:-1"},"canonical":"https:\/\/yvie.com\/nl\/colaboracoes-e-associacoes-na-area-da-psicologia-da-saude\/","og_locale":"nl_NL","og_type":"article","og_title":"Colabora\u00e7\u00f5es e Associa\u00e7\u00f5es na \u00c1rea da Psicologia da Sa\u00fade - Yvie","og_description":"Introdu\u00e7\u00e3o \u00e0s Colabora\u00e7\u00f5es e Associa\u00e7\u00f5es na Psicologia da Sa\u00fade A psicologia da sa\u00fade tem se beneficiado significativamente de parcerias acad\u00eamicas e colabora\u00e7\u00f5es internacionais. Essas sinergias interprofissionais s\u00e3o fundamentais para o desenvolvimento de projetos de investiga\u00e7\u00e3o que exploram a interse\u00e7\u00e3o entre sa\u00fade mental e bem-estar f\u00edsico. Por exemplo, iniciativas que re\u00fanem psic\u00f3logos, m\u00e9dicos e educadores t\u00eam [&hellip;]","og_url":"https:\/\/yvie.com\/nl\/colaboracoes-e-associacoes-na-area-da-psicologia-da-saude\/","og_site_name":"Yvie","article_published_time":"2025-10-11T09:40:34+00:00","article_modified_time":"2026-03-06T16:37:21+00:00","author":"Elles de Bruin-Rook","twitter_card":"summary_large_image","twitter_misc":{"Geschreven door":"Elles de Bruin-Rook","Geschatte leestijd":"5 minuten"},"schema":{"@context":"https:\/\/schema.org","@graph":[{"@type":"Article","@id":"https:\/\/yvie.com\/colaboracoes-e-associacoes-na-area-da-psicologia-da-saude\/#article","isPartOf":{"@id":"https:\/\/yvie.com\/colaboracoes-e-associacoes-na-area-da-psicologia-da-saude\/"},"author":{"name":"Elles de Bruin-Rook","@id":"https:\/\/yvie.com\/#\/schema\/person\/adc35d434b1bd4fc9a1645968e48cfae"},"headline":"Colabora\u00e7\u00f5es e Associa\u00e7\u00f5es na \u00c1rea da Psicologia da Sa\u00fade","datePublished":"2025-10-11T09:40:34+00:00","dateModified":"2026-03-06T16:37:21+00:00","mainEntityOfPage":{"@id":"https:\/\/yvie.com\/colaboracoes-e-associacoes-na-area-da-psicologia-da-saude\/"},"wordCount":945,"inLanguage":"nl-NL"},{"@type":"WebPage","@id":"https:\/\/yvie.com\/colaboracoes-e-associacoes-na-area-da-psicologia-da-saude\/","url":"https:\/\/yvie.com\/colaboracoes-e-associacoes-na-area-da-psicologia-da-saude\/","name":"Colabora\u00e7\u00f5es e Associa\u00e7\u00f5es na \u00c1rea da Psicologia da Sa\u00fade - Yvie","isPartOf":{"@id":"https:\/\/yvie.com\/#website"},"datePublished":"2025-10-11T09:40:34+00:00","dateModified":"2026-03-06T16:37:21+00:00","author":{"@id":"https:\/\/yvie.com\/#\/schema\/person\/adc35d434b1bd4fc9a1645968e48cfae"},"breadcrumb":{"@id":"https:\/\/yvie.com\/colaboracoes-e-associacoes-na-area-da-psicologia-da-saude\/#breadcrumb"},"inLanguage":"nl-NL","potentialAction":[{"@type":"ReadAction","target":["https:\/\/yvie.com\/colaboracoes-e-associacoes-na-area-da-psicologia-da-saude\/"]}]},{"@type":"BreadcrumbList","@id":"https:\/\/yvie.com\/colaboracoes-e-associacoes-na-area-da-psicologia-da-saude\/#breadcrumb","itemListElement":[{"@type":"ListItem","position":1,"name":"Home","item":"https:\/\/yvie.com\/"},{"@type":"ListItem","position":2,"name":"Colabora\u00e7\u00f5es e Associa\u00e7\u00f5es na \u00c1rea da Psicologia da Sa\u00fade"}]},{"@type":"WebSite","@id":"https:\/\/yvie.com\/#website","url":"https:\/\/yvie.com\/","name":"Yvie","description":"","potentialAction":[{"@type":"SearchAction","target":{"@type":"EntryPoint","urlTemplate":"https:\/\/yvie.com\/?s={search_term_string}"},"query-input":{"@type":"PropertyValueSpecification","valueRequired":true,"valueName":"search_term_string"}}],"inLanguage":"nl-NL"},{"@type":"Person","@id":"https:\/\/yvie.com\/#\/schema\/person\/adc35d434b1bd4fc9a1645968e48cfae","name":"Elles de Bruin-Rook","url":"https:\/\/yvie.com\/nl\/author\/elles\/"}]}},"_links":{"self":[{"href":"https:\/\/yvie.com\/nl\/wp-json\/wp\/v2\/posts\/12550","targetHints":{"allow":["GET"]}}],"collection":[{"href":"https:\/\/yvie.com\/nl\/wp-json\/wp\/v2\/posts"}],"about":[{"href":"https:\/\/yvie.com\/nl\/wp-json\/wp\/v2\/types\/post"}],"author":[{"embeddable":true,"href":"https:\/\/yvie.com\/nl\/wp-json\/wp\/v2\/users\/2"}],"replies":[{"embeddable":true,"href":"https:\/\/yvie.com\/nl\/wp-json\/wp\/v2\/comments?post=12550"}],"version-history":[{"count":1,"href":"https:\/\/yvie.com\/nl\/wp-json\/wp\/v2\/posts\/12550\/revisions"}],"predecessor-version":[{"id":12551,"href":"https:\/\/yvie.com\/nl\/wp-json\/wp\/v2\/posts\/12550\/revisions\/12551"}],"wp:attachment":[{"href":"https:\/\/yvie.com\/nl\/wp-json\/wp\/v2\/media?parent=12550"}],"wp:term":[{"taxonomy":"category","embeddable":true,"href":"https:\/\/yvie.com\/nl\/wp-json\/wp\/v2\/categories?post=12550"},{"taxonomy":"post_tag","embeddable":true,"href":"https:\/\/yvie.com\/nl\/wp-json\/wp\/v2\/tags?post=12550"}],"curies":[{"name":"wp","href":"https:\/\/api.w.org\/{rel}","templated":true}]}}