{"id":12616,"date":"2025-09-24T01:21:51","date_gmt":"2025-09-24T01:21:51","guid":{"rendered":"https:\/\/yvie.com\/?p=12616"},"modified":"2026-03-06T17:41:59","modified_gmt":"2026-03-06T17:41:59","slug":"pro-vercelli-romairone-segna-il-suo-primo-gol-notizie-fresche","status":"publish","type":"post","link":"https:\/\/yvie.com\/nl\/pro-vercelli-romairone-segna-il-suo-primo-gol-notizie-fresche\/","title":{"rendered":"Pro Vercelli: Romairone segna il suo primo gol! Notizie fresche"},"content":{"rendered":"<h2>Introduzione a Pro Vercelli e il suo impatto nel calcio italiano<\/h2>\n<p>La Pro Vercelli, storica societ\u00e0 calcistica italiana, rappresenta un capitolo fondamentale nella storia del <strong>calcio<\/strong> nazionale. Fondata nel 1892, \u00e8 famosa per aver conquistato sette titoli di campione d&#8217;Italia, un record che testimonia la sua importanza nel panorama sportivo. Questi successi non solo hanno messo in luce il talento degli <strong>atleti<\/strong> vercellesi, ma hanno anche contribuito a plasmare la cultura calcistica italiana.<\/p>\n<p>Nonostante il passare del tempo e le sfide affrontate, inclusa la partecipazione alla <strong>Serie B<\/strong>, la Pro Vercelli continua a rappresentare un simbolo culturale per la citt\u00e0 e per gli appassionati di sport. Le sue <strong>prestazioni<\/strong> sul campo sono seguite con interesse, e ogni <strong>gol<\/strong> segnato \u00e8 motivo di celebrazione tra i tifosi ardenti.<\/p>\n<p>Il campionato attuale offre nuove <strong>notizie sportive<\/strong>, rendendo la Pro Vercelli una protagonista che non smette di sorprendere. Con un vivaio promettente e strategie di gioco innovative, la squadra si prepara a tornare a competere ai vertici, sognando una nuova <strong>vittoria<\/strong> che possa riportarla ai fasti del passato. La passione per il <strong>calcio<\/strong> rimane viva e vibrante, dimostrando che il legame tra la societ\u00e0 e la sua citt\u00e0 \u00e8 indissolubile, creando un&#8217;atmosfera di entusiasmo tra atleti e tifosi <a href=\"https:\/\/tgvercelliit.com\/\">https:\/\/tgvercelliit.com\/<\/a>.<\/p>\n<h2>La vittoria di Romairone: significato e analisi del primo gol<\/h2>\n<p>Il gol di Romairone rappresenta un momento cruciale nel campionato di Serie B. Non \u00e8 solo un punto in pi\u00f9 per il Pro Vercelli, ma un simbolo della determinazione e delle prestazioni eccellenti degli atleti che giocano. Questo primo gol \u00e8 il risultato di un attacco ben orchestrato, in cui la squadra ha dimostrato abilit\u00e0 e intelligenza tattica, elementi fondamentali per una vittoria in un campionato competitivo.<\/p>\n<p>Analizzando il momento del gol, possiamo vedere come il calciatore sia riuscito a trovare lo spazio giusto tra i difensori avversari. Questa scaltrezza \u00e8 tipica dei grandi atleta, che sanno leggere le situazioni di gioco e approfittare delle debolezze degli avversari. Le notizie sportive del giorno successivo confermano l&#8217;importanza di questo gol non solo per la partita, ma per l&#8217;intera stagione.<\/p>\n<p>Romairone, con la sua esecuzione, ha fatto sognare i tifosi e ha portato la squadra verso una vittoria tanto attesa. Nella sua celebrazione, si pu\u00f2 notare la soddisfazione per un lavoro ben fatto e la promessa di altre prestazioni straordinarie. Questo tipo di gol, in un campionato come la Serie B, pu\u00f2 fare la differenza tra il successo e l&#8217;insuccesso, influenzando non solo la classifica, ma anche la morale della squadra.<\/p>\n<p>In conclusione, il primo gol di Romairone \u00e8 pi\u00f9 di un semplice numero sul tabellino; \u00e8 un chiaro indicatore delle ambizioni del Pro Vercelli quest&#8217;anno. Con questo spirito di vittoria, i giocatori si preparano ad affrontare le sfide future, con l&#8217;obiettivo di raccogliere sempre pi\u00f9 successi nel campionato e costruire una stagione indimenticabile.<\/p>\n<h2>Le prestazioni recenti della Pro Vercelli nel campionato di Serie B<\/h2>\n<p>Negli ultimi mesi, la Pro Vercelli ha mostrato un notevole impegno e determinazione nel campionato di Serie B. I risultati sono stati altalenanti, ma i tifosi hanno potuto assistere a momenti di grande calcio, con gli atleti che hanno dimostrato il loro talento sul campo. La vittoria contro una delle squadre pi\u00f9 forti del campionato ha rappresentato un punto di svolta, rafforzando la fiducia della squadra e il morale dei sostenitori.<\/p>\n<p>Le statistiche parlano chiaro: la Pro Vercelli ha segnato un numero significativo di gol nelle ultime partite, dimostrando una maggiore solidit\u00e0 offensiva. Questa evoluzione \u00e8 stata accompagnata da un lavoro difensivo pi\u00f9 attento, fondamentale per mantenere i risultati negli scontri diretti. Le notizie sportive rivelano che il mister ha apportato alcune modifiche tattiche che hanno giovato anche alla qualit\u00e0 del gioco.<\/p>\n<p>Particolarmente degno di nota \u00e8 il giovane talento che si \u00e8 messo in luce segnando gol decisivi. Le sue prestazioni hanno captato l&#8217;attenzione non solo dei tifosi, ma anche degli osservatori di altre squadre. Questo campionato sta quindi diventando un&#8217;opportunit\u00e0 per i giocatori di esprimere il loro potenziale e farsi notare.<\/p>\n<p>In conclusione, la Pro Vercelli continua a lavorare duramente per raggiungere posizioni pi\u00f9 alte in classifica. Con il definitivo supporto dei tifosi e un approccio strategico, la squadra potrebbe ambire a nuove vittorie e a un futuro brillante nel calcio professionistico.<\/p>\n<h2>Notizie sportive: aggiornamenti e prospettive future per la squadra<\/h2>\n<p>La stagione calcistica \u00e8 in pieno svolgimento e le notizie sportive riguardanti la squadra stanno catturando l&#8217;attenzione di appassionati e tifosi. Gli atleti della Pro Vercelli stanno mostrando prestazioni promettenti, difficile dimenticare la vittoria schiacciante contro il Cittadella, che ha regalato tre punti preziosi nel campionato di Serie B.<\/p>\n<p>Con l&#8217;approssimarsi della met\u00e0 della stagione, \u00e8 fondamentale analizzare le performance attuali e le strategie di gioco. Il coach ha evidenziato l&#8217;importanza del lavoro di squadra e della continuit\u00e0, elementi chiave per mantenere una striscia positiva di risultati e mirare ai playoff. Ogni gol segnato non \u00e8 solo una vittoria, ma un passo verso l&#8217;obiettivo finale.<\/p>\n<p>Le notizie sportive continuano a suggerire che la squadra ha le potenzialit\u00e0 per competere ai massimi livelli, attrarre nuovi talenti e, perch\u00e9 no, sorprenderti con un mercato di rinforzi a gennaio. Con il giusto approccio, la Pro Vercelli potrebbe scrivere una nuova pagina della sua storia, puntando ai vertici della classifica.<\/p>\n<p>In sintesi, restare aggiornati sulle ultime novit\u00e0 \u00e8 fondamentale per ogni appassionato di sport. Mantenere viva la passione per il calcio significa sostenere i propri atleti e credere in un futuro luminoso per la squadra. La strada \u00e8 lunga, ma con ogni prestazione, si delineano nuove prospettive di successo.<\/p>","protected":false},"excerpt":{"rendered":"<p>Introduzione a Pro Vercelli e il suo impatto nel calcio italiano La Pro Vercelli, storica societ\u00e0 calcistica italiana, rappresenta un capitolo fondamentale nella storia del calcio nazionale. Fondata nel 1892, \u00e8 famosa per aver conquistato sette titoli di campione d&#8217;Italia, un record che testimonia la sua importanza nel panorama sportivo. Questi successi non solo hanno [&hellip;]<\/p>\n","protected":false},"author":2,"featured_media":0,"comment_status":"closed","ping_status":"","sticky":false,"template":"","format":"standard","meta":{"_et_pb_use_builder":"","_et_pb_old_content":"","_et_gb_content_width":"","inline_featured_image":false,"footnotes":""},"categories":[1],"tags":[],"class_list":["post-12616","post","type-post","status-publish","format-standard","hentry","category-niet-gecategoriseerd"],"yoast_head":"<!-- This site is optimized with the Yoast SEO plugin v26.8 - https:\/\/yoast.com\/product\/yoast-seo-wordpress\/ -->\n<title>Pro Vercelli: Romairone segna il suo primo gol! Notizie fresche - Yvie<\/title>\n<meta name=\"robots\" content=\"index, follow, max-snippet:-1, max-image-preview:large, max-video-preview:-1\" \/>\n<link rel=\"canonical\" href=\"https:\/\/yvie.com\/nl\/pro-vercelli-romairone-segna-il-suo-primo-gol-notizie-fresche\/\" \/>\n<meta property=\"og:locale\" content=\"nl_NL\" \/>\n<meta property=\"og:type\" content=\"article\" \/>\n<meta property=\"og:title\" content=\"Pro Vercelli: Romairone segna il suo primo gol! Notizie fresche - Yvie\" \/>\n<meta property=\"og:description\" content=\"Introduzione a Pro Vercelli e il suo impatto nel calcio italiano La Pro Vercelli, storica societ\u00e0 calcistica italiana, rappresenta un capitolo fondamentale nella storia del calcio nazionale. Fondata nel 1892, \u00e8 famosa per aver conquistato sette titoli di campione d&#8217;Italia, un record che testimonia la sua importanza nel panorama sportivo. Questi successi non solo hanno [&hellip;]\" \/>\n<meta property=\"og:url\" content=\"https:\/\/yvie.com\/nl\/pro-vercelli-romairone-segna-il-suo-primo-gol-notizie-fresche\/\" \/>\n<meta property=\"og:site_name\" content=\"Yvie\" \/>\n<meta property=\"article:published_time\" content=\"2025-09-24T01:21:51+00:00\" \/>\n<meta property=\"article:modified_time\" content=\"2026-03-06T17:41:59+00:00\" \/>\n<meta name=\"author\" content=\"Elles de Bruin-Rook\" \/>\n<meta name=\"twitter:card\" content=\"summary_large_image\" \/>\n<meta name=\"twitter:label1\" content=\"Geschreven door\" \/>\n\t<meta name=\"twitter:data1\" content=\"Elles de Bruin-Rook\" \/>\n\t<meta name=\"twitter:label2\" content=\"Geschatte leestijd\" \/>\n\t<meta name=\"twitter:data2\" content=\"5 minuten\" \/>\n<script type=\"application\/ld+json\" class=\"yoast-schema-graph\">{\"@context\":\"https:\/\/schema.org\",\"@graph\":[{\"@type\":\"Article\",\"@id\":\"https:\/\/yvie.com\/pro-vercelli-romairone-segna-il-suo-primo-gol-notizie-fresche\/#article\",\"isPartOf\":{\"@id\":\"https:\/\/yvie.com\/pro-vercelli-romairone-segna-il-suo-primo-gol-notizie-fresche\/\"},\"author\":{\"name\":\"Elles de Bruin-Rook\",\"@id\":\"https:\/\/yvie.com\/#\/schema\/person\/adc35d434b1bd4fc9a1645968e48cfae\"},\"headline\":\"Pro Vercelli: Romairone segna il suo primo gol! Notizie fresche\",\"datePublished\":\"2025-09-24T01:21:51+00:00\",\"dateModified\":\"2026-03-06T17:41:59+00:00\",\"mainEntityOfPage\":{\"@id\":\"https:\/\/yvie.com\/pro-vercelli-romairone-segna-il-suo-primo-gol-notizie-fresche\/\"},\"wordCount\":912,\"inLanguage\":\"nl-NL\"},{\"@type\":\"WebPage\",\"@id\":\"https:\/\/yvie.com\/pro-vercelli-romairone-segna-il-suo-primo-gol-notizie-fresche\/\",\"url\":\"https:\/\/yvie.com\/pro-vercelli-romairone-segna-il-suo-primo-gol-notizie-fresche\/\",\"name\":\"Pro Vercelli: Romairone segna il suo primo gol! Notizie fresche - Yvie\",\"isPartOf\":{\"@id\":\"https:\/\/yvie.com\/#website\"},\"datePublished\":\"2025-09-24T01:21:51+00:00\",\"dateModified\":\"2026-03-06T17:41:59+00:00\",\"author\":{\"@id\":\"https:\/\/yvie.com\/#\/schema\/person\/adc35d434b1bd4fc9a1645968e48cfae\"},\"breadcrumb\":{\"@id\":\"https:\/\/yvie.com\/pro-vercelli-romairone-segna-il-suo-primo-gol-notizie-fresche\/#breadcrumb\"},\"inLanguage\":\"nl-NL\",\"potentialAction\":[{\"@type\":\"ReadAction\",\"target\":[\"https:\/\/yvie.com\/pro-vercelli-romairone-segna-il-suo-primo-gol-notizie-fresche\/\"]}]},{\"@type\":\"BreadcrumbList\",\"@id\":\"https:\/\/yvie.com\/pro-vercelli-romairone-segna-il-suo-primo-gol-notizie-fresche\/#breadcrumb\",\"itemListElement\":[{\"@type\":\"ListItem\",\"position\":1,\"name\":\"Home\",\"item\":\"https:\/\/yvie.com\/\"},{\"@type\":\"ListItem\",\"position\":2,\"name\":\"Pro Vercelli: Romairone segna il suo primo gol! Notizie fresche\"}]},{\"@type\":\"WebSite\",\"@id\":\"https:\/\/yvie.com\/#website\",\"url\":\"https:\/\/yvie.com\/\",\"name\":\"Yvie\",\"description\":\"\",\"potentialAction\":[{\"@type\":\"SearchAction\",\"target\":{\"@type\":\"EntryPoint\",\"urlTemplate\":\"https:\/\/yvie.com\/?s={search_term_string}\"},\"query-input\":{\"@type\":\"PropertyValueSpecification\",\"valueRequired\":true,\"valueName\":\"search_term_string\"}}],\"inLanguage\":\"nl-NL\"},{\"@type\":\"Person\",\"@id\":\"https:\/\/yvie.com\/#\/schema\/person\/adc35d434b1bd4fc9a1645968e48cfae\",\"name\":\"Elles de Bruin-Rook\",\"url\":\"https:\/\/yvie.com\/nl\/author\/elles\/\"}]}<\/script>\n<!-- \/ Yoast SEO plugin. -->","yoast_head_json":{"title":"Pro Vercelli: Romairone segna il suo primo gol! Notizie fresche - Yvie","robots":{"index":"index","follow":"follow","max-snippet":"max-snippet:-1","max-image-preview":"max-image-preview:large","max-video-preview":"max-video-preview:-1"},"canonical":"https:\/\/yvie.com\/nl\/pro-vercelli-romairone-segna-il-suo-primo-gol-notizie-fresche\/","og_locale":"nl_NL","og_type":"article","og_title":"Pro Vercelli: Romairone segna il suo primo gol! Notizie fresche - Yvie","og_description":"Introduzione a Pro Vercelli e il suo impatto nel calcio italiano La Pro Vercelli, storica societ\u00e0 calcistica italiana, rappresenta un capitolo fondamentale nella storia del calcio nazionale. Fondata nel 1892, \u00e8 famosa per aver conquistato sette titoli di campione d&#8217;Italia, un record che testimonia la sua importanza nel panorama sportivo. Questi successi non solo hanno [&hellip;]","og_url":"https:\/\/yvie.com\/nl\/pro-vercelli-romairone-segna-il-suo-primo-gol-notizie-fresche\/","og_site_name":"Yvie","article_published_time":"2025-09-24T01:21:51+00:00","article_modified_time":"2026-03-06T17:41:59+00:00","author":"Elles de Bruin-Rook","twitter_card":"summary_large_image","twitter_misc":{"Geschreven door":"Elles de Bruin-Rook","Geschatte leestijd":"5 minuten"},"schema":{"@context":"https:\/\/schema.org","@graph":[{"@type":"Article","@id":"https:\/\/yvie.com\/pro-vercelli-romairone-segna-il-suo-primo-gol-notizie-fresche\/#article","isPartOf":{"@id":"https:\/\/yvie.com\/pro-vercelli-romairone-segna-il-suo-primo-gol-notizie-fresche\/"},"author":{"name":"Elles de Bruin-Rook","@id":"https:\/\/yvie.com\/#\/schema\/person\/adc35d434b1bd4fc9a1645968e48cfae"},"headline":"Pro Vercelli: Romairone segna il suo primo gol! Notizie fresche","datePublished":"2025-09-24T01:21:51+00:00","dateModified":"2026-03-06T17:41:59+00:00","mainEntityOfPage":{"@id":"https:\/\/yvie.com\/pro-vercelli-romairone-segna-il-suo-primo-gol-notizie-fresche\/"},"wordCount":912,"inLanguage":"nl-NL"},{"@type":"WebPage","@id":"https:\/\/yvie.com\/pro-vercelli-romairone-segna-il-suo-primo-gol-notizie-fresche\/","url":"https:\/\/yvie.com\/pro-vercelli-romairone-segna-il-suo-primo-gol-notizie-fresche\/","name":"Pro Vercelli: Romairone segna il suo primo gol! Notizie fresche - Yvie","isPartOf":{"@id":"https:\/\/yvie.com\/#website"},"datePublished":"2025-09-24T01:21:51+00:00","dateModified":"2026-03-06T17:41:59+00:00","author":{"@id":"https:\/\/yvie.com\/#\/schema\/person\/adc35d434b1bd4fc9a1645968e48cfae"},"breadcrumb":{"@id":"https:\/\/yvie.com\/pro-vercelli-romairone-segna-il-suo-primo-gol-notizie-fresche\/#breadcrumb"},"inLanguage":"nl-NL","potentialAction":[{"@type":"ReadAction","target":["https:\/\/yvie.com\/pro-vercelli-romairone-segna-il-suo-primo-gol-notizie-fresche\/"]}]},{"@type":"BreadcrumbList","@id":"https:\/\/yvie.com\/pro-vercelli-romairone-segna-il-suo-primo-gol-notizie-fresche\/#breadcrumb","itemListElement":[{"@type":"ListItem","position":1,"name":"Home","item":"https:\/\/yvie.com\/"},{"@type":"ListItem","position":2,"name":"Pro Vercelli: Romairone segna il suo primo gol! Notizie fresche"}]},{"@type":"WebSite","@id":"https:\/\/yvie.com\/#website","url":"https:\/\/yvie.com\/","name":"Yvie","description":"","potentialAction":[{"@type":"SearchAction","target":{"@type":"EntryPoint","urlTemplate":"https:\/\/yvie.com\/?s={search_term_string}"},"query-input":{"@type":"PropertyValueSpecification","valueRequired":true,"valueName":"search_term_string"}}],"inLanguage":"nl-NL"},{"@type":"Person","@id":"https:\/\/yvie.com\/#\/schema\/person\/adc35d434b1bd4fc9a1645968e48cfae","name":"Elles de Bruin-Rook","url":"https:\/\/yvie.com\/nl\/author\/elles\/"}]}},"_links":{"self":[{"href":"https:\/\/yvie.com\/nl\/wp-json\/wp\/v2\/posts\/12616","targetHints":{"allow":["GET"]}}],"collection":[{"href":"https:\/\/yvie.com\/nl\/wp-json\/wp\/v2\/posts"}],"about":[{"href":"https:\/\/yvie.com\/nl\/wp-json\/wp\/v2\/types\/post"}],"author":[{"embeddable":true,"href":"https:\/\/yvie.com\/nl\/wp-json\/wp\/v2\/users\/2"}],"replies":[{"embeddable":true,"href":"https:\/\/yvie.com\/nl\/wp-json\/wp\/v2\/comments?post=12616"}],"version-history":[{"count":1,"href":"https:\/\/yvie.com\/nl\/wp-json\/wp\/v2\/posts\/12616\/revisions"}],"predecessor-version":[{"id":12617,"href":"https:\/\/yvie.com\/nl\/wp-json\/wp\/v2\/posts\/12616\/revisions\/12617"}],"wp:attachment":[{"href":"https:\/\/yvie.com\/nl\/wp-json\/wp\/v2\/media?parent=12616"}],"wp:term":[{"taxonomy":"category","embeddable":true,"href":"https:\/\/yvie.com\/nl\/wp-json\/wp\/v2\/categories?post=12616"},{"taxonomy":"post_tag","embeddable":true,"href":"https:\/\/yvie.com\/nl\/wp-json\/wp\/v2\/tags?post=12616"}],"curies":[{"name":"wp","href":"https:\/\/api.w.org\/{rel}","templated":true}]}}