{"id":12934,"date":"2025-10-15T07:48:10","date_gmt":"2025-10-15T07:48:10","guid":{"rendered":"https:\/\/yvie.com\/?p=12934"},"modified":"2026-03-09T15:17:52","modified_gmt":"2026-03-09T15:17:52","slug":"residencia-ancianos-granada-servicios-dedicados-a-cuidados-paliativos-y-final-de-vida","status":"publish","type":"post","link":"https:\/\/yvie.com\/nl\/residencia-ancianos-granada-servicios-dedicados-a-cuidados-paliativos-y-final-de-vida\/","title":{"rendered":"Residencia Ancianos Granada Servicios Dedicados a Cuidados Paliativos y Final de Vida"},"content":{"rendered":"<p>El alivio del dolor debe ser la m\u00e1xima prioridad en el cuidado de personas con enfermedades avanzadas. Cada persona merece recibir atenci\u00f3n que respete su <strong>dignidad<\/strong> y promueva su bienestar emocional y f\u00edsico. En este contexto, se valora el papel de la <strong>\u00e9tica m\u00e9dica<\/strong> como gu\u00eda fundamental para asegurar que se tomen decisiones adecuadas y compasivas.<\/p>\n<p>Brindar un entorno donde el respeto por la <strong>dignidad<\/strong> sea central permite a los pacientes vivir sus \u00faltimos momentos con paz. La integraci\u00f3n de pr\u00e1cticas que enfatizan el <strong>alivio del dolor<\/strong> es esencial para el bienestar general, as\u00ed como mantener un enfoque que honre la <strong>\u00e9tica m\u00e9dica<\/strong>. Esto no solo ayuda a los pacientes, sino que tambi\u00e9n brinda consuelo a sus familias.<\/p>\n<h2>Importancia de los cuidados en la tercera edad<\/h2>\n<p>El acompa\u00f1amiento de personas mayores es fundamental para garantizar su bienestar. El apoyo familiar juega un papel clave, proporcionando una red emocional que puede hacer la diferencia en momentos dif\u00edciles. La \u00e9tica m\u00e9dica debe priorizar la dignidad del paciente, asegurando que sus deseos y necesidades sean respetados.<\/p>\n<p>Las intervenciones en esta etapa de la vida deben centrarse en aliviar el sufrimiento y ofrecer una calidad de vida adecuada. El entorno familiar debe ser un refugio que ayude a enfrentar los desaf\u00edos del d\u00eda a d\u00eda, implementando estrategias que promuevan un ambiente de respeto y cari\u00f1o.<\/p>\n<h2>C\u00f3mo seleccionar la residencia adecuada para cuidados finales<\/h2>\n<p>Es fundamental buscar un centro que priorice la dignidad del paciente. Evaluar la filosof\u00eda de atenci\u00f3n de la instituci\u00f3n es un buen comienzo.<\/p>\n<p>La atenci\u00f3n debe enfocarse en ofrecer un alivio del dolor eficaz. Investiga los m\u00e9todos que utilizan para garantizar el bienestar f\u00edsico y emocional de los residentes.<\/p>\n<p>La \u00e9tica m\u00e9dica debe ser un pilar en la elecci\u00f3n del lugar. Pregunta sobre la formaci\u00f3n del personal en pr\u00e1cticas \u00e9ticas y c\u00f3mo manejan las decisiones dif\u00edciles.<\/p>\n<p>Considera la comodidad y el entorno del centro. Un ambiente acogedor puede marcar una gran diferencia en la experiencia final del paciente.<\/p>\n<table>\n<tbody>\n<tr>\n<th>Criterio<\/th>\n<th>Importancia<\/th>\n<\/tr>\n<tr>\n<td>Dignidad del paciente<\/td>\n<td>Alta<\/td>\n<\/tr>\n<tr>\n<td>Alivio del dolor<\/td>\n<td>Crucial<\/td>\n<\/tr>\n<tr>\n<td>\u00c9tica m\u00e9dica<\/td>\n<td>Primordial<\/td>\n<\/tr>\n<\/tbody>\n<\/table>\n<p>Comprobar las opiniones de otras familias puede ofrecerte una perspectiva valiosa sobre la calidad de la atenci\u00f3n brindada en la residencia.<\/p>\n<p>Por \u00faltimo, tener una conversaci\u00f3n clara con el equipo m\u00e9dico sobre tus expectativas ayudar\u00e1 a asegurar que el final de la etapa de vida de tu ser querido sea como se merece.<\/p>\n<h2>Servicios ofrecidos en cuidados en Granada<\/h2>\n<p>Los profesionales en atenci\u00f3n para aquellos que enfrentan enfermedades avanzadas proporcionan un enfoque comprehensivo centrado en la dignidad del paciente. Los servicios incluyen la gesti\u00f3n del dolor mediante un tratamiento personalizado que busca el alivio del dolor constante, garantizando un enfoque humanizado y emp\u00e1tico.<\/p>\n<p>Adicionalmente, se destaca la importancia de la \u00e9tica m\u00e9dica, prevaleciendo el respeto por los deseos de cada individuo. Estos especialistas trabajan en estrecha colaboraci\u00f3n con las familias para asegurar que los cuidados reflejen los valores y preferencias del paciente, creando un entorno de bienestar.<\/p>\n<p>La atenci\u00f3n puede abarcar visitas regulares y consultas en el hogar, permitiendo que los pacientes reciban el cuidado necesario en un ambiente familiar y acogedor. La comodidad emocional es tan relevante como la f\u00edsica, lo que se traduce en un acompa\u00f1amiento constante y apoyo a los seres queridos.<\/p>\n<p>Las instalaciones en Granada est\u00e1n dise\u00f1adas para ofrecer un entorno seguro y sereno, donde los pacientes pueden disfrutar de sus \u00faltimos momentos con dignidad. Aqu\u00ed, el enfoque integral garantiza que todos los aspectos de la salud sean atendidos de manera efectiva y compasiva.<\/p>\n<p>Para m\u00e1s informaci\u00f3n sobre estos servicios vitales, visita <a href=\"https:\/\/residenciaancianosgranada.es\/\">https:\/\/residenciaancianosgranada.es\/<\/a>. La atenci\u00f3n recibida es fundamental para que los pacientes y sus familias sientan el respaldo necesario en estos momentos tan delicados.<\/p>\n<h2>Testimonios de familias sobre la atenci\u00f3n en el final de la vida<\/h2>\n<p>La presencia de <strong>apoyo familiar<\/strong> es fundamental en los momentos dif\u00edciles. Las familias que han experimentado estos cuidados blandos destacan la importancia de estar arropados por seres queridos. Este acompa\u00f1amiento proporciona una base emocional que ayuda a afrontar la situaci\u00f3n con mayor serenidad.<\/p>\n<p>Muchos testimonios resaltan que la <strong>dignidad<\/strong> se convirti\u00f3 en un pilar durante los \u00faltimos d\u00edas. Las familias valoran enormemente los esfuerzos realizados para asegurar que sus seres queridos mantuvieran su autonom\u00eda y respeto en todo momento, lo cual genera una atm\u00f3sfera de paz.<\/p>\n<p>El <strong>alivio del dolor<\/strong> es otra prioridad mencionada por los familiares. La atenci\u00f3n se centra en minimizar el sufrimiento, permitiendo que aquellos en fase terminal puedan descansar en un ambiente c\u00e1lido y seguro, rodeados de afecto.<\/p>\n<p>Las experiencias compartidas por las familias son inspiradoras y reflejan c\u00f3mo una atenci\u00f3n compasiva transforma los momentos m\u00e1s dif\u00edciles en una conexi\u00f3n profunda y memorable, donde el amor y el respeto prevalecen hasta el final.<\/p>\n<h2>Preguntas y respuestas: <\/h2>\n<h4>\u00bfQu\u00e9 servicios ofrecen en residenciaancianosgranada.es para cuidados paliativos?<\/h4>\n<p>Residenciaancianosgranada.es se especializa en proporcionar cuidados paliativos completos, que incluyen atenci\u00f3n m\u00e9dica, control del dolor, y apoyo emocional tanto para los pacientes como para sus familias. Su enfoque se centra en mejorar la calidad de vida de los pacientes en situaciones cr\u00edticas.<\/p>\n<h4>\u00bfC\u00f3mo pueden los familiares involucrarse en el proceso de cuidado en la residencia?<\/h4>\n<p>Los familiares son una parte importante del proceso de atenci\u00f3n. La residencia anima a los familiares a participar en las reuniones de planificaci\u00f3n del cuidado y en actividades que involucran a sus seres queridos. Se les proporciona informaci\u00f3n y apoyo para entender mejor la situaci\u00f3n.<\/p>\n<h4>\u00bfQu\u00e9 tipo de formaci\u00f3n tienen los cuidadores en residenciaancianosgranada.es?<\/h4>\n<p>Los cuidadores en la residencia poseen formaci\u00f3n especializada en cuidados paliativos y en manejo del dolor. Adem\u00e1s, reciben capacitaci\u00f3n continua para estar al d\u00eda con las mejores pr\u00e1cticas en el trato a personas en estado cr\u00edtico y en la atenci\u00f3n al final de la vida.<\/p>\n<h4>\u00bfQu\u00e9 papel juega la familia en el acompa\u00f1amiento del paciente?<\/h4>\n<p>La familia juega un rol fundamental en el acompa\u00f1amiento del paciente. Se les motiva a estar presentes, expresar sus emociones y participar en el cuidado diario, lo que puede ayudar a los pacientes a sentirse m\u00e1s c\u00f3modos y apoyados durante este proceso.<\/p>\n<h4>\u00bfC\u00f3mo manejan la comunicaci\u00f3n con pacientes que tienen enfermedades terminales?<\/h4>\n<p>La comunicaci\u00f3n es un aspecto clave en el cuidado. El equipo de residenciaancianosgranada.es se esfuerza por establecer un di\u00e1logo claro y compasivo, adaptando el lenguaje y el enfoque a las necesidades individuales del paciente. Se busca crear un ambiente de confianza donde se puedan expresar temores y deseos.<\/p>\n<h4>\u00bfQu\u00e9 servicios ofrece Residenciaancianosgranada.es en el \u00e1rea de cuidados paliativos?<\/h4>\n<p>Residenciaancianosgranada.es se especializa en proporcionar cuidados paliativos a personas en sus \u00faltimos d\u00edas. Esto incluye atenci\u00f3n m\u00e9dica integral, apoyo emocional y acompa\u00f1amiento. El equipo est\u00e1 formado por profesionales capacitados que trabajan para mejorar la calidad de vida de los pacientes y ofrecer un ambiente confortable y digno durante este proceso.<\/p>\n<h4>\u00bfC\u00f3mo se asegura la calidad de atenci\u00f3n en la residencia para ancianos?<\/h4>\n<p>La residencia implementa protocolos estrictos de atenci\u00f3n y cuidado, supervisados por un equipo de expertos en geriatr\u00eda y cuidados paliativos. Adem\u00e1s, se llevan a cabo evaluaciones regulares del bienestar de los residentes, lo que permite realizar ajustes en los planes de atenci\u00f3n seg\u00fan sea necesario. La comunicaci\u00f3n abierta con las familias tambi\u00e9n es fundamental para garantizar que se satisfagan las necesidades de los pacientes.<\/p>","protected":false},"excerpt":{"rendered":"<p>El alivio del dolor debe ser la m\u00e1xima prioridad en el cuidado de personas con enfermedades avanzadas. Cada persona merece recibir atenci\u00f3n que respete su dignidad y promueva su bienestar emocional y f\u00edsico. En este contexto, se valora el papel de la \u00e9tica m\u00e9dica como gu\u00eda fundamental para asegurar que se tomen decisiones adecuadas y [&hellip;]<\/p>\n","protected":false},"author":2,"featured_media":0,"comment_status":"closed","ping_status":"","sticky":false,"template":"","format":"standard","meta":{"_et_pb_use_builder":"","_et_pb_old_content":"","_et_gb_content_width":"","inline_featured_image":false,"footnotes":""},"categories":[1],"tags":[],"class_list":["post-12934","post","type-post","status-publish","format-standard","hentry","category-niet-gecategoriseerd"],"yoast_head":"<!-- This site is optimized with the Yoast SEO plugin v26.8 - https:\/\/yoast.com\/product\/yoast-seo-wordpress\/ -->\n<title>Residencia Ancianos Granada Servicios Dedicados a Cuidados Paliativos y Final de Vida - Yvie<\/title>\n<meta name=\"robots\" content=\"index, follow, max-snippet:-1, max-image-preview:large, max-video-preview:-1\" \/>\n<link rel=\"canonical\" href=\"https:\/\/yvie.com\/nl\/residencia-ancianos-granada-servicios-dedicados-a-cuidados-paliativos-y-final-de-vida\/\" \/>\n<meta property=\"og:locale\" content=\"nl_NL\" \/>\n<meta property=\"og:type\" content=\"article\" \/>\n<meta property=\"og:title\" content=\"Residencia Ancianos Granada Servicios Dedicados a Cuidados Paliativos y Final de Vida - Yvie\" \/>\n<meta property=\"og:description\" content=\"El alivio del dolor debe ser la m\u00e1xima prioridad en el cuidado de personas con enfermedades avanzadas. Cada persona merece recibir atenci\u00f3n que respete su dignidad y promueva su bienestar emocional y f\u00edsico. En este contexto, se valora el papel de la \u00e9tica m\u00e9dica como gu\u00eda fundamental para asegurar que se tomen decisiones adecuadas y [&hellip;]\" \/>\n<meta property=\"og:url\" content=\"https:\/\/yvie.com\/nl\/residencia-ancianos-granada-servicios-dedicados-a-cuidados-paliativos-y-final-de-vida\/\" \/>\n<meta property=\"og:site_name\" content=\"Yvie\" \/>\n<meta property=\"article:published_time\" content=\"2025-10-15T07:48:10+00:00\" \/>\n<meta property=\"article:modified_time\" content=\"2026-03-09T15:17:52+00:00\" \/>\n<meta name=\"author\" content=\"Elles de Bruin-Rook\" \/>\n<meta name=\"twitter:card\" content=\"summary_large_image\" \/>\n<meta name=\"twitter:label1\" content=\"Geschreven door\" \/>\n\t<meta name=\"twitter:data1\" content=\"Elles de Bruin-Rook\" \/>\n\t<meta name=\"twitter:label2\" content=\"Geschatte leestijd\" \/>\n\t<meta name=\"twitter:data2\" content=\"6 minuten\" \/>\n<script type=\"application\/ld+json\" class=\"yoast-schema-graph\">{\"@context\":\"https:\/\/schema.org\",\"@graph\":[{\"@type\":\"Article\",\"@id\":\"https:\/\/yvie.com\/residencia-ancianos-granada-servicios-dedicados-a-cuidados-paliativos-y-final-de-vida\/#article\",\"isPartOf\":{\"@id\":\"https:\/\/yvie.com\/residencia-ancianos-granada-servicios-dedicados-a-cuidados-paliativos-y-final-de-vida\/\"},\"author\":{\"name\":\"Elles de Bruin-Rook\",\"@id\":\"https:\/\/yvie.com\/#\/schema\/person\/adc35d434b1bd4fc9a1645968e48cfae\"},\"headline\":\"Residencia Ancianos Granada Servicios Dedicados a Cuidados Paliativos y Final de Vida\",\"datePublished\":\"2025-10-15T07:48:10+00:00\",\"dateModified\":\"2026-03-09T15:17:52+00:00\",\"mainEntityOfPage\":{\"@id\":\"https:\/\/yvie.com\/residencia-ancianos-granada-servicios-dedicados-a-cuidados-paliativos-y-final-de-vida\/\"},\"wordCount\":1305,\"inLanguage\":\"nl-NL\"},{\"@type\":\"WebPage\",\"@id\":\"https:\/\/yvie.com\/residencia-ancianos-granada-servicios-dedicados-a-cuidados-paliativos-y-final-de-vida\/\",\"url\":\"https:\/\/yvie.com\/residencia-ancianos-granada-servicios-dedicados-a-cuidados-paliativos-y-final-de-vida\/\",\"name\":\"Residencia Ancianos Granada Servicios Dedicados a Cuidados Paliativos y Final de Vida - Yvie\",\"isPartOf\":{\"@id\":\"https:\/\/yvie.com\/#website\"},\"datePublished\":\"2025-10-15T07:48:10+00:00\",\"dateModified\":\"2026-03-09T15:17:52+00:00\",\"author\":{\"@id\":\"https:\/\/yvie.com\/#\/schema\/person\/adc35d434b1bd4fc9a1645968e48cfae\"},\"breadcrumb\":{\"@id\":\"https:\/\/yvie.com\/residencia-ancianos-granada-servicios-dedicados-a-cuidados-paliativos-y-final-de-vida\/#breadcrumb\"},\"inLanguage\":\"nl-NL\",\"potentialAction\":[{\"@type\":\"ReadAction\",\"target\":[\"https:\/\/yvie.com\/residencia-ancianos-granada-servicios-dedicados-a-cuidados-paliativos-y-final-de-vida\/\"]}]},{\"@type\":\"BreadcrumbList\",\"@id\":\"https:\/\/yvie.com\/residencia-ancianos-granada-servicios-dedicados-a-cuidados-paliativos-y-final-de-vida\/#breadcrumb\",\"itemListElement\":[{\"@type\":\"ListItem\",\"position\":1,\"name\":\"Home\",\"item\":\"https:\/\/yvie.com\/\"},{\"@type\":\"ListItem\",\"position\":2,\"name\":\"Residencia Ancianos Granada Servicios Dedicados a Cuidados Paliativos y Final de Vida\"}]},{\"@type\":\"WebSite\",\"@id\":\"https:\/\/yvie.com\/#website\",\"url\":\"https:\/\/yvie.com\/\",\"name\":\"Yvie\",\"description\":\"\",\"potentialAction\":[{\"@type\":\"SearchAction\",\"target\":{\"@type\":\"EntryPoint\",\"urlTemplate\":\"https:\/\/yvie.com\/?s={search_term_string}\"},\"query-input\":{\"@type\":\"PropertyValueSpecification\",\"valueRequired\":true,\"valueName\":\"search_term_string\"}}],\"inLanguage\":\"nl-NL\"},{\"@type\":\"Person\",\"@id\":\"https:\/\/yvie.com\/#\/schema\/person\/adc35d434b1bd4fc9a1645968e48cfae\",\"name\":\"Elles de Bruin-Rook\",\"url\":\"https:\/\/yvie.com\/nl\/author\/elles\/\"}]}<\/script>\n<!-- \/ Yoast SEO plugin. -->","yoast_head_json":{"title":"Residencia Ancianos Granada Servicios Dedicados a Cuidados Paliativos y Final de Vida - Yvie","robots":{"index":"index","follow":"follow","max-snippet":"max-snippet:-1","max-image-preview":"max-image-preview:large","max-video-preview":"max-video-preview:-1"},"canonical":"https:\/\/yvie.com\/nl\/residencia-ancianos-granada-servicios-dedicados-a-cuidados-paliativos-y-final-de-vida\/","og_locale":"nl_NL","og_type":"article","og_title":"Residencia Ancianos Granada Servicios Dedicados a Cuidados Paliativos y Final de Vida - Yvie","og_description":"El alivio del dolor debe ser la m\u00e1xima prioridad en el cuidado de personas con enfermedades avanzadas. Cada persona merece recibir atenci\u00f3n que respete su dignidad y promueva su bienestar emocional y f\u00edsico. En este contexto, se valora el papel de la \u00e9tica m\u00e9dica como gu\u00eda fundamental para asegurar que se tomen decisiones adecuadas y [&hellip;]","og_url":"https:\/\/yvie.com\/nl\/residencia-ancianos-granada-servicios-dedicados-a-cuidados-paliativos-y-final-de-vida\/","og_site_name":"Yvie","article_published_time":"2025-10-15T07:48:10+00:00","article_modified_time":"2026-03-09T15:17:52+00:00","author":"Elles de Bruin-Rook","twitter_card":"summary_large_image","twitter_misc":{"Geschreven door":"Elles de Bruin-Rook","Geschatte leestijd":"6 minuten"},"schema":{"@context":"https:\/\/schema.org","@graph":[{"@type":"Article","@id":"https:\/\/yvie.com\/residencia-ancianos-granada-servicios-dedicados-a-cuidados-paliativos-y-final-de-vida\/#article","isPartOf":{"@id":"https:\/\/yvie.com\/residencia-ancianos-granada-servicios-dedicados-a-cuidados-paliativos-y-final-de-vida\/"},"author":{"name":"Elles de Bruin-Rook","@id":"https:\/\/yvie.com\/#\/schema\/person\/adc35d434b1bd4fc9a1645968e48cfae"},"headline":"Residencia Ancianos Granada Servicios Dedicados a Cuidados Paliativos y Final de Vida","datePublished":"2025-10-15T07:48:10+00:00","dateModified":"2026-03-09T15:17:52+00:00","mainEntityOfPage":{"@id":"https:\/\/yvie.com\/residencia-ancianos-granada-servicios-dedicados-a-cuidados-paliativos-y-final-de-vida\/"},"wordCount":1305,"inLanguage":"nl-NL"},{"@type":"WebPage","@id":"https:\/\/yvie.com\/residencia-ancianos-granada-servicios-dedicados-a-cuidados-paliativos-y-final-de-vida\/","url":"https:\/\/yvie.com\/residencia-ancianos-granada-servicios-dedicados-a-cuidados-paliativos-y-final-de-vida\/","name":"Residencia Ancianos Granada Servicios Dedicados a Cuidados Paliativos y Final de Vida - Yvie","isPartOf":{"@id":"https:\/\/yvie.com\/#website"},"datePublished":"2025-10-15T07:48:10+00:00","dateModified":"2026-03-09T15:17:52+00:00","author":{"@id":"https:\/\/yvie.com\/#\/schema\/person\/adc35d434b1bd4fc9a1645968e48cfae"},"breadcrumb":{"@id":"https:\/\/yvie.com\/residencia-ancianos-granada-servicios-dedicados-a-cuidados-paliativos-y-final-de-vida\/#breadcrumb"},"inLanguage":"nl-NL","potentialAction":[{"@type":"ReadAction","target":["https:\/\/yvie.com\/residencia-ancianos-granada-servicios-dedicados-a-cuidados-paliativos-y-final-de-vida\/"]}]},{"@type":"BreadcrumbList","@id":"https:\/\/yvie.com\/residencia-ancianos-granada-servicios-dedicados-a-cuidados-paliativos-y-final-de-vida\/#breadcrumb","itemListElement":[{"@type":"ListItem","position":1,"name":"Home","item":"https:\/\/yvie.com\/"},{"@type":"ListItem","position":2,"name":"Residencia Ancianos Granada Servicios Dedicados a Cuidados Paliativos y Final de Vida"}]},{"@type":"WebSite","@id":"https:\/\/yvie.com\/#website","url":"https:\/\/yvie.com\/","name":"Yvie","description":"","potentialAction":[{"@type":"SearchAction","target":{"@type":"EntryPoint","urlTemplate":"https:\/\/yvie.com\/?s={search_term_string}"},"query-input":{"@type":"PropertyValueSpecification","valueRequired":true,"valueName":"search_term_string"}}],"inLanguage":"nl-NL"},{"@type":"Person","@id":"https:\/\/yvie.com\/#\/schema\/person\/adc35d434b1bd4fc9a1645968e48cfae","name":"Elles de Bruin-Rook","url":"https:\/\/yvie.com\/nl\/author\/elles\/"}]}},"_links":{"self":[{"href":"https:\/\/yvie.com\/nl\/wp-json\/wp\/v2\/posts\/12934","targetHints":{"allow":["GET"]}}],"collection":[{"href":"https:\/\/yvie.com\/nl\/wp-json\/wp\/v2\/posts"}],"about":[{"href":"https:\/\/yvie.com\/nl\/wp-json\/wp\/v2\/types\/post"}],"author":[{"embeddable":true,"href":"https:\/\/yvie.com\/nl\/wp-json\/wp\/v2\/users\/2"}],"replies":[{"embeddable":true,"href":"https:\/\/yvie.com\/nl\/wp-json\/wp\/v2\/comments?post=12934"}],"version-history":[{"count":1,"href":"https:\/\/yvie.com\/nl\/wp-json\/wp\/v2\/posts\/12934\/revisions"}],"predecessor-version":[{"id":12935,"href":"https:\/\/yvie.com\/nl\/wp-json\/wp\/v2\/posts\/12934\/revisions\/12935"}],"wp:attachment":[{"href":"https:\/\/yvie.com\/nl\/wp-json\/wp\/v2\/media?parent=12934"}],"wp:term":[{"taxonomy":"category","embeddable":true,"href":"https:\/\/yvie.com\/nl\/wp-json\/wp\/v2\/categories?post=12934"},{"taxonomy":"post_tag","embeddable":true,"href":"https:\/\/yvie.com\/nl\/wp-json\/wp\/v2\/tags?post=12934"}],"curies":[{"name":"wp","href":"https:\/\/api.w.org\/{rel}","templated":true}]}}