{"id":12994,"date":"2025-10-19T07:02:31","date_gmt":"2025-10-19T07:02:31","guid":{"rendered":"https:\/\/yvie.com\/?p=12994"},"modified":"2026-03-09T15:39:09","modified_gmt":"2026-03-09T15:39:09","slug":"la-mallorquina-tradicion-textil-y-elegancia-para-el-hogar-desde-1947","status":"publish","type":"post","link":"https:\/\/yvie.com\/nl\/la-mallorquina-tradicion-textil-y-elegancia-para-el-hogar-desde-1947\/","title":{"rendered":"La Mallorquina Tradici\u00f3n Textil y Elegancia para el Hogar Desde 1947"},"content":{"rendered":"<p>Aprovecha la oportunidad de elevar tu espacio con productos de calidad premium que ofrecen un toque distintivo.<\/p>\n<p>La atenci\u00f3n al detalle y las materias primas cuidadosamente seleccionadas aseguran que cada pieza de ropa de hogar no solo sea funcional, sino tambi\u00e9n un reflejo de sofisticaci\u00f3n.<\/p>\n<p>Con una rica historia de marca, esta empresa ha dejado una huella en el sector de la confecci\u00f3n, convirti\u00e9ndose en un referente de estilo y distinci\u00f3n.<\/p>\n<p>Cada art\u00edculo cuenta una historia que abarca d\u00e9cadas de experiencia en el arte de transformar materiales en algo verdaderamente especial.<\/p>\n<p>El compromiso con la excelencia se refleja en cada uno de sus dise\u00f1os, que no solo decoran, sino que tambi\u00e9n realzan el ambiente de cualquier habitaci\u00f3n.<\/p>\n<p>Invierte en la calidad y sofisticaci\u00f3n que tus espacios merecen, y descubre c\u00f3mo la tradici\u00f3n y la modernidad pueden coexistir arm\u00f3nicamente.<\/p>\n<h2>Calidad de materiales en los textiles de La Mallorquina<\/h2>\n<p>La elecci\u00f3n de los tejidos es fundamental en la ropa de hogar, y aqu\u00ed se prioriza la excelencia. Utilizando fibras naturales de alta calidad, la marca asegura durabilidad y suavidad, elementos esenciales para la satisfacci\u00f3n del cliente. Cada producto refleja una atenci\u00f3n minuciosa a los detalles, lo que garantiza la superioridad en cada pieza.<\/p>\n<p>Los textiles de dise\u00f1o que la firma ofrece no solo embellecen los espacios, sino que tambi\u00e9n aportan funcionalidad y confort. La selecci\u00f3n de materiales se basa en una historia de marca s\u00f3lida, enfoc\u00e1ndose en tradiciones que valoran la resistencia y la est\u00e9tica. Estas caracter\u00edsticas convierten a cada art\u00edculo en una inversi\u00f3n para el d\u00eda a d\u00eda.<\/p>\n<p>La variedad de opciones disponibles responde a diversas preferencias est\u00e9ticas. Desde dise\u00f1os cl\u00e1sicos hasta contempor\u00e1neos, cada colecci\u00f3n se confecciona con texturas que invitan al toque, lo que enriquece la experiencia del usuario. El compromiso con la calidad prevalece en cada etapa del proceso productivo.<\/p>\n<p>Optar por productos de esta marca no solo significa seleccionar ropa de hogar de calidad, sino tambi\u00e9n apoyar un legado que valora el buen gusto. Cada hilo de los tejidos habla de un esfuerzo por armonizar lo pr\u00e1ctico con lo bello, invitando a los consumidores a redescubrir su espacio personal con sofisticaci\u00f3n.<\/p>\n<h2>Dise\u00f1os y estilos que marcan tendencia en el hogar<\/h2>\n<p>Optar por calidad premium en el mundo de la decoraci\u00f3n puede transformar por completo cualquier espacio. Los textiles de dise\u00f1o brindan un toque de sofisticaci\u00f3n y refinamiento que es dif\u00edcil de igualar. Al elegir ropa de hogar, considera aquellas piezas que resalten y complementen tu estilo personal, creando ambientes \u00fanicos y acogedores.<\/p>\n<p>Las tendencias actuales incluyen patrones geom\u00e9tricos y colores c\u00e1lidos que aportan una sensaci\u00f3n de confort. Atr\u00e9vete a experimentar con combinaciones de texturas que a\u00f1aden profundidad. Mientras los tonos neutros permanecen populares, las paletas m\u00e1s atrevidas est\u00e1n ganando espacio y aportan un aire fresco y moderno.<\/p>\n<ul>\n<li>Textiles con estampados florales como un gui\u00f1o a la naturaleza.<\/li>\n<li>Materiales sostenibles que no sacrifican estilo por responsabilidad.<\/li>\n<li>La mezcla de estilos tradicionales y contempor\u00e1neos para un look ecl\u00e9ctico.<\/li>\n<\/ul>\n<p>Incorporar elementos personalizados tambi\u00e9n es fundamental. La ropa de hogar hecha a medida puede reflejar tu personalidad, a\u00f1adiendo un aire distintivo a cada estancia. La atenci\u00f3n al detalle en cada pieza asegura que tu espacio hable de ti, permitiendo que todos los visitantes lo noten y lo aprecien.<\/p>\n<h2>Consejos para el cuidado de los productos de calidad premium<\/h2>\n<p>El lavado a mano es el m\u00e9todo m\u00e1s seguro para mantener en buen estado la ropa de hogar. Utiliza agua fr\u00eda y un detergente suave para preservar las fibras y los colores. Esto evitar\u00e1 que el desgaste se acent\u00fae con el tiempo.<\/p>\n<p>Evita el uso de blanqueadores agresivos o suavizantes. Estos productos pueden da\u00f1ar la calidad de la fibra y afectar la historia de marca que refleja la herencia de su confecci\u00f3n. Un cuidado adecuado har\u00e1 que tus piezas duren m\u00e1s.<\/p>\n<ul>\n<li>Secar al aire libre, siempre que sea posible.<\/li>\n<li>Almacenar con cuidado para evitar arrugas y da\u00f1os.<\/li>\n<li>Planchar a baja temperatura para preservar la textura.<\/li>\n<\/ul>\n<p>Para aquellos que poseen productos de alta gama, es recomendable seguir las instrucciones espec\u00edficas de cada etiqueta. La atenci\u00f3n al detalle no solo mejora la durabilidad, sino que tambi\u00e9n asegura que el dise\u00f1o original se mantenga intacto.<\/p>\n<p>Invierte en productos de limpieza y mantenimiento de buena calidad. Estos cuidados permiten conservar la apariencia y funcionalidad de tus art\u00edculos por m\u00e1s tiempo, manteniendo su est\u00e9tica genuina y el confort que ofrecen.<\/p>\n<h2>La influencia de La Mallorquina en la decoraci\u00f3n contempor\u00e1nea<\/h2>\n<p>Es recomendable integrar la ropa de hogar de esta marca en cualquier ambiente moderno, ya que sus productos aportan un toque distintivo y sofisticado a la decoraci\u00f3n actual. Cada colecci\u00f3n est\u00e1 dise\u00f1ada con un enfoque en los textiles de dise\u00f1o, que combinan calidad y est\u00e9tica, reflejando la historia de marca que se remonta a d\u00e9cadas de excelencia.<\/p>\n<p>El uso de materiales naturales y patrones variados ha influido en otros dise\u00f1adores y fabricantes, generando un impacto significativo en la manera en que percibimos el estilo de interiores. La capacidad de La Mallorquina para adaptarse a las tendencias contempor\u00e1neas sin perder su esencia ha resonado en el mundo del dise\u00f1o de interiores.<\/p>\n<table>\n<tbody>\n<tr>\n<th>Elemento<\/th>\n<th>Descripci\u00f3n<\/th>\n<\/tr>\n<tr>\n<td>Textiles<\/td>\n<td>Confeccionados con fibras sostenibles, aportando confort y est\u00e9tica.<\/td>\n<\/tr>\n<tr>\n<td>Patrones<\/td>\n<td>Dise\u00f1os innovadores que marcan tendencias en el mercado actual.<\/td>\n<\/tr>\n<\/tbody>\n<\/table>\n<p>Esto ha promovido un inter\u00e9s renovado por los detalles en distintas estancias. La combinaci\u00f3n de innovaci\u00f3n y respeto por la herencia cultural crea un equilibrio perfecto que cautiva a los amantes de la decoraci\u00f3n. Para conocer m\u00e1s sobre estas propuestas, visita <a href=\"https:\/\/www.la-mallorquina.es\/\">https:\/\/www.la-mallorquina.es\/<\/a>.<\/p>\n<h2>Preguntas y respuestas: <\/h2>\n<h4>\u00bfCu\u00e1l es la historia detr\u00e1s de La Mallorquina y c\u00f3mo ha evolucionado su enfoque textil desde 1947?<\/h4>\n<p>La Mallorquina fue fundada en 1947 y ha sido un referente en la tradici\u00f3n textil en Espa\u00f1a. Desde sus inicios, se ha enfocado en la calidad de sus productos, ofreciendo una amplia gama de textiles para el hogar. A lo largo de las d\u00e9cadas, la empresa ha adaptado su negocio a las tendencias del mercado, manteniendo siempre un compromiso con la elegancia y el dise\u00f1o atemporal.<\/p>\n<h4>\u00bfQu\u00e9 tipo de productos ofrece La Mallorquina y cu\u00e1les son sus caracter\u00edsticas distintivas?<\/h4>\n<p>La Mallorquina ofrece una variedad de productos, incluyendo ropa de hogar, cortinas, manteles y s\u00e1banas. Cada uno de estos art\u00edculos se caracteriza por su confecci\u00f3n de alta calidad y atenci\u00f3n a los detalles. Los materiales utilizados son seleccionados meticulosamente para garantizar durabilidad y est\u00e9tica, destacando la elegancia en cada dise\u00f1o.<\/p>\n<h4>\u00bfC\u00f3mo ha influido la cultura espa\u00f1ola en el dise\u00f1o de los textiles de La Mallorquina?<\/h4>\n<p>La cultura espa\u00f1ola, con su rica historia y tradiciones, ha tenido un impacto significativo en el dise\u00f1o de La Mallorquina. Los patrones, colores y texturas reflejan la diversidad cultural del pa\u00eds, integrando elementos de la herencia local en cada producto. Esto permite que La Mallorquina no solo ofrezca textiles, sino tambi\u00e9n una conexi\u00f3n emocional con sus ra\u00edces.<\/p>\n<h4>\u00bfQu\u00e9 medidas toma La Mallorquina para garantizar la sostenibilidad en su producci\u00f3n textil?<\/h4>\n<p>La Mallorquina ha implementado diversas pr\u00e1cticas sostenibles en su producci\u00f3n, como el uso de materiales ecol\u00f3gicos y procesos de fabricaci\u00f3n que minimizan el impacto ambiental. Adem\u00e1s, se esfuerza por promover el comercio justo y la producci\u00f3n local, asegurando que sus productos no solo sean elegantes, sino tambi\u00e9n responsables desde el punto de vista social y ambiental.<\/p>","protected":false},"excerpt":{"rendered":"<p>Aprovecha la oportunidad de elevar tu espacio con productos de calidad premium que ofrecen un toque distintivo. La atenci\u00f3n al detalle y las materias primas cuidadosamente seleccionadas aseguran que cada pieza de ropa de hogar no solo sea funcional, sino tambi\u00e9n un reflejo de sofisticaci\u00f3n. Con una rica historia de marca, esta empresa ha dejado [&hellip;]<\/p>\n","protected":false},"author":2,"featured_media":0,"comment_status":"closed","ping_status":"","sticky":false,"template":"","format":"standard","meta":{"_et_pb_use_builder":"","_et_pb_old_content":"","_et_gb_content_width":"","inline_featured_image":false,"footnotes":""},"categories":[1],"tags":[],"class_list":["post-12994","post","type-post","status-publish","format-standard","hentry","category-niet-gecategoriseerd"],"yoast_head":"<!-- This site is optimized with the Yoast SEO plugin v26.8 - https:\/\/yoast.com\/product\/yoast-seo-wordpress\/ -->\n<title>La Mallorquina Tradici\u00f3n Textil y Elegancia para el Hogar Desde 1947 - Yvie<\/title>\n<meta name=\"robots\" content=\"index, follow, max-snippet:-1, max-image-preview:large, max-video-preview:-1\" \/>\n<link rel=\"canonical\" href=\"https:\/\/yvie.com\/nl\/la-mallorquina-tradicion-textil-y-elegancia-para-el-hogar-desde-1947\/\" \/>\n<meta property=\"og:locale\" content=\"nl_NL\" \/>\n<meta property=\"og:type\" content=\"article\" \/>\n<meta property=\"og:title\" content=\"La Mallorquina Tradici\u00f3n Textil y Elegancia para el Hogar Desde 1947 - Yvie\" \/>\n<meta property=\"og:description\" content=\"Aprovecha la oportunidad de elevar tu espacio con productos de calidad premium que ofrecen un toque distintivo. La atenci\u00f3n al detalle y las materias primas cuidadosamente seleccionadas aseguran que cada pieza de ropa de hogar no solo sea funcional, sino tambi\u00e9n un reflejo de sofisticaci\u00f3n. Con una rica historia de marca, esta empresa ha dejado [&hellip;]\" \/>\n<meta property=\"og:url\" content=\"https:\/\/yvie.com\/nl\/la-mallorquina-tradicion-textil-y-elegancia-para-el-hogar-desde-1947\/\" \/>\n<meta property=\"og:site_name\" content=\"Yvie\" \/>\n<meta property=\"article:published_time\" content=\"2025-10-19T07:02:31+00:00\" \/>\n<meta property=\"article:modified_time\" content=\"2026-03-09T15:39:09+00:00\" \/>\n<meta name=\"author\" content=\"Elles de Bruin-Rook\" \/>\n<meta name=\"twitter:card\" content=\"summary_large_image\" \/>\n<meta name=\"twitter:label1\" content=\"Geschreven door\" \/>\n\t<meta name=\"twitter:data1\" content=\"Elles de Bruin-Rook\" \/>\n\t<meta name=\"twitter:label2\" content=\"Geschatte leestijd\" \/>\n\t<meta name=\"twitter:data2\" content=\"7 minuten\" \/>\n<script type=\"application\/ld+json\" class=\"yoast-schema-graph\">{\"@context\":\"https:\/\/schema.org\",\"@graph\":[{\"@type\":\"Article\",\"@id\":\"https:\/\/yvie.com\/la-mallorquina-tradicion-textil-y-elegancia-para-el-hogar-desde-1947\/#article\",\"isPartOf\":{\"@id\":\"https:\/\/yvie.com\/la-mallorquina-tradicion-textil-y-elegancia-para-el-hogar-desde-1947\/\"},\"author\":{\"name\":\"Elles de Bruin-Rook\",\"@id\":\"https:\/\/yvie.com\/#\/schema\/person\/adc35d434b1bd4fc9a1645968e48cfae\"},\"headline\":\"La Mallorquina Tradici\u00f3n Textil y Elegancia para el Hogar Desde 1947\",\"datePublished\":\"2025-10-19T07:02:31+00:00\",\"dateModified\":\"2026-03-09T15:39:09+00:00\",\"mainEntityOfPage\":{\"@id\":\"https:\/\/yvie.com\/la-mallorquina-tradicion-textil-y-elegancia-para-el-hogar-desde-1947\/\"},\"wordCount\":1326,\"inLanguage\":\"nl-NL\"},{\"@type\":\"WebPage\",\"@id\":\"https:\/\/yvie.com\/la-mallorquina-tradicion-textil-y-elegancia-para-el-hogar-desde-1947\/\",\"url\":\"https:\/\/yvie.com\/la-mallorquina-tradicion-textil-y-elegancia-para-el-hogar-desde-1947\/\",\"name\":\"La Mallorquina Tradici\u00f3n Textil y Elegancia para el Hogar Desde 1947 - Yvie\",\"isPartOf\":{\"@id\":\"https:\/\/yvie.com\/#website\"},\"datePublished\":\"2025-10-19T07:02:31+00:00\",\"dateModified\":\"2026-03-09T15:39:09+00:00\",\"author\":{\"@id\":\"https:\/\/yvie.com\/#\/schema\/person\/adc35d434b1bd4fc9a1645968e48cfae\"},\"breadcrumb\":{\"@id\":\"https:\/\/yvie.com\/la-mallorquina-tradicion-textil-y-elegancia-para-el-hogar-desde-1947\/#breadcrumb\"},\"inLanguage\":\"nl-NL\",\"potentialAction\":[{\"@type\":\"ReadAction\",\"target\":[\"https:\/\/yvie.com\/la-mallorquina-tradicion-textil-y-elegancia-para-el-hogar-desde-1947\/\"]}]},{\"@type\":\"BreadcrumbList\",\"@id\":\"https:\/\/yvie.com\/la-mallorquina-tradicion-textil-y-elegancia-para-el-hogar-desde-1947\/#breadcrumb\",\"itemListElement\":[{\"@type\":\"ListItem\",\"position\":1,\"name\":\"Home\",\"item\":\"https:\/\/yvie.com\/\"},{\"@type\":\"ListItem\",\"position\":2,\"name\":\"La Mallorquina Tradici\u00f3n Textil y Elegancia para el Hogar Desde 1947\"}]},{\"@type\":\"WebSite\",\"@id\":\"https:\/\/yvie.com\/#website\",\"url\":\"https:\/\/yvie.com\/\",\"name\":\"Yvie\",\"description\":\"\",\"potentialAction\":[{\"@type\":\"SearchAction\",\"target\":{\"@type\":\"EntryPoint\",\"urlTemplate\":\"https:\/\/yvie.com\/?s={search_term_string}\"},\"query-input\":{\"@type\":\"PropertyValueSpecification\",\"valueRequired\":true,\"valueName\":\"search_term_string\"}}],\"inLanguage\":\"nl-NL\"},{\"@type\":\"Person\",\"@id\":\"https:\/\/yvie.com\/#\/schema\/person\/adc35d434b1bd4fc9a1645968e48cfae\",\"name\":\"Elles de Bruin-Rook\",\"url\":\"https:\/\/yvie.com\/nl\/author\/elles\/\"}]}<\/script>\n<!-- \/ Yoast SEO plugin. -->","yoast_head_json":{"title":"La Mallorquina Tradici\u00f3n Textil y Elegancia para el Hogar Desde 1947 - Yvie","robots":{"index":"index","follow":"follow","max-snippet":"max-snippet:-1","max-image-preview":"max-image-preview:large","max-video-preview":"max-video-preview:-1"},"canonical":"https:\/\/yvie.com\/nl\/la-mallorquina-tradicion-textil-y-elegancia-para-el-hogar-desde-1947\/","og_locale":"nl_NL","og_type":"article","og_title":"La Mallorquina Tradici\u00f3n Textil y Elegancia para el Hogar Desde 1947 - Yvie","og_description":"Aprovecha la oportunidad de elevar tu espacio con productos de calidad premium que ofrecen un toque distintivo. La atenci\u00f3n al detalle y las materias primas cuidadosamente seleccionadas aseguran que cada pieza de ropa de hogar no solo sea funcional, sino tambi\u00e9n un reflejo de sofisticaci\u00f3n. Con una rica historia de marca, esta empresa ha dejado [&hellip;]","og_url":"https:\/\/yvie.com\/nl\/la-mallorquina-tradicion-textil-y-elegancia-para-el-hogar-desde-1947\/","og_site_name":"Yvie","article_published_time":"2025-10-19T07:02:31+00:00","article_modified_time":"2026-03-09T15:39:09+00:00","author":"Elles de Bruin-Rook","twitter_card":"summary_large_image","twitter_misc":{"Geschreven door":"Elles de Bruin-Rook","Geschatte leestijd":"7 minuten"},"schema":{"@context":"https:\/\/schema.org","@graph":[{"@type":"Article","@id":"https:\/\/yvie.com\/la-mallorquina-tradicion-textil-y-elegancia-para-el-hogar-desde-1947\/#article","isPartOf":{"@id":"https:\/\/yvie.com\/la-mallorquina-tradicion-textil-y-elegancia-para-el-hogar-desde-1947\/"},"author":{"name":"Elles de Bruin-Rook","@id":"https:\/\/yvie.com\/#\/schema\/person\/adc35d434b1bd4fc9a1645968e48cfae"},"headline":"La Mallorquina Tradici\u00f3n Textil y Elegancia para el Hogar Desde 1947","datePublished":"2025-10-19T07:02:31+00:00","dateModified":"2026-03-09T15:39:09+00:00","mainEntityOfPage":{"@id":"https:\/\/yvie.com\/la-mallorquina-tradicion-textil-y-elegancia-para-el-hogar-desde-1947\/"},"wordCount":1326,"inLanguage":"nl-NL"},{"@type":"WebPage","@id":"https:\/\/yvie.com\/la-mallorquina-tradicion-textil-y-elegancia-para-el-hogar-desde-1947\/","url":"https:\/\/yvie.com\/la-mallorquina-tradicion-textil-y-elegancia-para-el-hogar-desde-1947\/","name":"La Mallorquina Tradici\u00f3n Textil y Elegancia para el Hogar Desde 1947 - Yvie","isPartOf":{"@id":"https:\/\/yvie.com\/#website"},"datePublished":"2025-10-19T07:02:31+00:00","dateModified":"2026-03-09T15:39:09+00:00","author":{"@id":"https:\/\/yvie.com\/#\/schema\/person\/adc35d434b1bd4fc9a1645968e48cfae"},"breadcrumb":{"@id":"https:\/\/yvie.com\/la-mallorquina-tradicion-textil-y-elegancia-para-el-hogar-desde-1947\/#breadcrumb"},"inLanguage":"nl-NL","potentialAction":[{"@type":"ReadAction","target":["https:\/\/yvie.com\/la-mallorquina-tradicion-textil-y-elegancia-para-el-hogar-desde-1947\/"]}]},{"@type":"BreadcrumbList","@id":"https:\/\/yvie.com\/la-mallorquina-tradicion-textil-y-elegancia-para-el-hogar-desde-1947\/#breadcrumb","itemListElement":[{"@type":"ListItem","position":1,"name":"Home","item":"https:\/\/yvie.com\/"},{"@type":"ListItem","position":2,"name":"La Mallorquina Tradici\u00f3n Textil y Elegancia para el Hogar Desde 1947"}]},{"@type":"WebSite","@id":"https:\/\/yvie.com\/#website","url":"https:\/\/yvie.com\/","name":"Yvie","description":"","potentialAction":[{"@type":"SearchAction","target":{"@type":"EntryPoint","urlTemplate":"https:\/\/yvie.com\/?s={search_term_string}"},"query-input":{"@type":"PropertyValueSpecification","valueRequired":true,"valueName":"search_term_string"}}],"inLanguage":"nl-NL"},{"@type":"Person","@id":"https:\/\/yvie.com\/#\/schema\/person\/adc35d434b1bd4fc9a1645968e48cfae","name":"Elles de Bruin-Rook","url":"https:\/\/yvie.com\/nl\/author\/elles\/"}]}},"_links":{"self":[{"href":"https:\/\/yvie.com\/nl\/wp-json\/wp\/v2\/posts\/12994","targetHints":{"allow":["GET"]}}],"collection":[{"href":"https:\/\/yvie.com\/nl\/wp-json\/wp\/v2\/posts"}],"about":[{"href":"https:\/\/yvie.com\/nl\/wp-json\/wp\/v2\/types\/post"}],"author":[{"embeddable":true,"href":"https:\/\/yvie.com\/nl\/wp-json\/wp\/v2\/users\/2"}],"replies":[{"embeddable":true,"href":"https:\/\/yvie.com\/nl\/wp-json\/wp\/v2\/comments?post=12994"}],"version-history":[{"count":1,"href":"https:\/\/yvie.com\/nl\/wp-json\/wp\/v2\/posts\/12994\/revisions"}],"predecessor-version":[{"id":12995,"href":"https:\/\/yvie.com\/nl\/wp-json\/wp\/v2\/posts\/12994\/revisions\/12995"}],"wp:attachment":[{"href":"https:\/\/yvie.com\/nl\/wp-json\/wp\/v2\/media?parent=12994"}],"wp:term":[{"taxonomy":"category","embeddable":true,"href":"https:\/\/yvie.com\/nl\/wp-json\/wp\/v2\/categories?post=12994"},{"taxonomy":"post_tag","embeddable":true,"href":"https:\/\/yvie.com\/nl\/wp-json\/wp\/v2\/tags?post=12994"}],"curies":[{"name":"wp","href":"https:\/\/api.w.org\/{rel}","templated":true}]}}