{"id":19208,"date":"2025-10-17T19:18:44","date_gmt":"2025-10-17T19:18:44","guid":{"rendered":"https:\/\/yvie.com\/?p=19208"},"modified":"2026-04-28T07:54:17","modified_gmt":"2026-04-28T07:54:17","slug":"milyen-szempontok-alapjan-ismerhetjuk-fel-a-kivalo-minosegu-muanyag-ablakokat","status":"publish","type":"post","link":"https:\/\/yvie.com\/nl\/milyen-szempontok-alapjan-ismerhetjuk-fel-a-kivalo-minosegu-muanyag-ablakokat\/","title":{"rendered":"Milyen szempontok alapj\u00e1n ismerhetj\u00fck fel a kiv\u00e1l\u00f3 min\u0151s\u00e9g\u0171 m\u0171anyag ablakokat"},"content":{"rendered":"<p>A megfelel\u0151 <strong>m\u00e1rka<\/strong> kiv\u00e1laszt\u00e1sa elengedhetetlen a tart\u00f3ss\u00e1g \u00e9s a funkcionalit\u00e1s szempontj\u00e1b\u00f3l. Fontos, hogy olyan gy\u00e1rt\u00f3t v\u00e1lasszunk, akinek term\u00e9kei megfelelnek a leg\u00fajabb <strong>profilmin\u0151s\u00e9g<\/strong> szabv\u00e1nyoknak, \u00edgy biztos\u00edtva az optim\u00e1lis teljes\u00edtm\u00e9nyt.<\/p>\n<p>A <strong>ac\u00e9lszerkezet<\/strong> alkalmaz\u00e1sa n\u00f6veli az ablakok szil\u00e1rds\u00e1g\u00e1t, a helyes tervez\u00e9s pedig hozz\u00e1j\u00e1rul a hat\u00e9konys\u00e1gukhoz. A <strong>min\u0151s\u00edt\u00e9s<\/strong> sor\u00e1n \u00e9rdemes a f\u00fcggetlen tesztel\u00e9si eredm\u00e9nyeket \u00e9s a garanci\u00e1lis felt\u00e9teleket figyelembe venni.<\/p>\n<p>Tov\u00e1bbi inform\u00e1ci\u00f3k\u00e9rt l\u00e1togass el ide: <a href=\"https:\/\/ablak-muanyagablak.com\/\">ablak-muanyagablak.com<\/a>.<\/p>\n<h2>Az ablakkeret anyag\u00e1nak ellen\u0151rz\u00e9se<\/h2>\n<p>A profil er\u0151ss\u00e9ge \u00e9s tart\u00f3ss\u00e1ga a gy\u00e1rt\u00f3 \u00e1ltal haszn\u00e1lt anyag t\u00edpus\u00e1t\u00f3l f\u00fcgg. A m\u00e1rk\u00e1k k\u00f6z\u00f6tt elt\u00e9r\u00e9sek lehetnek, ez\u00e9rt \u00e9rdemes olyanokat v\u00e1lasztani, amelyek j\u00f3 h\u00edrn\u00e9vvel rendelkeznek. A megfelel\u0151 min\u0151s\u00edt\u00e9s garant\u00e1lja, hogy a keret hossz\u00fa t\u00e1von is megfelel a k\u00edv\u00e1nt elv\u00e1r\u00e1soknak.<\/p>\n<p>Tov\u00e1bb\u00e1, a profilmin\u0151s\u00e9g ellen\u0151rz\u00e9se sor\u00e1n figyelmet kell ford\u00edtani a gy\u00e1rt\u00e1si elj\u00e1r\u00e1sokra is. Az olyan c\u00e9gek, amelyek fejlett technol\u00f3gi\u00e1t alkalmaznak, \u00e1ltal\u00e1ban megb\u00edzhat\u00f3bb term\u00e9keket k\u00edn\u00e1lnak. A kiv\u00e1l\u00f3 min\u0151s\u00e9g\u0171 ablakkeret hozz\u00e1j\u00e1rul a h\u00e1z energiahat\u00e9konys\u00e1g\u00e1hoz.<\/p>\n<h2>Profilok \u00e9s \u00fcvegez\u00e9s jellemz\u0151i<\/h2>\n<p>A gy\u00e1rt\u00f3k \u00e1ltal haszn\u00e1lt profilmint\u00e1zatok kiemelked\u0151 szerepet j\u00e1tszanak az ablakok teljes\u00edtm\u00e9ny\u00e9ben. Minden m\u00e1rka saj\u00e1tos elj\u00e1r\u00e1sokkal \u00e9s gy\u00e1rt\u00e1stechnol\u00f3gi\u00e1kkal dolgozik, amelyek \u00f6sszef\u00fcgg\u00e9sben \u00e1llnak a term\u00e9kek tart\u00f3ss\u00e1g\u00e1val \u00e9s h\u0151szigetel\u00e9si k\u00e9pess\u00e9g\u00e9vel. A megfelel\u0151 profilmin\u0151s\u00e9g biztos\u00edtja, hogy az ablakok ellen\u00e1lljanak az id\u0151j\u00e1r\u00e1s viszontags\u00e1gainak \u00e9s hossz\u00fa t\u00e1von is meg\u0151rizz\u00e9k funkci\u00f3jukat.<\/p>\n<p>Az \u00fcvegez\u00e9s kiv\u00e1laszt\u00e1sakor fontos figyelembe venni a gy\u00e1rt\u00f3k \u00e1ltal k\u00edn\u00e1lt min\u0151s\u00edt\u00e9seket. A k\u00fcl\u00f6nb\u00f6z\u0151 t\u00edpus\u00fa \u00fcvegek \u00e9s r\u00e9tegek befoly\u00e1solj\u00e1k a h\u0151\u00e1tbocs\u00e1t\u00e1si \u00e9s zajcs\u00f6kkent\u0151 tulajdons\u00e1gokat. Az innovat\u00edv technol\u00f3gi\u00e1k r\u00e9v\u00e9n a legjobb gy\u00e1rt\u00f3k premium megold\u00e1sokat k\u00edn\u00e1lnak, melyek jav\u00edtj\u00e1k az energiahat\u00e9konys\u00e1got.<\/p>\n<p>Az ig\u00e9nyes v\u00e1s\u00e1rl\u00f3k sz\u00e1m\u00e1ra elengedhetetlen, hogy a kiv\u00e1lasztott term\u00e9kek m\u00f6g\u00f6tt \u00e1ll\u00f3 gy\u00e1rt\u00f3 h\u00edrnev\u00e9re \u00e9s tapasztalat\u00e1ra is figyeljenek. A profilok \u00e9s \u00fcvegez\u00e9s min\u0151s\u00e9ge a megfelel\u0151 m\u00e1rk\u00e1k r\u00e9v\u00e9n garant\u00e1lja a hossz\u00fa \u00e9lettartamot \u00e9s a megb\u00edzhat\u00f3s\u00e1got, \u00edgy \u00e9rdemes alaposan t\u00e1j\u00e9koz\u00f3dni a v\u00e1laszt\u00e1s el\u0151tt.<\/p>\n<h2>Szigetel\u00e9si \u00e9s l\u00e9gz\u0151rendszeri tulajdons\u00e1gok<\/h2>\n<p>A gy\u00e1rt\u00f3 \u00e1ltal alkalmazott profilmin\u0151s\u00e9g meghat\u00e1rozza az ablak energiatakar\u00e9kos tulajdons\u00e1gait. Az ac\u00e9lmerev\u00edt\u00e9s n\u00f6veli az ablak szil\u00e1rds\u00e1g\u00e1t, amely hozz\u00e1j\u00e1rul a h\u0151szigetel\u00e9s hat\u00e9konys\u00e1g\u00e1hoz. A megfelel\u0151 anyagv\u00e1laszt\u00e1s \u00e9s a bevizsg\u00e1l\u00e1si folyamat garant\u00e1lja, hogy az ablak term\u00e9kek megfeleljenek a legfrissebb ipari szabv\u00e1nyoknak.<\/p>\n<p>Az ablakok l\u00e9gz\u00e1r\u00e1si jellemz\u0151i szint\u00e9n kiemelt szempontot k\u00e9pviselnek. A j\u00f3 l\u00e9gz\u00e1r\u00e1s megakad\u00e1lyozza a l\u00e9g\u00e1ramok bejut\u00e1s\u00e1t, ez\u00e1ltal cs\u00f6kkenti a f\u0171t\u00e9si k\u00f6lts\u00e9geket. \u00c9rdemes ellen\u0151rizni a term\u00e9k min\u0151s\u00edt\u00e9s\u00e9t \u00e9s szigetel\u00e9si vizsg\u00e1latokat, amelyek seg\u00edtenek az optim\u00e1lis v\u00e1laszt\u00e1sban.<\/p>\n<h2>Garanci\u00e1k \u00e9s tan\u00fas\u00edtv\u00e1nyok \u00e9rt\u00e9kel\u00e9se<\/h2>\n<p>A v\u00e1lasztott m\u00e1rka garanci\u00e1lis aj\u00e1nlatainak alapos \u00e1tvizsg\u00e1l\u00e1sa seg\u00edt a min\u0151s\u00edtett term\u00e9kek beszerz\u00e9s\u00e9ben. Sz\u00e1mos gy\u00e1rt\u00f3 k\u00edn\u00e1l hossz\u00fa t\u00e1v\u00fa j\u00f3t\u00e1ll\u00e1st, amely az ablakok tart\u00f3ss\u00e1g\u00e1t hivatott biztos\u00edtani.<\/p>\n<p>A garancia id\u0151tartama \u00e9s a felt\u00e9telek \u00e9rt\u00e9kel\u00e9se kulcsfontoss\u00e1g\u00fa. A 10 \u00e9ves vagy ann\u00e1l hosszabb id\u0151tartam m\u00e1r jelent\u0151s bizalmat t\u00fckr\u00f6z a gy\u00e1rt\u00f3 r\u00e9sz\u00e9r\u0151l a term\u00e9k profilmin\u0151s\u00e9ge ir\u00e1nt.<\/p>\n<p>Fontos figyelembe venni a tan\u00fas\u00edtv\u00e1nyokat is. Azok a term\u00e9kek, amelyek megfelelnek a nemzetk\u00f6zi szabv\u00e1nyoknak, mint p\u00e9ld\u00e1ul az ISO vagy az \u00d6ko-Tex, garant\u00e1lj\u00e1k, hogy a felhaszn\u00e1lt anyagok biztons\u00e1gosak \u00e9s k\u00f6rnyezetbar\u00e1tok. A tan\u00fas\u00edtv\u00e1nyok a gy\u00e1rt\u00e1s sor\u00e1n alkalmazott ac\u00e9lszerkezet\u0171 meger\u0151s\u00edt\u00e9st is igazolj\u00e1k.<\/p>\n<table>\n<tbody>\n<tr>\n<th>Tan\u00fas\u00edtv\u00e1ny<\/th>\n<th>Le\u00edr\u00e1s<\/th>\n<\/tr>\n<tr>\n<td>ISO 9001<\/td>\n<td>Kiv\u00e1l\u00f3 min\u0151s\u00e9gir\u00e1ny\u00edt\u00e1si rendszer<\/td>\n<\/tr>\n<tr>\n<td>\u00d6ko-Tex<\/td>\n<td>K\u00f6rnyezetbar\u00e1t anyagok haszn\u00e1lata<\/td>\n<\/tr>\n<tr>\n<td>CE Megfelel\u0151s\u00e9g<\/td>\n<td>Uni\u00f3s biztons\u00e1gi k\u00f6vetelm\u00e9nyeknek val\u00f3 megfelel\u00e9s<\/td>\n<\/tr>\n<\/tbody>\n<\/table>\n<p>Amennyiben a gy\u00e1rt\u00f3 ac\u00e9lemerev\u00edt\u00e9si elj\u00e1r\u00e1sait is nyilv\u00e1noss\u00e1gra hozza, az szint\u00e9n pozit\u00edv jelz\u00e9s. A meger\u0151s\u00edtett profilok n\u00f6velik az ablakok szil\u00e1rds\u00e1g\u00e1t \u00e9s hossz\u00fa \u00e9lettartam\u00e1t.<\/p>\n<p>Javasolt, hogy a v\u00e1s\u00e1rl\u00e1s el\u0151tt olvassunk el v\u00e1s\u00e1rl\u00f3i v\u00e9lem\u00e9nyeket, hiszen a k\u00f6zvetlen tapasztalatok \u00e9s visszajelz\u00e9sek sokat seg\u00edthetnek a d\u00f6nt\u00e9sben. A hossz\u00fa t\u00e1v\u00fa el\u00e9gedetts\u00e9g a min\u0151s\u00e9gi ir\u00e1nyelvek betart\u00e1s\u00e1val \u00e9rhet\u0151 el legjobban.<\/p>\n<p>A min\u0151s\u00e9g \u00e9s megb\u00edzhat\u00f3s\u00e1g \u00e9rdek\u00e9ben \u00e9rdemes a szakemberek aj\u00e1nl\u00e1sait is figyelembe venni, mivel \u0151k a gy\u00e1rt\u00f3k \u00e1ltal k\u00edn\u00e1lt garanci\u00e1kat \u00e9s tan\u00fas\u00edtv\u00e1nyokat egyar\u00e1nt alaposan \u00e9rt\u00e9kelik, ez\u00e1ltal seg\u00edtik a megalapozott v\u00e1s\u00e1rl\u00e1st.<\/p>\n<p>Az ablakok v\u00e1s\u00e1rl\u00e1sakor a garanci\u00e1k \u00e9s tan\u00fas\u00edtv\u00e1nyok \u00e9rt\u00e9kel\u00e9se teh\u00e1t kulcsfontoss\u00e1g\u00fa l\u00e9p\u00e9s a sikeres v\u00e1laszt\u00e1s \u00e9rdek\u00e9ben. A megfelel\u0151 min\u0151s\u00edt\u00e9sek r\u00e9v\u00e9n biztos lehet abban, hogy hossz\u00fa t\u00e1v\u00fa \u00e9s megb\u00edzhat\u00f3 megold\u00e1st v\u00e1lasztott.<\/p>\n<h2>K\u00e9rd\u00e9sek \u00e9s v\u00e1laszok: <\/h2>\n<h4>Hogyan lehet meg\u00e1llap\u00edtani, hogy egy m\u0171anyag ablak min\u0151s\u00e9gi?<\/h4>\n<p>A m\u0171anyag ablak min\u0151s\u00e9g\u00e9nek meg\u00e1llap\u00edt\u00e1s\u00e1hoz \u00e9rdemes figyelembe venni a gy\u00e1rt\u00e1si anyagokat \u00e9s technol\u00f3gi\u00e1kat. A j\u00f3 min\u0151s\u00e9g\u0171 ablakok PVC-b\u0151l k\u00e9sz\u00fclnek, ami UV-\u00e1ll\u00f3 \u00e9s id\u0151j\u00e1r\u00e1s\u00e1ll\u00f3. Ellen\u0151rizz\u00fck a profil vastags\u00e1g\u00e1t; a legal\u00e1bb 5 kamar\u00e1s profilok jobb h\u0151szigetel\u00e9st ny\u00fajtanak. Emellett n\u00e9zz\u00fck meg a bevonat min\u0151s\u00e9g\u00e9t is, mint p\u00e9ld\u00e1ul az \u00fcvegez\u00e9s \u00e9s a t\u00f6m\u00edt\u00e9sek, amelyek hozz\u00e1j\u00e1rulnak a hat\u00e9kony szigetel\u00e9shez.<\/p>\n<h4>Mik\u00e9nt befoly\u00e1solja a m\u0171anyag ablak szerkezete az energiatakar\u00e9koss\u00e1got?<\/h4>\n<p>A m\u0171anyag ablak szerkezete nagym\u00e9rt\u00e9kben befoly\u00e1solja az energiatakar\u00e9koss\u00e1got. A j\u00f3 h\u0151szigetel\u0151 k\u00e9pess\u00e9ggel rendelkez\u0151 ablakok minimaliz\u00e1lj\u00e1k a h\u0151vesztes\u00e9get, ez\u00e1ltal cs\u00f6kkentve a f\u0171t\u00e9si k\u00f6lts\u00e9geket. A t\u00f6bbkamr\u00e1s profilok \u00e9s a korszer\u0171 \u00fcvegez\u00e9s, mint p\u00e9ld\u00e1ul a h\u00e1romr\u00e9teg\u0171 \u00fcveg, jelent\u0151sen jav\u00edthatj\u00e1k az ablak hat\u00e9konys\u00e1g\u00e1t, mivel akad\u00e1lyozz\u00e1k a h\u0151\u00e1raml\u00e1st, \u00edgy kevesebb energia sz\u00fcks\u00e9ges a megfelel\u0151 h\u0151m\u00e9rs\u00e9klet fenntart\u00e1s\u00e1hoz az otthonunkban.<\/p>\n<h4>Milyen garancia j\u00e1r egy min\u0151s\u00e9gi m\u0171anyag ablakra?<\/h4>\n<p>A min\u0151s\u00e9gi m\u0171anyag ablakok \u00e1ltal\u00e1ban hossz\u00fa t\u00e1v\u00fa garanci\u00e1t k\u00edn\u00e1lnak, amely 5-10 \u00e9v k\u00f6z\u00f6tt v\u00e1ltozhat. N\u00e9h\u00e1ny gy\u00e1rt\u00f3 ak\u00e1r 20 \u00e9v garanci\u00e1kat is v\u00e1llal bizonyos felt\u00e9telek mellett. \u00c9rdemes alaposan tanulm\u00e1nyozni a garancia felt\u00e9teleit, mivel ezek gyakran tartalmazhatnak inform\u00e1ci\u00f3t az anyaghib\u00e1kr\u00f3l \u00e9s a term\u00e9k helytelen haszn\u00e1lat\u00e1r\u00f3l. A garancia kiterjedhet az ablak keret\u00e9re, az \u00fcvegez\u00e9sre \u00e9s a hozz\u00e1tartoz\u00f3 elemekre is.<\/p>\n<h4>Melyek a leggyakoribb hib\u00e1k, amiket el kell ker\u00fclni m\u0171anyag ablak v\u00e1s\u00e1rl\u00e1sakor?<\/h4>\n<p>V\u00e1s\u00e1rl\u00e1skor fontos, hogy elker\u00fclj\u00fck a leggyakoribb hib\u00e1kat, p\u00e9ld\u00e1ul a t\u00fal olcs\u00f3 term\u00e9kek v\u00e1laszt\u00e1s\u00e1t, amelyek kompromisszumot jelentenek a min\u0151s\u00e9g ter\u00e9n. Tov\u00e1bb\u00e1, ne hagyjuk figyelmen k\u00edv\u00fcl a gy\u00e1rt\u00f3 h\u00edrnev\u00e9t \u00e9s a v\u00e1s\u00e1rl\u00f3i v\u00e9lem\u00e9nyeket. \u00c9rdemes szak\u00e9rt\u0151i tan\u00e1csot k\u00e9rni az ablak m\u00e9ret\u00e9r\u0151l \u00e9s be\u00e9p\u00edt\u00e9s\u00e9r\u0151l is, mivel a helytelen el\u0151k\u00e9sz\u00fcletek miatt az ablak nem biztos, hogy megfelel\u0151en fog szigetelni.<\/p>","protected":false},"excerpt":{"rendered":"<p>A megfelel\u0151 m\u00e1rka kiv\u00e1laszt\u00e1sa elengedhetetlen a tart\u00f3ss\u00e1g \u00e9s a funkcionalit\u00e1s szempontj\u00e1b\u00f3l. Fontos, hogy olyan gy\u00e1rt\u00f3t v\u00e1lasszunk, akinek term\u00e9kei megfelelnek a leg\u00fajabb profilmin\u0151s\u00e9g szabv\u00e1nyoknak, \u00edgy biztos\u00edtva az optim\u00e1lis teljes\u00edtm\u00e9nyt. A ac\u00e9lszerkezet alkalmaz\u00e1sa n\u00f6veli az ablakok szil\u00e1rds\u00e1g\u00e1t, a helyes tervez\u00e9s pedig hozz\u00e1j\u00e1rul a hat\u00e9konys\u00e1gukhoz. A min\u0151s\u00edt\u00e9s sor\u00e1n \u00e9rdemes a f\u00fcggetlen tesztel\u00e9si eredm\u00e9nyeket \u00e9s a garanci\u00e1lis felt\u00e9teleket figyelembe [&hellip;]<\/p>\n","protected":false},"author":2,"featured_media":0,"comment_status":"closed","ping_status":"","sticky":false,"template":"","format":"standard","meta":{"_et_pb_use_builder":"","_et_pb_old_content":"","_et_gb_content_width":"","inline_featured_image":false,"footnotes":""},"categories":[1],"tags":[],"class_list":["post-19208","post","type-post","status-publish","format-standard","hentry","category-niet-gecategoriseerd"],"yoast_head":"<!-- This site is optimized with the Yoast SEO plugin v26.8 - https:\/\/yoast.com\/product\/yoast-seo-wordpress\/ -->\n<title>Milyen szempontok alapj\u00e1n ismerhetj\u00fck fel a kiv\u00e1l\u00f3 min\u0151s\u00e9g\u0171 m\u0171anyag ablakokat - Yvie<\/title>\n<meta name=\"robots\" content=\"index, follow, max-snippet:-1, max-image-preview:large, max-video-preview:-1\" \/>\n<link rel=\"canonical\" href=\"https:\/\/yvie.com\/nl\/milyen-szempontok-alapjan-ismerhetjuk-fel-a-kivalo-minosegu-muanyag-ablakokat\/\" \/>\n<meta property=\"og:locale\" content=\"nl_NL\" \/>\n<meta property=\"og:type\" content=\"article\" \/>\n<meta property=\"og:title\" content=\"Milyen szempontok alapj\u00e1n ismerhetj\u00fck fel a kiv\u00e1l\u00f3 min\u0151s\u00e9g\u0171 m\u0171anyag ablakokat - Yvie\" \/>\n<meta property=\"og:description\" content=\"A megfelel\u0151 m\u00e1rka kiv\u00e1laszt\u00e1sa elengedhetetlen a tart\u00f3ss\u00e1g \u00e9s a funkcionalit\u00e1s szempontj\u00e1b\u00f3l. Fontos, hogy olyan gy\u00e1rt\u00f3t v\u00e1lasszunk, akinek term\u00e9kei megfelelnek a leg\u00fajabb profilmin\u0151s\u00e9g szabv\u00e1nyoknak, \u00edgy biztos\u00edtva az optim\u00e1lis teljes\u00edtm\u00e9nyt. A ac\u00e9lszerkezet alkalmaz\u00e1sa n\u00f6veli az ablakok szil\u00e1rds\u00e1g\u00e1t, a helyes tervez\u00e9s pedig hozz\u00e1j\u00e1rul a hat\u00e9konys\u00e1gukhoz. A min\u0151s\u00edt\u00e9s sor\u00e1n \u00e9rdemes a f\u00fcggetlen tesztel\u00e9si eredm\u00e9nyeket \u00e9s a garanci\u00e1lis felt\u00e9teleket figyelembe [&hellip;]\" \/>\n<meta property=\"og:url\" content=\"https:\/\/yvie.com\/nl\/milyen-szempontok-alapjan-ismerhetjuk-fel-a-kivalo-minosegu-muanyag-ablakokat\/\" \/>\n<meta property=\"og:site_name\" content=\"Yvie\" \/>\n<meta property=\"article:published_time\" content=\"2025-10-17T19:18:44+00:00\" \/>\n<meta property=\"article:modified_time\" content=\"2026-04-28T07:54:17+00:00\" \/>\n<meta name=\"author\" content=\"Elles de Bruin-Rook\" \/>\n<meta name=\"twitter:card\" content=\"summary_large_image\" \/>\n<meta name=\"twitter:label1\" content=\"Geschreven door\" \/>\n\t<meta name=\"twitter:data1\" content=\"Elles de Bruin-Rook\" \/>\n\t<meta name=\"twitter:label2\" content=\"Geschatte leestijd\" \/>\n\t<meta name=\"twitter:data2\" content=\"7 minuten\" \/>\n<script type=\"application\/ld+json\" class=\"yoast-schema-graph\">{\"@context\":\"https:\/\/schema.org\",\"@graph\":[{\"@type\":\"Article\",\"@id\":\"https:\/\/yvie.com\/milyen-szempontok-alapjan-ismerhetjuk-fel-a-kivalo-minosegu-muanyag-ablakokat\/#article\",\"isPartOf\":{\"@id\":\"https:\/\/yvie.com\/milyen-szempontok-alapjan-ismerhetjuk-fel-a-kivalo-minosegu-muanyag-ablakokat\/\"},\"author\":{\"name\":\"Elles de Bruin-Rook\",\"@id\":\"https:\/\/yvie.com\/#\/schema\/person\/adc35d434b1bd4fc9a1645968e48cfae\"},\"headline\":\"Milyen szempontok alapj\u00e1n ismerhetj\u00fck fel a kiv\u00e1l\u00f3 min\u0151s\u00e9g\u0171 m\u0171anyag ablakokat\",\"datePublished\":\"2025-10-17T19:18:44+00:00\",\"dateModified\":\"2026-04-28T07:54:17+00:00\",\"mainEntityOfPage\":{\"@id\":\"https:\/\/yvie.com\/milyen-szempontok-alapjan-ismerhetjuk-fel-a-kivalo-minosegu-muanyag-ablakokat\/\"},\"wordCount\":1470,\"inLanguage\":\"nl-NL\"},{\"@type\":\"WebPage\",\"@id\":\"https:\/\/yvie.com\/milyen-szempontok-alapjan-ismerhetjuk-fel-a-kivalo-minosegu-muanyag-ablakokat\/\",\"url\":\"https:\/\/yvie.com\/milyen-szempontok-alapjan-ismerhetjuk-fel-a-kivalo-minosegu-muanyag-ablakokat\/\",\"name\":\"Milyen szempontok alapj\u00e1n ismerhetj\u00fck fel a kiv\u00e1l\u00f3 min\u0151s\u00e9g\u0171 m\u0171anyag ablakokat - Yvie\",\"isPartOf\":{\"@id\":\"https:\/\/yvie.com\/#website\"},\"datePublished\":\"2025-10-17T19:18:44+00:00\",\"dateModified\":\"2026-04-28T07:54:17+00:00\",\"author\":{\"@id\":\"https:\/\/yvie.com\/#\/schema\/person\/adc35d434b1bd4fc9a1645968e48cfae\"},\"breadcrumb\":{\"@id\":\"https:\/\/yvie.com\/milyen-szempontok-alapjan-ismerhetjuk-fel-a-kivalo-minosegu-muanyag-ablakokat\/#breadcrumb\"},\"inLanguage\":\"nl-NL\",\"potentialAction\":[{\"@type\":\"ReadAction\",\"target\":[\"https:\/\/yvie.com\/milyen-szempontok-alapjan-ismerhetjuk-fel-a-kivalo-minosegu-muanyag-ablakokat\/\"]}]},{\"@type\":\"BreadcrumbList\",\"@id\":\"https:\/\/yvie.com\/milyen-szempontok-alapjan-ismerhetjuk-fel-a-kivalo-minosegu-muanyag-ablakokat\/#breadcrumb\",\"itemListElement\":[{\"@type\":\"ListItem\",\"position\":1,\"name\":\"Home\",\"item\":\"https:\/\/yvie.com\/\"},{\"@type\":\"ListItem\",\"position\":2,\"name\":\"Milyen szempontok alapj\u00e1n ismerhetj\u00fck fel a kiv\u00e1l\u00f3 min\u0151s\u00e9g\u0171 m\u0171anyag ablakokat\"}]},{\"@type\":\"WebSite\",\"@id\":\"https:\/\/yvie.com\/#website\",\"url\":\"https:\/\/yvie.com\/\",\"name\":\"Yvie\",\"description\":\"\",\"potentialAction\":[{\"@type\":\"SearchAction\",\"target\":{\"@type\":\"EntryPoint\",\"urlTemplate\":\"https:\/\/yvie.com\/?s={search_term_string}\"},\"query-input\":{\"@type\":\"PropertyValueSpecification\",\"valueRequired\":true,\"valueName\":\"search_term_string\"}}],\"inLanguage\":\"nl-NL\"},{\"@type\":\"Person\",\"@id\":\"https:\/\/yvie.com\/#\/schema\/person\/adc35d434b1bd4fc9a1645968e48cfae\",\"name\":\"Elles de Bruin-Rook\",\"url\":\"https:\/\/yvie.com\/nl\/author\/elles\/\"}]}<\/script>\n<!-- \/ Yoast SEO plugin. -->","yoast_head_json":{"title":"Milyen szempontok alapj\u00e1n ismerhetj\u00fck fel a kiv\u00e1l\u00f3 min\u0151s\u00e9g\u0171 m\u0171anyag ablakokat - Yvie","robots":{"index":"index","follow":"follow","max-snippet":"max-snippet:-1","max-image-preview":"max-image-preview:large","max-video-preview":"max-video-preview:-1"},"canonical":"https:\/\/yvie.com\/nl\/milyen-szempontok-alapjan-ismerhetjuk-fel-a-kivalo-minosegu-muanyag-ablakokat\/","og_locale":"nl_NL","og_type":"article","og_title":"Milyen szempontok alapj\u00e1n ismerhetj\u00fck fel a kiv\u00e1l\u00f3 min\u0151s\u00e9g\u0171 m\u0171anyag ablakokat - Yvie","og_description":"A megfelel\u0151 m\u00e1rka kiv\u00e1laszt\u00e1sa elengedhetetlen a tart\u00f3ss\u00e1g \u00e9s a funkcionalit\u00e1s szempontj\u00e1b\u00f3l. Fontos, hogy olyan gy\u00e1rt\u00f3t v\u00e1lasszunk, akinek term\u00e9kei megfelelnek a leg\u00fajabb profilmin\u0151s\u00e9g szabv\u00e1nyoknak, \u00edgy biztos\u00edtva az optim\u00e1lis teljes\u00edtm\u00e9nyt. A ac\u00e9lszerkezet alkalmaz\u00e1sa n\u00f6veli az ablakok szil\u00e1rds\u00e1g\u00e1t, a helyes tervez\u00e9s pedig hozz\u00e1j\u00e1rul a hat\u00e9konys\u00e1gukhoz. A min\u0151s\u00edt\u00e9s sor\u00e1n \u00e9rdemes a f\u00fcggetlen tesztel\u00e9si eredm\u00e9nyeket \u00e9s a garanci\u00e1lis felt\u00e9teleket figyelembe [&hellip;]","og_url":"https:\/\/yvie.com\/nl\/milyen-szempontok-alapjan-ismerhetjuk-fel-a-kivalo-minosegu-muanyag-ablakokat\/","og_site_name":"Yvie","article_published_time":"2025-10-17T19:18:44+00:00","article_modified_time":"2026-04-28T07:54:17+00:00","author":"Elles de Bruin-Rook","twitter_card":"summary_large_image","twitter_misc":{"Geschreven door":"Elles de Bruin-Rook","Geschatte leestijd":"7 minuten"},"schema":{"@context":"https:\/\/schema.org","@graph":[{"@type":"Article","@id":"https:\/\/yvie.com\/milyen-szempontok-alapjan-ismerhetjuk-fel-a-kivalo-minosegu-muanyag-ablakokat\/#article","isPartOf":{"@id":"https:\/\/yvie.com\/milyen-szempontok-alapjan-ismerhetjuk-fel-a-kivalo-minosegu-muanyag-ablakokat\/"},"author":{"name":"Elles de Bruin-Rook","@id":"https:\/\/yvie.com\/#\/schema\/person\/adc35d434b1bd4fc9a1645968e48cfae"},"headline":"Milyen szempontok alapj\u00e1n ismerhetj\u00fck fel a kiv\u00e1l\u00f3 min\u0151s\u00e9g\u0171 m\u0171anyag ablakokat","datePublished":"2025-10-17T19:18:44+00:00","dateModified":"2026-04-28T07:54:17+00:00","mainEntityOfPage":{"@id":"https:\/\/yvie.com\/milyen-szempontok-alapjan-ismerhetjuk-fel-a-kivalo-minosegu-muanyag-ablakokat\/"},"wordCount":1470,"inLanguage":"nl-NL"},{"@type":"WebPage","@id":"https:\/\/yvie.com\/milyen-szempontok-alapjan-ismerhetjuk-fel-a-kivalo-minosegu-muanyag-ablakokat\/","url":"https:\/\/yvie.com\/milyen-szempontok-alapjan-ismerhetjuk-fel-a-kivalo-minosegu-muanyag-ablakokat\/","name":"Milyen szempontok alapj\u00e1n ismerhetj\u00fck fel a kiv\u00e1l\u00f3 min\u0151s\u00e9g\u0171 m\u0171anyag ablakokat - Yvie","isPartOf":{"@id":"https:\/\/yvie.com\/#website"},"datePublished":"2025-10-17T19:18:44+00:00","dateModified":"2026-04-28T07:54:17+00:00","author":{"@id":"https:\/\/yvie.com\/#\/schema\/person\/adc35d434b1bd4fc9a1645968e48cfae"},"breadcrumb":{"@id":"https:\/\/yvie.com\/milyen-szempontok-alapjan-ismerhetjuk-fel-a-kivalo-minosegu-muanyag-ablakokat\/#breadcrumb"},"inLanguage":"nl-NL","potentialAction":[{"@type":"ReadAction","target":["https:\/\/yvie.com\/milyen-szempontok-alapjan-ismerhetjuk-fel-a-kivalo-minosegu-muanyag-ablakokat\/"]}]},{"@type":"BreadcrumbList","@id":"https:\/\/yvie.com\/milyen-szempontok-alapjan-ismerhetjuk-fel-a-kivalo-minosegu-muanyag-ablakokat\/#breadcrumb","itemListElement":[{"@type":"ListItem","position":1,"name":"Home","item":"https:\/\/yvie.com\/"},{"@type":"ListItem","position":2,"name":"Milyen szempontok alapj\u00e1n ismerhetj\u00fck fel a kiv\u00e1l\u00f3 min\u0151s\u00e9g\u0171 m\u0171anyag ablakokat"}]},{"@type":"WebSite","@id":"https:\/\/yvie.com\/#website","url":"https:\/\/yvie.com\/","name":"Yvie","description":"","potentialAction":[{"@type":"SearchAction","target":{"@type":"EntryPoint","urlTemplate":"https:\/\/yvie.com\/?s={search_term_string}"},"query-input":{"@type":"PropertyValueSpecification","valueRequired":true,"valueName":"search_term_string"}}],"inLanguage":"nl-NL"},{"@type":"Person","@id":"https:\/\/yvie.com\/#\/schema\/person\/adc35d434b1bd4fc9a1645968e48cfae","name":"Elles de Bruin-Rook","url":"https:\/\/yvie.com\/nl\/author\/elles\/"}]}},"_links":{"self":[{"href":"https:\/\/yvie.com\/nl\/wp-json\/wp\/v2\/posts\/19208","targetHints":{"allow":["GET"]}}],"collection":[{"href":"https:\/\/yvie.com\/nl\/wp-json\/wp\/v2\/posts"}],"about":[{"href":"https:\/\/yvie.com\/nl\/wp-json\/wp\/v2\/types\/post"}],"author":[{"embeddable":true,"href":"https:\/\/yvie.com\/nl\/wp-json\/wp\/v2\/users\/2"}],"replies":[{"embeddable":true,"href":"https:\/\/yvie.com\/nl\/wp-json\/wp\/v2\/comments?post=19208"}],"version-history":[{"count":1,"href":"https:\/\/yvie.com\/nl\/wp-json\/wp\/v2\/posts\/19208\/revisions"}],"predecessor-version":[{"id":19209,"href":"https:\/\/yvie.com\/nl\/wp-json\/wp\/v2\/posts\/19208\/revisions\/19209"}],"wp:attachment":[{"href":"https:\/\/yvie.com\/nl\/wp-json\/wp\/v2\/media?parent=19208"}],"wp:term":[{"taxonomy":"category","embeddable":true,"href":"https:\/\/yvie.com\/nl\/wp-json\/wp\/v2\/categories?post=19208"},{"taxonomy":"post_tag","embeddable":true,"href":"https:\/\/yvie.com\/nl\/wp-json\/wp\/v2\/tags?post=19208"}],"curies":[{"name":"wp","href":"https:\/\/api.w.org\/{rel}","templated":true}]}}