{"id":19241,"date":"2025-12-27T19:56:40","date_gmt":"2025-12-27T19:56:40","guid":{"rendered":"https:\/\/yvie.com\/?p=19241"},"modified":"2026-04-28T08:00:24","modified_gmt":"2026-04-28T08:00:24","slug":"chiara-ferragni-e-il-suo-impegno-straordinario-per-il-benessere-dei-bambini-nel-mondo","status":"publish","type":"post","link":"https:\/\/yvie.com\/nl\/chiara-ferragni-e-il-suo-impegno-straordinario-per-il-benessere-dei-bambini-nel-mondo\/","title":{"rendered":"Chiara Ferragni e il suo impegno straordinario per il benessere dei bambini nel mondo"},"content":{"rendered":"<p>La generosit\u00e0 nelle azioni di beneficenza non \u00e8 solo una scelta, ma una responsabilit\u00e0 sociale per chi ha una voce influente. Con il suo ampio seguito, questa figura riconosciuta nel panorama digitale ha dedicato tempo e risorse alla causa di chi \u00e8 pi\u00f9 vulnerabile. Gli ultimi interventi evidenziano come la solidariet\u00e0 possa manifestarsi in azioni tangibili che fanno una reale differenza nelle vite dei bambini.<\/p>\n<p>Attraverso campagne e donazioni significative, si pone l&#8217;accento sull&#8217;importanza di unire i propri sforzi per aiutare il prossimo. La sinergia tra il mondo digitale e il sociale consente di amplificare il messaggio e raggiungere un pubblico globale. L&#8217;atto di dare assume cos\u00ec una nuova dimensione che coinvolge non solo il supporto materiale, ma anche la sensibilizzazione su temi fondamentali legati al benessere infantile.<\/p>\n<p>Questo impegno rappresenta un invito per tutti a riflettere su come le piattaforme digitali possano essere utilizzate per promuovere la generosit\u00e0, creando una rete di sostegno che valorizza la comunit\u00e0. In questa cornice, la beneficenza non \u00e8 soltanto un gesto occasionale, ma un modus operandi per costruire un futuro migliore per le nuove generazioni.<\/p>\n<h2>Come supporta i progetti per bambini in difficolt\u00e0<\/h2>\n<p>La digital creator ha scelto di donare parte dei suoi guadagni ad iniziative di beneficenza che si occupano di minori in situazioni precarie. Attraverso hashtag mirati e campagne sui social, riesce a coinvolgere un vasto pubblico, sensibilizzando sull&#8217;importanza di aiutare i pi\u00f9 giovani.<\/p>\n<p>Le collaborazioni con varie associazioni permettono di vedere direttamente i risultati delle azioni intraprese. In ogni progetto, la trasparenza \u00e8 fondamentale, e vengono forniti aggiornamenti frequenti sui progressi e sull&#8217;impatto reale delle donazioni, sottolineando la responsabilit\u00e0 sociale che caratterizza queste iniziative.<\/p>\n<p>Ogni intervento \u00e8 mirato a migliorare la vita di bambini che vivono in contesti difficili. Gli sforzi si concentrano su servizi educativi, assistenza sanitaria, e supporto psicologico, aiutando in questo modo a costruire un futuro migliore. La combinazione di creativit\u00e0 e altruismo \u00e8 un esempio che ispira molti.<\/p>\n<p>I social media diventano cos\u00ec una piattaforma per diffondere consapevolezza riguardo alle problematiche che affrontano i bambini. Un messaggio semplice: il cambiamento \u00e8 possibile, e ogni contributo pu\u00f2 fare la differenza. La costante interazione con i suoi follower stimola un clima di solidariet\u00e0 e impegno collettivo.<\/p>\n<h2>Donazioni recenti: Impatti concreti nella vita dei minori<\/h2>\n<p>Recenti gesti di generosit\u00e0 hanno trasformato le esistenze di molti giovani. I contributi provenienti da celebrit\u00e0 nel panorama della beneficenza hanno portato a risultati tangibili. La solidariet\u00e0 si \u00e8 manifestata attraverso iniziative che mirano a migliorare l\u2019educazione e le condizioni di vita dei minori.<\/p>\n<ul>\n<li>Progetti di supporto educativo sono stati finanziati grazie a figure prominenti del mondo digitale.<\/li>\n<li>Strutture ricreative sono state ristrutturate, offrendo spazi sicuri per il gioco e l\u2019apprendimento.<\/li>\n<\/ul>\n<p>Il coinvolgimento di creator digitali ha amplificato la visibilit\u00e0 di queste iniziative sociali. Le campagne sui social media hanno mobilitato risorse e aumentato la consapevolezza sui bisogni dei pi\u00f9 giovani. Attraverso la condivisione di storie reali, \u00e8 stata creata una rete di sostegno potente.<\/p>\n<ol>\n<li>I fondi raccolti hanno garantito l\u2019accesso a materiali scolastici e tecnologici.<\/li>\n<li>Supporto psicologico \u00e8 ora disponibile per i minori in difficolt\u00e0.<\/li>\n<\/ol>\n<p>Le donazioni non sono solo un atto di generosit\u00e0, ma un investimento nel futuro delle nuove generazioni. La collaborazione tra diverse entit\u00e0 porta a un impatto duraturo e significativo nella societ\u00e0. I risultati visibili sono solo l&#8217;inizio di un percorso di crescita collettiva.<\/p>\n<h2>Modalit\u00e0 di raccolta fondi: strategie innovative adottate<\/h2>\n<p>La collaborazione tra i creator digitali e le organizzazioni no profit rappresenta una soluzione efficace per raccogliere fondi. Attraverso campagne sui social media, \u00e8 possibile coinvolgere un pubblico vasto e attivo, promuovendo progetti di solidariet\u00e0. Ogni iniziativa mira a sensibilizzare e informare, creando un legame diretto tra donatori e cause sociali.<\/p>\n<p>I digital creator utilizzano strategie uniche, come eventi di streaming dal vivo e sfide sui social, per incentivare le donazioni. Queste modalit\u00e0 aumentano l&#8217;interesse e permettono di raggiungere un pubblico pi\u00f9 giovane, che spesso dimostra maggiore partecipazione a cause sociali. Le storie e i racconti emotivi hanno un impatto significativo quando si tratta di mobilitare il sostegno.<\/p>\n<table>\n<tbody>\n<tr>\n<th>Strategia<\/th>\n<th>Descrizione<\/th>\n<\/tr>\n<tr>\n<td>Eventi Online<\/td>\n<td>Campagne di raccolta tramite streaming live<\/td>\n<\/tr>\n<tr>\n<td>Challenge Sociali<\/td>\n<td>Inviti a partecipare a sfide solidali<\/td>\n<\/tr>\n<tr>\n<td>Collaborazioni Influencer<\/td>\n<td>Partnership con noti creator per amplificare il messaggio<\/td>\n<\/tr>\n<\/tbody>\n<\/table>\n<h2>Testimonianze di beneficiari: cambiamenti reali nelle comunit\u00e0<\/h2>\n<p>Le storie di chi ha ricevuto sostegno riflettono il potere della solidariet\u00e0 nella realizzazione di progetti trasformativi. Ogni testimonianza \u00e8 un esempio tangibile di come la beneficenza possa modificare le esistenze e promuovere un clima di aiuto reciproco. Molti raccontano di vite stravolte dalla possibilit\u00e0 di accedere a risorse che prima erano inaccessibili, realizzando cos\u00ec sogni una volta considerati impossibili.<\/p>\n<p>In alcune localit\u00e0, le iniziative sociali hanno portato a risultati sorprendenti. Beneficiari raccontano come la partecipazione a programmi mirati abbia migliorato non solo il loro benessere individuale, ma anche quello delle loro famiglie. Questo approccio ha creato una rete di supporto che ha favorito la crescita collettiva, dimostrando quanto sia cruciale ogni contributo.<\/p>\n<p>Chi partecipa ai progetti spesso nota la creazione di una comunit\u00e0 pi\u00f9 forte e coesa, capace di affrontare insieme le difficolt\u00e0. La solidariet\u00e0 non \u00e8 solo un gesto occasionale, ma si trasforma in un impegno continuativo, capace di generare un cambiamento reale. I beneficiari diventano a loro volta promotori di nuove iniziative, contribuendo cos\u00ec a circoli di aiuto sempre pi\u00f9 ampi.<\/p>\n<p>Ogni racconto di chi ha beneficiato di queste realt\u00e0 rimane impresso nella memoria, mostrando il vero valore del sostegno collettivo. La beneficenza, quando si traduce in azioni concrete, diventa un faro di speranza per molti, accendendo nuove opportunit\u00e0 e costruendo ponti tra le persone, affinch\u00e9 nessuno venga lasciato indietro.<\/p>\n<h2>Domande e risposte: <\/h2>\n<h4>Qual \u00e8 il motivo dietro le donazioni di Chiara Ferragni per l&#8217;infanzia?<\/h4>\n<p>Chiara Ferragni ha deciso di impegnarsi attivamente per l&#8217;infanzia a causa della sua profonda sensibilit\u00e0 verso le difficolt\u00e0 che molti bambini affrontano. La sua volont\u00e0 \u00e8 quella di utilizzare la sua influenza per migliorare le condizioni di vita dei pi\u00f9 giovani e sensibilizzare l&#8217;opinione pubblica sui temi legati al benessere infantile.<\/p>\n<h4>Quante donazioni ha fatto Chiara Ferragni recentemente e a quali organizzazioni?<\/h4>\n<p>Negli ultimi mesi, Chiara Ferragni ha effettuato diverse donazioni a organizzazioni che si occupano di assistenza materiale e psicologica per i bambini in difficolt\u00e0. Tra le pi\u00f9 importanti, ha collaborato con organizzazioni come UNICEF e Save the Children, contribuendo a progetti che mirano a garantire un futuro migliore agli ultimi. Specificamente, ha donato oltre 100.000 euro per sostenere le loro iniziative.<\/p>\n<h4>Com&#8217;\u00e8 stata accolta l&#8217;iniziativa di Chiara Ferragni dalla sua fanbase?<\/h4>\n<p>L&#8217;iniziativa di Chiara Ferragni ha ricevuto un&#8217;accoglienza molto positiva da parte della sua fanbase. Molti spettatori hanno espresso supporto e apprezzamento per il suo impegno. I suoi follower spesso interagiscono condividendo storie ispiratrici e djolano alle donazioni, contribuendo a creare un movimento pi\u00f9 ampio a favore dell&#8217;infanzia e della beneficenza.<\/p>\n<h4>Quali sono i prossimi progetti di Chiara Ferragni legati al suo impegno per l&#8217;infanzia?<\/h4>\n<p>Chiara Ferragni ha in programma di lanciare una campagna di raccolta fondi nei prossimi mesi, mirata a sostenere progetti che garantiscono l&#8217;istruzione e la salute per i bambini meno fortunati. Intende anche collaborare con altre celebrit\u00e0 per amplificare il suo messaggio e aumentare la consapevolezza riguardo alle problematiche infantili.<\/p>\n<h4>In che modo le sue donazioni possono fare la differenza nella vita dei bambini?<\/h4>\n<p>Le donazioni di Chiara Ferragni possono avere un impatto significativo sulla vita dei bambini, fornendo loro accesso a servizi essenziali, come cure mediche, supporto psicologico e opportunit\u00e0 educative. Questi fondi possono essere utilizzati per sviluppare programmi che offrono protezione e supporto a coloro che si trovano in situazioni di vulnerabilit\u00e0, facendo cos\u00ec una reale differenza nella loro crescita e sviluppo.<\/p>","protected":false},"excerpt":{"rendered":"<p>La generosit\u00e0 nelle azioni di beneficenza non \u00e8 solo una scelta, ma una responsabilit\u00e0 sociale per chi ha una voce influente. Con il suo ampio seguito, questa figura riconosciuta nel panorama digitale ha dedicato tempo e risorse alla causa di chi \u00e8 pi\u00f9 vulnerabile. Gli ultimi interventi evidenziano come la solidariet\u00e0 possa manifestarsi in azioni [&hellip;]<\/p>\n","protected":false},"author":2,"featured_media":0,"comment_status":"closed","ping_status":"","sticky":false,"template":"","format":"standard","meta":{"_et_pb_use_builder":"","_et_pb_old_content":"","_et_gb_content_width":"","inline_featured_image":false,"footnotes":""},"categories":[1],"tags":[],"class_list":["post-19241","post","type-post","status-publish","format-standard","hentry","category-niet-gecategoriseerd"],"yoast_head":"<!-- This site is optimized with the Yoast SEO plugin v26.8 - https:\/\/yoast.com\/product\/yoast-seo-wordpress\/ -->\n<title>Chiara Ferragni e il suo impegno straordinario per il benessere dei bambini nel mondo - Yvie<\/title>\n<meta name=\"robots\" content=\"index, follow, max-snippet:-1, max-image-preview:large, max-video-preview:-1\" \/>\n<link rel=\"canonical\" href=\"https:\/\/yvie.com\/nl\/chiara-ferragni-e-il-suo-impegno-straordinario-per-il-benessere-dei-bambini-nel-mondo\/\" \/>\n<meta property=\"og:locale\" content=\"nl_NL\" \/>\n<meta property=\"og:type\" content=\"article\" \/>\n<meta property=\"og:title\" content=\"Chiara Ferragni e il suo impegno straordinario per il benessere dei bambini nel mondo - Yvie\" \/>\n<meta property=\"og:description\" content=\"La generosit\u00e0 nelle azioni di beneficenza non \u00e8 solo una scelta, ma una responsabilit\u00e0 sociale per chi ha una voce influente. Con il suo ampio seguito, questa figura riconosciuta nel panorama digitale ha dedicato tempo e risorse alla causa di chi \u00e8 pi\u00f9 vulnerabile. Gli ultimi interventi evidenziano come la solidariet\u00e0 possa manifestarsi in azioni [&hellip;]\" \/>\n<meta property=\"og:url\" content=\"https:\/\/yvie.com\/nl\/chiara-ferragni-e-il-suo-impegno-straordinario-per-il-benessere-dei-bambini-nel-mondo\/\" \/>\n<meta property=\"og:site_name\" content=\"Yvie\" \/>\n<meta property=\"article:published_time\" content=\"2025-12-27T19:56:40+00:00\" \/>\n<meta property=\"article:modified_time\" content=\"2026-04-28T08:00:24+00:00\" \/>\n<meta name=\"author\" content=\"Elles de Bruin-Rook\" \/>\n<meta name=\"twitter:card\" content=\"summary_large_image\" \/>\n<meta name=\"twitter:label1\" content=\"Geschreven door\" \/>\n\t<meta name=\"twitter:data1\" content=\"Elles de Bruin-Rook\" \/>\n\t<meta name=\"twitter:label2\" content=\"Geschatte leestijd\" \/>\n\t<meta name=\"twitter:data2\" content=\"6 minuten\" \/>\n<script type=\"application\/ld+json\" class=\"yoast-schema-graph\">{\"@context\":\"https:\/\/schema.org\",\"@graph\":[{\"@type\":\"Article\",\"@id\":\"https:\/\/yvie.com\/chiara-ferragni-e-il-suo-impegno-straordinario-per-il-benessere-dei-bambini-nel-mondo\/#article\",\"isPartOf\":{\"@id\":\"https:\/\/yvie.com\/chiara-ferragni-e-il-suo-impegno-straordinario-per-il-benessere-dei-bambini-nel-mondo\/\"},\"author\":{\"name\":\"Elles de Bruin-Rook\",\"@id\":\"https:\/\/yvie.com\/#\/schema\/person\/adc35d434b1bd4fc9a1645968e48cfae\"},\"headline\":\"Chiara Ferragni e il suo impegno straordinario per il benessere dei bambini nel mondo\",\"datePublished\":\"2025-12-27T19:56:40+00:00\",\"dateModified\":\"2026-04-28T08:00:24+00:00\",\"mainEntityOfPage\":{\"@id\":\"https:\/\/yvie.com\/chiara-ferragni-e-il-suo-impegno-straordinario-per-il-benessere-dei-bambini-nel-mondo\/\"},\"wordCount\":1264,\"inLanguage\":\"nl-NL\"},{\"@type\":\"WebPage\",\"@id\":\"https:\/\/yvie.com\/chiara-ferragni-e-il-suo-impegno-straordinario-per-il-benessere-dei-bambini-nel-mondo\/\",\"url\":\"https:\/\/yvie.com\/chiara-ferragni-e-il-suo-impegno-straordinario-per-il-benessere-dei-bambini-nel-mondo\/\",\"name\":\"Chiara Ferragni e il suo impegno straordinario per il benessere dei bambini nel mondo - Yvie\",\"isPartOf\":{\"@id\":\"https:\/\/yvie.com\/#website\"},\"datePublished\":\"2025-12-27T19:56:40+00:00\",\"dateModified\":\"2026-04-28T08:00:24+00:00\",\"author\":{\"@id\":\"https:\/\/yvie.com\/#\/schema\/person\/adc35d434b1bd4fc9a1645968e48cfae\"},\"breadcrumb\":{\"@id\":\"https:\/\/yvie.com\/chiara-ferragni-e-il-suo-impegno-straordinario-per-il-benessere-dei-bambini-nel-mondo\/#breadcrumb\"},\"inLanguage\":\"nl-NL\",\"potentialAction\":[{\"@type\":\"ReadAction\",\"target\":[\"https:\/\/yvie.com\/chiara-ferragni-e-il-suo-impegno-straordinario-per-il-benessere-dei-bambini-nel-mondo\/\"]}]},{\"@type\":\"BreadcrumbList\",\"@id\":\"https:\/\/yvie.com\/chiara-ferragni-e-il-suo-impegno-straordinario-per-il-benessere-dei-bambini-nel-mondo\/#breadcrumb\",\"itemListElement\":[{\"@type\":\"ListItem\",\"position\":1,\"name\":\"Home\",\"item\":\"https:\/\/yvie.com\/\"},{\"@type\":\"ListItem\",\"position\":2,\"name\":\"Chiara Ferragni e il suo impegno straordinario per il benessere dei bambini nel mondo\"}]},{\"@type\":\"WebSite\",\"@id\":\"https:\/\/yvie.com\/#website\",\"url\":\"https:\/\/yvie.com\/\",\"name\":\"Yvie\",\"description\":\"\",\"potentialAction\":[{\"@type\":\"SearchAction\",\"target\":{\"@type\":\"EntryPoint\",\"urlTemplate\":\"https:\/\/yvie.com\/?s={search_term_string}\"},\"query-input\":{\"@type\":\"PropertyValueSpecification\",\"valueRequired\":true,\"valueName\":\"search_term_string\"}}],\"inLanguage\":\"nl-NL\"},{\"@type\":\"Person\",\"@id\":\"https:\/\/yvie.com\/#\/schema\/person\/adc35d434b1bd4fc9a1645968e48cfae\",\"name\":\"Elles de Bruin-Rook\",\"url\":\"https:\/\/yvie.com\/nl\/author\/elles\/\"}]}<\/script>\n<!-- \/ Yoast SEO plugin. -->","yoast_head_json":{"title":"Chiara Ferragni e il suo impegno straordinario per il benessere dei bambini nel mondo - Yvie","robots":{"index":"index","follow":"follow","max-snippet":"max-snippet:-1","max-image-preview":"max-image-preview:large","max-video-preview":"max-video-preview:-1"},"canonical":"https:\/\/yvie.com\/nl\/chiara-ferragni-e-il-suo-impegno-straordinario-per-il-benessere-dei-bambini-nel-mondo\/","og_locale":"nl_NL","og_type":"article","og_title":"Chiara Ferragni e il suo impegno straordinario per il benessere dei bambini nel mondo - Yvie","og_description":"La generosit\u00e0 nelle azioni di beneficenza non \u00e8 solo una scelta, ma una responsabilit\u00e0 sociale per chi ha una voce influente. Con il suo ampio seguito, questa figura riconosciuta nel panorama digitale ha dedicato tempo e risorse alla causa di chi \u00e8 pi\u00f9 vulnerabile. Gli ultimi interventi evidenziano come la solidariet\u00e0 possa manifestarsi in azioni [&hellip;]","og_url":"https:\/\/yvie.com\/nl\/chiara-ferragni-e-il-suo-impegno-straordinario-per-il-benessere-dei-bambini-nel-mondo\/","og_site_name":"Yvie","article_published_time":"2025-12-27T19:56:40+00:00","article_modified_time":"2026-04-28T08:00:24+00:00","author":"Elles de Bruin-Rook","twitter_card":"summary_large_image","twitter_misc":{"Geschreven door":"Elles de Bruin-Rook","Geschatte leestijd":"6 minuten"},"schema":{"@context":"https:\/\/schema.org","@graph":[{"@type":"Article","@id":"https:\/\/yvie.com\/chiara-ferragni-e-il-suo-impegno-straordinario-per-il-benessere-dei-bambini-nel-mondo\/#article","isPartOf":{"@id":"https:\/\/yvie.com\/chiara-ferragni-e-il-suo-impegno-straordinario-per-il-benessere-dei-bambini-nel-mondo\/"},"author":{"name":"Elles de Bruin-Rook","@id":"https:\/\/yvie.com\/#\/schema\/person\/adc35d434b1bd4fc9a1645968e48cfae"},"headline":"Chiara Ferragni e il suo impegno straordinario per il benessere dei bambini nel mondo","datePublished":"2025-12-27T19:56:40+00:00","dateModified":"2026-04-28T08:00:24+00:00","mainEntityOfPage":{"@id":"https:\/\/yvie.com\/chiara-ferragni-e-il-suo-impegno-straordinario-per-il-benessere-dei-bambini-nel-mondo\/"},"wordCount":1264,"inLanguage":"nl-NL"},{"@type":"WebPage","@id":"https:\/\/yvie.com\/chiara-ferragni-e-il-suo-impegno-straordinario-per-il-benessere-dei-bambini-nel-mondo\/","url":"https:\/\/yvie.com\/chiara-ferragni-e-il-suo-impegno-straordinario-per-il-benessere-dei-bambini-nel-mondo\/","name":"Chiara Ferragni e il suo impegno straordinario per il benessere dei bambini nel mondo - Yvie","isPartOf":{"@id":"https:\/\/yvie.com\/#website"},"datePublished":"2025-12-27T19:56:40+00:00","dateModified":"2026-04-28T08:00:24+00:00","author":{"@id":"https:\/\/yvie.com\/#\/schema\/person\/adc35d434b1bd4fc9a1645968e48cfae"},"breadcrumb":{"@id":"https:\/\/yvie.com\/chiara-ferragni-e-il-suo-impegno-straordinario-per-il-benessere-dei-bambini-nel-mondo\/#breadcrumb"},"inLanguage":"nl-NL","potentialAction":[{"@type":"ReadAction","target":["https:\/\/yvie.com\/chiara-ferragni-e-il-suo-impegno-straordinario-per-il-benessere-dei-bambini-nel-mondo\/"]}]},{"@type":"BreadcrumbList","@id":"https:\/\/yvie.com\/chiara-ferragni-e-il-suo-impegno-straordinario-per-il-benessere-dei-bambini-nel-mondo\/#breadcrumb","itemListElement":[{"@type":"ListItem","position":1,"name":"Home","item":"https:\/\/yvie.com\/"},{"@type":"ListItem","position":2,"name":"Chiara Ferragni e il suo impegno straordinario per il benessere dei bambini nel mondo"}]},{"@type":"WebSite","@id":"https:\/\/yvie.com\/#website","url":"https:\/\/yvie.com\/","name":"Yvie","description":"","potentialAction":[{"@type":"SearchAction","target":{"@type":"EntryPoint","urlTemplate":"https:\/\/yvie.com\/?s={search_term_string}"},"query-input":{"@type":"PropertyValueSpecification","valueRequired":true,"valueName":"search_term_string"}}],"inLanguage":"nl-NL"},{"@type":"Person","@id":"https:\/\/yvie.com\/#\/schema\/person\/adc35d434b1bd4fc9a1645968e48cfae","name":"Elles de Bruin-Rook","url":"https:\/\/yvie.com\/nl\/author\/elles\/"}]}},"_links":{"self":[{"href":"https:\/\/yvie.com\/nl\/wp-json\/wp\/v2\/posts\/19241","targetHints":{"allow":["GET"]}}],"collection":[{"href":"https:\/\/yvie.com\/nl\/wp-json\/wp\/v2\/posts"}],"about":[{"href":"https:\/\/yvie.com\/nl\/wp-json\/wp\/v2\/types\/post"}],"author":[{"embeddable":true,"href":"https:\/\/yvie.com\/nl\/wp-json\/wp\/v2\/users\/2"}],"replies":[{"embeddable":true,"href":"https:\/\/yvie.com\/nl\/wp-json\/wp\/v2\/comments?post=19241"}],"version-history":[{"count":1,"href":"https:\/\/yvie.com\/nl\/wp-json\/wp\/v2\/posts\/19241\/revisions"}],"predecessor-version":[{"id":19243,"href":"https:\/\/yvie.com\/nl\/wp-json\/wp\/v2\/posts\/19241\/revisions\/19243"}],"wp:attachment":[{"href":"https:\/\/yvie.com\/nl\/wp-json\/wp\/v2\/media?parent=19241"}],"wp:term":[{"taxonomy":"category","embeddable":true,"href":"https:\/\/yvie.com\/nl\/wp-json\/wp\/v2\/categories?post=19241"},{"taxonomy":"post_tag","embeddable":true,"href":"https:\/\/yvie.com\/nl\/wp-json\/wp\/v2\/tags?post=19241"}],"curies":[{"name":"wp","href":"https:\/\/api.w.org\/{rel}","templated":true}]}}