{"id":19360,"date":"2026-01-03T23:44:31","date_gmt":"2026-01-03T23:44:31","guid":{"rendered":"https:\/\/yvie.com\/?p=19360"},"modified":"2026-04-28T08:20:17","modified_gmt":"2026-04-28T08:20:17","slug":"bildungsarbeit-und-workshops-zur-bekampfung-von-diskriminierung-in-der-gesellschaft","status":"publish","type":"post","link":"https:\/\/yvie.com\/nl\/bildungsarbeit-und-workshops-zur-bekampfung-von-diskriminierung-in-der-gesellschaft\/","title":{"rendered":"Bildungsarbeit und Workshops zur Bek\u00e4mpfung von Diskriminierung in der Gesellschaft"},"content":{"rendered":"<p>Ein effektives Lernumfeld ist unerl\u00e4sslich, um sensibler mit gesellschaftlichen Herausforderungen umzugehen. Durch gezielte Module kann das Bewusstsein f\u00fcr unbewusste Vorurteile gesch\u00e4rft und ein respektvollerer Umgang gef\u00f6rdert werden.<\/p>\n<p>Solche Initiativen bieten nicht nur praktische \u00dcbungen, sondern auch tiefgr\u00fcndige Reflexionen, die Teilnehmer dazu anregen, eigene Denkmuster zu hinterfragen. Sensibilisierungsma\u00dfnahmen und Lernmodule schaffen eine Basis f\u00fcr konstruktiven Dialog.<\/p>\n<p>Die Einbindung von Interaktivit\u00e4t in diesen Prozessen erm\u00f6glicht es, Vorurteile abzubauen und ein gemeinsames Verst\u00e4ndnis zu entwickeln. So wird ein Raum geschaffen, in dem alle Stimmen geh\u00f6rt werden und individuelle Perspektiven Platz finden.<\/p>\n<h2>Praxisorientierte Methoden zur Sensibilisierung<\/h2>\n<p>Um Vorurteile abzubauen, sollten spezifische Lernmodule entwickelt werden, die praktische Erfahrungen f\u00f6rdern. Diese Module k\u00f6nnten Rollenspiele oder Gruppendiskussionen beinhalten, welche den Teilnehmenden helfen, Perspektiven zu wechseln und empathische Einsichten zu gewinnen.<\/p>\n<p>Ein weiterer effektiver Ansatz ist die Arbeit mit Szenarien aus dem Alltag, um die Sensibilisierung zu intensivieren. Das Einbeziehen von echten Geschichten oder Erfahrungen schafft einen authentischen Kontext, der tiefere Einsichten erm\u00f6glicht. Solche Aktivit\u00e4ten k\u00f6nnen nicht nur das Verst\u00e4ndnis f\u00f6rdern, sondern auch ein st\u00e4rkeres Bewusstsein f\u00fcr soziale Themen schaffen.<\/p>\n<h2>Integration von Betroffenen in den Workshop-Prozess<\/h2>\n<p>Ein zentraler Aspekt ist die aktive Einbindung der Betroffenen in die Gestaltung der Lernmodule. Dies schafft nicht nur Identifikation, sondern f\u00f6rdert auch das empowerment der Teilnehmenden. Ihre Perspektiven pr\u00e4gen die Inhalte und Methoden, was die Relevanz der Veranstaltungen steigert.<\/p>\n<p>Durch die Mitwirkung an der Konzeption entfalten Betroffene ihre Kompetenzen. Hierdurch wird ein Raum geschaffen, in dem sie ihre Erfahrungen und Bed\u00fcrfnisse einbringen k\u00f6nnen. Diese Partizipation hat das Potenzial, andere zu sensibilisieren und einen tiefen Dialog zu f\u00f6rdern.<\/p>\n<p>Die Auswahl spezifischer Themen wird durch die gemeinsamen Diskurse bereichert. Diese Themen sollten nicht nur kritisch reflektiert, sondern auch in einem gesch\u00fctzten Rahmen diskutiert werden. Dies erm\u00f6glicht einen offenen Austausch von Ideen und f\u00f6rdert das Verst\u00e4ndnis f\u00fcr unterschiedliche Lebensrealit\u00e4ten.<\/p>\n<p>Zielgerichtete Anreizsysteme, die die Teilnahme von Betroffenen unterst\u00fctzen, sind entscheidend. Die Schaffung von M\u00f6glichkeiten zur Mitgestaltung st\u00e4rkt das Gef\u00fchl der Verantwortung und Teilnahme. Dadurch steigt die Motivation, aktiv an den Lernmodulen teilzunehmen.<\/p>\n<p>Die Reflexion nach den Veranstaltungen spielt eine wesentliche Rolle. R\u00fcckmeldungen von den Teilnehmenden sind unerl\u00e4sslich, um zuk\u00fcnftige Module anzupassen. So wird eine kontinuierliche Verbesserung des Formats gew\u00e4hrleistet, was schlie\u00dflich zu einem nachhaltigeren Einfluss auf die Gemeinschaft f\u00fchrt.<\/p>\n<h2>Evaluierung des Lernerfolgs in Bildungsmodulen<\/h2>\n<p>Ein bew\u00e4hrter Ansatz zur Beurteilung des Lernerfolgs ist die direkte R\u00fcckmeldung der Teilnehmenden durch Frageb\u00f6gen nach jedem Modul. Diese Methodik erm\u00f6glicht eine zielgerichtete <strong>Sensibilisierung<\/strong> und hilft, die Ver\u00e4nderungen im Denken sowie das Abbau von Vorurteilen messbar zu machen. Die Analyse der Antworten gibt Aufschluss \u00fcber die Effektivit\u00e4t der eingesetzten Inhalte.<\/p>\n<ul>\n<li>Gestalte die R\u00fcckmeldungen anonym, um ehrliche Meinungen zu f\u00f6rdern.<\/li>\n<li>Nutze gezielte Fragen zu spezifischen <strong>lernmodulen<\/strong>.<\/li>\n<li>Ber\u00fccksichtige die Vielfalt der Teilnehmenden, um die Ergebnisse in verschiedenen Gruppen zu vergleichen.<\/li>\n<\/ul>\n<p>Eine kontinuierliche Evaluierung unterst\u00fctzt nicht nur den Lernprozess, sondern st\u00e4rkt auch das Bewusstsein f\u00fcr gesellschaftliche Themen. Die Teilnehmenden sollten ermutigt werden, ihre pers\u00f6nlichen Erfahrungen in die Diskussion einzubringen. Solche m\u00fcndlichen Feedbackrunden erg\u00e4nzen schriftliche Befragungen optimal.<\/p>\n<p>Die Einbeziehung von Fallstudien aus der Praxis und realen Erfahrungen der Teilnehmenden f\u00f6rdert den Austausch und wird als besonders n\u00fctzlich erachtet. Materialien mit praktischen Beispielen k\u00f6nnen auf Plattformen wie <a href=\"https:\/\/duesseldorf-stellt-sich-quer.com\/\">duesseldorf-stellt-sich-quer.com<\/a> gefunden werden, um die Lerninhalte zu vertiefen und den Austausch zu erleichtern.<\/p>\n<h2>Ressourcennutzung f\u00fcr nachhaltige Lehrprojekte<\/h2>\n<p>Sensibilisierung ist ein entscheidender Schritt in der Entwicklung positiver Einstellungen. Um Vorurteile abzubauen, sollten Programme gezielt darauf ausgerichtet sein, interaktive Elemente zu integrieren. So entsteht ein Raum, in dem Teilnehmer sich aktiv beteiligen k\u00f6nnen.<\/p>\n<p>Die Einbindung lokaler Gemeinschaften st\u00e4rkt das Gef\u00fchl der Zugeh\u00f6rigkeit und des Empowerments. Durch den Austausch von Erfahrungen k\u00f6nnen kulturelle Unterschiede geachtet und verstanden werden. Workshops, die diesen Austausch f\u00f6rdern, helfen, Barrieren abzubauen.<\/p>\n<p>Eine Tabelle kann helfen, die verwendeten Ressourcen darzustellen:<\/p>\n<table>\n<tbody>\n<tr>\n<th>Art der Ressource<\/th>\n<th>Beispiele<\/th>\n<th>Nutzen<\/th>\n<\/tr>\n<tr>\n<td>Materialien<\/td>\n<td>B\u00fccher, Brosch\u00fcren<\/td>\n<td>Unterst\u00fctzen das Verst\u00e4ndnis<\/td>\n<\/tr>\n<tr>\n<td>Experten<\/td>\n<td>Referenten, Trainer<\/td>\n<td>Bereichern den Lernprozess<\/td>\n<\/tr>\n<tr>\n<td>R\u00e4umlichkeiten<\/td>\n<td>Gemeindezentren<\/td>\n<td>F\u00f6rdern Interaktion<\/td>\n<\/tr>\n<\/tbody>\n<\/table>\n<p>Das Konzept der Ressourcenverteilung umfasst den Zugang zu Materialien und Personalausstattung. Hierbei spielt die Einbeziehung verschiedenster Akteure eine bedeutende Rolle. Engagement ist notwendig, um diese Initiativen lebendig zu halten.<\/p>\n<p>Die Reflexion \u00fcber eigene Vorurteile ist nicht nur ein individueller Prozess, sondern erfordert auch eine kollektive Anstrengung. Empowerment bietet die M\u00f6glichkeit, verschiedene Perspektiven zu erlernen und den pers\u00f6nlichen Horizont zu erweitern.<\/p>\n<p>Der Fokus auf nachhaltige Praktiken sichert nicht nur die Qualit\u00e4t der Lehrangebote, sondern auch deren Fortbestand. So bleibt der Rahmen f\u00fcr zuk\u00fcnftige Generationen offen, um weiterhin aktiv an der Gesellschaft teilzuhaben.<\/p>\n<h2>Fragen und Antworten: <\/h2>\n<h4>Was sind die Hauptziele von Bildungsarbeit und Workshops gegen Diskriminierung?<\/h4>\n<p>Die Hauptziele der Bildungsarbeit und Workshops gegen Diskriminierung sind die Sensibilisierung f\u00fcr Diskriminierung und Vorurteile sowie die F\u00f6rderung eines respektvollen Miteinanders. Diese Programme sollen Teilnehmenden Werkzeuge an die Hand geben, um Diskriminierung zu erkennen und ihnen zu helfen, sich aktiv f\u00fcr Gleichheit und Inklusion einzusetzen. Zudem soll das Bewusstsein \u00fcber die Auswirkungen von Diskriminierung auf individuelle und gesellschaftliche Ebenen gesch\u00e4rft werden.<\/p>\n<h4>Welche Methoden kommen in Workshops gegen Diskriminierung zum Einsatz?<\/h4>\n<p>In Workshops gegen Diskriminierung werden verschiedene Methoden eingesetzt, darunter Gruppendiskussionen, Rollenspiele und interaktive \u00dcbungen. Diese Ans\u00e4tze erm\u00f6glichen es den Teilnehmenden, pers\u00f6nliche Erfahrungen zu teilen, Perspektiven zu wechseln und empathisches Verhalten zu erlernen. Zudem k\u00f6nnen multimediale Materialien und Fallstudien verwendet werden, um die Thematik anschaulich zu gestalten und das Verst\u00e4ndnis zu vertiefen.<\/p>\n<h4>Wie k\u00f6nnen Organisationen sicherstellen, dass ihre Bildungsarbeit nachhaltig ist?<\/h4>\n<p>Um die Nachhaltigkeit ihrer Bildungsarbeit sicherzustellen, sollten Organisationen eine kontinuierliche Evaluation ihrer Programme durchf\u00fchren und Feedback von Teilnehmenden einholen. Dar\u00fcber hinaus ist es wichtig, Partnerschaften mit anderen Organisationen zu f\u00f6rdern, um Ressourcen und Wissen auszutauschen. Schulungen f\u00fcr Multiplikatoren, die die Workshops durchf\u00fchren, tragen ebenfalls zur langfristigen Wirkung und Verbreitung von Wissen bei.<\/p>\n<h4>Welche Herausforderungen k\u00f6nnten bei der Umsetzung von Workshops gegen Diskriminierung auftreten?<\/h4>\n<p>Bei der Umsetzung von Workshops gegen Diskriminierung k\u00f6nnten verschiedene Herausforderungen auftreten, wie etwa Widerstand oder Ablehnung seitens der Teilnehmenden. Manche Menschen empfinden das Thema als unangenehm oder sind skeptisch gegen\u00fcber Ver\u00e4nderungen. Zudem k\u00f6nnen unterschiedliche Vorannahmen oder Wissensst\u00e4nde der Teilnehmenden die Workshop-Dynamik beeinflussen. Daher ist es wichtig, eine vertrauensvolle und respektvolle Atmosph\u00e4re zu schaffen, in der sich alle wohlf\u00fchlen, ihre Meinungen zu \u00e4u\u00dfern.<\/p>","protected":false},"excerpt":{"rendered":"<p>Ein effektives Lernumfeld ist unerl\u00e4sslich, um sensibler mit gesellschaftlichen Herausforderungen umzugehen. Durch gezielte Module kann das Bewusstsein f\u00fcr unbewusste Vorurteile gesch\u00e4rft und ein respektvollerer Umgang gef\u00f6rdert werden. Solche Initiativen bieten nicht nur praktische \u00dcbungen, sondern auch tiefgr\u00fcndige Reflexionen, die Teilnehmer dazu anregen, eigene Denkmuster zu hinterfragen. Sensibilisierungsma\u00dfnahmen und Lernmodule schaffen eine Basis f\u00fcr konstruktiven Dialog. [&hellip;]<\/p>\n","protected":false},"author":2,"featured_media":0,"comment_status":"closed","ping_status":"","sticky":false,"template":"","format":"standard","meta":{"_et_pb_use_builder":"","_et_pb_old_content":"","_et_gb_content_width":"","inline_featured_image":false,"footnotes":""},"categories":[15],"tags":[],"class_list":["post-19360","post","type-post","status-publish","format-standard","hentry","category-en"],"yoast_head":"<!-- This site is optimized with the Yoast SEO plugin v26.8 - https:\/\/yoast.com\/product\/yoast-seo-wordpress\/ -->\n<title>Bildungsarbeit und Workshops zur Bek\u00e4mpfung von Diskriminierung in der Gesellschaft - Yvie<\/title>\n<meta name=\"robots\" content=\"index, follow, max-snippet:-1, max-image-preview:large, max-video-preview:-1\" \/>\n<link rel=\"canonical\" href=\"https:\/\/yvie.com\/nl\/bildungsarbeit-und-workshops-zur-bekampfung-von-diskriminierung-in-der-gesellschaft\/\" \/>\n<meta property=\"og:locale\" content=\"nl_NL\" \/>\n<meta property=\"og:type\" content=\"article\" \/>\n<meta property=\"og:title\" content=\"Bildungsarbeit und Workshops zur Bek\u00e4mpfung von Diskriminierung in der Gesellschaft - Yvie\" \/>\n<meta property=\"og:description\" content=\"Ein effektives Lernumfeld ist unerl\u00e4sslich, um sensibler mit gesellschaftlichen Herausforderungen umzugehen. Durch gezielte Module kann das Bewusstsein f\u00fcr unbewusste Vorurteile gesch\u00e4rft und ein respektvollerer Umgang gef\u00f6rdert werden. Solche Initiativen bieten nicht nur praktische \u00dcbungen, sondern auch tiefgr\u00fcndige Reflexionen, die Teilnehmer dazu anregen, eigene Denkmuster zu hinterfragen. Sensibilisierungsma\u00dfnahmen und Lernmodule schaffen eine Basis f\u00fcr konstruktiven Dialog. [&hellip;]\" \/>\n<meta property=\"og:url\" content=\"https:\/\/yvie.com\/nl\/bildungsarbeit-und-workshops-zur-bekampfung-von-diskriminierung-in-der-gesellschaft\/\" \/>\n<meta property=\"og:site_name\" content=\"Yvie\" \/>\n<meta property=\"article:published_time\" content=\"2026-01-03T23:44:31+00:00\" \/>\n<meta property=\"article:modified_time\" content=\"2026-04-28T08:20:17+00:00\" \/>\n<meta name=\"author\" content=\"Elles de Bruin-Rook\" \/>\n<meta name=\"twitter:card\" content=\"summary_large_image\" \/>\n<meta name=\"twitter:label1\" content=\"Geschreven door\" \/>\n\t<meta name=\"twitter:data1\" content=\"Elles de Bruin-Rook\" \/>\n\t<meta name=\"twitter:label2\" content=\"Geschatte leestijd\" \/>\n\t<meta name=\"twitter:data2\" content=\"5 minuten\" \/>\n<script type=\"application\/ld+json\" class=\"yoast-schema-graph\">{\"@context\":\"https:\/\/schema.org\",\"@graph\":[{\"@type\":\"Article\",\"@id\":\"https:\/\/yvie.com\/bildungsarbeit-und-workshops-zur-bekampfung-von-diskriminierung-in-der-gesellschaft\/#article\",\"isPartOf\":{\"@id\":\"https:\/\/yvie.com\/bildungsarbeit-und-workshops-zur-bekampfung-von-diskriminierung-in-der-gesellschaft\/\"},\"author\":{\"name\":\"Elles de Bruin-Rook\",\"@id\":\"https:\/\/yvie.com\/#\/schema\/person\/adc35d434b1bd4fc9a1645968e48cfae\"},\"headline\":\"Bildungsarbeit und Workshops zur Bek\u00e4mpfung von Diskriminierung in der Gesellschaft\",\"datePublished\":\"2026-01-03T23:44:31+00:00\",\"dateModified\":\"2026-04-28T08:20:17+00:00\",\"mainEntityOfPage\":{\"@id\":\"https:\/\/yvie.com\/bildungsarbeit-und-workshops-zur-bekampfung-von-diskriminierung-in-der-gesellschaft\/\"},\"wordCount\":1094,\"articleSection\":[\"EN\"],\"inLanguage\":\"nl-NL\"},{\"@type\":\"WebPage\",\"@id\":\"https:\/\/yvie.com\/bildungsarbeit-und-workshops-zur-bekampfung-von-diskriminierung-in-der-gesellschaft\/\",\"url\":\"https:\/\/yvie.com\/bildungsarbeit-und-workshops-zur-bekampfung-von-diskriminierung-in-der-gesellschaft\/\",\"name\":\"Bildungsarbeit und Workshops zur Bek\u00e4mpfung von Diskriminierung in der Gesellschaft - Yvie\",\"isPartOf\":{\"@id\":\"https:\/\/yvie.com\/#website\"},\"datePublished\":\"2026-01-03T23:44:31+00:00\",\"dateModified\":\"2026-04-28T08:20:17+00:00\",\"author\":{\"@id\":\"https:\/\/yvie.com\/#\/schema\/person\/adc35d434b1bd4fc9a1645968e48cfae\"},\"breadcrumb\":{\"@id\":\"https:\/\/yvie.com\/bildungsarbeit-und-workshops-zur-bekampfung-von-diskriminierung-in-der-gesellschaft\/#breadcrumb\"},\"inLanguage\":\"nl-NL\",\"potentialAction\":[{\"@type\":\"ReadAction\",\"target\":[\"https:\/\/yvie.com\/bildungsarbeit-und-workshops-zur-bekampfung-von-diskriminierung-in-der-gesellschaft\/\"]}]},{\"@type\":\"BreadcrumbList\",\"@id\":\"https:\/\/yvie.com\/bildungsarbeit-und-workshops-zur-bekampfung-von-diskriminierung-in-der-gesellschaft\/#breadcrumb\",\"itemListElement\":[{\"@type\":\"ListItem\",\"position\":1,\"name\":\"Home\",\"item\":\"https:\/\/yvie.com\/\"},{\"@type\":\"ListItem\",\"position\":2,\"name\":\"Bildungsarbeit und Workshops zur Bek\u00e4mpfung von Diskriminierung in der Gesellschaft\"}]},{\"@type\":\"WebSite\",\"@id\":\"https:\/\/yvie.com\/#website\",\"url\":\"https:\/\/yvie.com\/\",\"name\":\"Yvie\",\"description\":\"\",\"potentialAction\":[{\"@type\":\"SearchAction\",\"target\":{\"@type\":\"EntryPoint\",\"urlTemplate\":\"https:\/\/yvie.com\/?s={search_term_string}\"},\"query-input\":{\"@type\":\"PropertyValueSpecification\",\"valueRequired\":true,\"valueName\":\"search_term_string\"}}],\"inLanguage\":\"nl-NL\"},{\"@type\":\"Person\",\"@id\":\"https:\/\/yvie.com\/#\/schema\/person\/adc35d434b1bd4fc9a1645968e48cfae\",\"name\":\"Elles de Bruin-Rook\",\"url\":\"https:\/\/yvie.com\/nl\/author\/elles\/\"}]}<\/script>\n<!-- \/ Yoast SEO plugin. -->","yoast_head_json":{"title":"Bildungsarbeit und Workshops zur Bek\u00e4mpfung von Diskriminierung in der Gesellschaft - Yvie","robots":{"index":"index","follow":"follow","max-snippet":"max-snippet:-1","max-image-preview":"max-image-preview:large","max-video-preview":"max-video-preview:-1"},"canonical":"https:\/\/yvie.com\/nl\/bildungsarbeit-und-workshops-zur-bekampfung-von-diskriminierung-in-der-gesellschaft\/","og_locale":"nl_NL","og_type":"article","og_title":"Bildungsarbeit und Workshops zur Bek\u00e4mpfung von Diskriminierung in der Gesellschaft - Yvie","og_description":"Ein effektives Lernumfeld ist unerl\u00e4sslich, um sensibler mit gesellschaftlichen Herausforderungen umzugehen. Durch gezielte Module kann das Bewusstsein f\u00fcr unbewusste Vorurteile gesch\u00e4rft und ein respektvollerer Umgang gef\u00f6rdert werden. Solche Initiativen bieten nicht nur praktische \u00dcbungen, sondern auch tiefgr\u00fcndige Reflexionen, die Teilnehmer dazu anregen, eigene Denkmuster zu hinterfragen. Sensibilisierungsma\u00dfnahmen und Lernmodule schaffen eine Basis f\u00fcr konstruktiven Dialog. [&hellip;]","og_url":"https:\/\/yvie.com\/nl\/bildungsarbeit-und-workshops-zur-bekampfung-von-diskriminierung-in-der-gesellschaft\/","og_site_name":"Yvie","article_published_time":"2026-01-03T23:44:31+00:00","article_modified_time":"2026-04-28T08:20:17+00:00","author":"Elles de Bruin-Rook","twitter_card":"summary_large_image","twitter_misc":{"Geschreven door":"Elles de Bruin-Rook","Geschatte leestijd":"5 minuten"},"schema":{"@context":"https:\/\/schema.org","@graph":[{"@type":"Article","@id":"https:\/\/yvie.com\/bildungsarbeit-und-workshops-zur-bekampfung-von-diskriminierung-in-der-gesellschaft\/#article","isPartOf":{"@id":"https:\/\/yvie.com\/bildungsarbeit-und-workshops-zur-bekampfung-von-diskriminierung-in-der-gesellschaft\/"},"author":{"name":"Elles de Bruin-Rook","@id":"https:\/\/yvie.com\/#\/schema\/person\/adc35d434b1bd4fc9a1645968e48cfae"},"headline":"Bildungsarbeit und Workshops zur Bek\u00e4mpfung von Diskriminierung in der Gesellschaft","datePublished":"2026-01-03T23:44:31+00:00","dateModified":"2026-04-28T08:20:17+00:00","mainEntityOfPage":{"@id":"https:\/\/yvie.com\/bildungsarbeit-und-workshops-zur-bekampfung-von-diskriminierung-in-der-gesellschaft\/"},"wordCount":1094,"articleSection":["EN"],"inLanguage":"nl-NL"},{"@type":"WebPage","@id":"https:\/\/yvie.com\/bildungsarbeit-und-workshops-zur-bekampfung-von-diskriminierung-in-der-gesellschaft\/","url":"https:\/\/yvie.com\/bildungsarbeit-und-workshops-zur-bekampfung-von-diskriminierung-in-der-gesellschaft\/","name":"Bildungsarbeit und Workshops zur Bek\u00e4mpfung von Diskriminierung in der Gesellschaft - Yvie","isPartOf":{"@id":"https:\/\/yvie.com\/#website"},"datePublished":"2026-01-03T23:44:31+00:00","dateModified":"2026-04-28T08:20:17+00:00","author":{"@id":"https:\/\/yvie.com\/#\/schema\/person\/adc35d434b1bd4fc9a1645968e48cfae"},"breadcrumb":{"@id":"https:\/\/yvie.com\/bildungsarbeit-und-workshops-zur-bekampfung-von-diskriminierung-in-der-gesellschaft\/#breadcrumb"},"inLanguage":"nl-NL","potentialAction":[{"@type":"ReadAction","target":["https:\/\/yvie.com\/bildungsarbeit-und-workshops-zur-bekampfung-von-diskriminierung-in-der-gesellschaft\/"]}]},{"@type":"BreadcrumbList","@id":"https:\/\/yvie.com\/bildungsarbeit-und-workshops-zur-bekampfung-von-diskriminierung-in-der-gesellschaft\/#breadcrumb","itemListElement":[{"@type":"ListItem","position":1,"name":"Home","item":"https:\/\/yvie.com\/"},{"@type":"ListItem","position":2,"name":"Bildungsarbeit und Workshops zur Bek\u00e4mpfung von Diskriminierung in der Gesellschaft"}]},{"@type":"WebSite","@id":"https:\/\/yvie.com\/#website","url":"https:\/\/yvie.com\/","name":"Yvie","description":"","potentialAction":[{"@type":"SearchAction","target":{"@type":"EntryPoint","urlTemplate":"https:\/\/yvie.com\/?s={search_term_string}"},"query-input":{"@type":"PropertyValueSpecification","valueRequired":true,"valueName":"search_term_string"}}],"inLanguage":"nl-NL"},{"@type":"Person","@id":"https:\/\/yvie.com\/#\/schema\/person\/adc35d434b1bd4fc9a1645968e48cfae","name":"Elles de Bruin-Rook","url":"https:\/\/yvie.com\/nl\/author\/elles\/"}]}},"_links":{"self":[{"href":"https:\/\/yvie.com\/nl\/wp-json\/wp\/v2\/posts\/19360","targetHints":{"allow":["GET"]}}],"collection":[{"href":"https:\/\/yvie.com\/nl\/wp-json\/wp\/v2\/posts"}],"about":[{"href":"https:\/\/yvie.com\/nl\/wp-json\/wp\/v2\/types\/post"}],"author":[{"embeddable":true,"href":"https:\/\/yvie.com\/nl\/wp-json\/wp\/v2\/users\/2"}],"replies":[{"embeddable":true,"href":"https:\/\/yvie.com\/nl\/wp-json\/wp\/v2\/comments?post=19360"}],"version-history":[{"count":1,"href":"https:\/\/yvie.com\/nl\/wp-json\/wp\/v2\/posts\/19360\/revisions"}],"predecessor-version":[{"id":19361,"href":"https:\/\/yvie.com\/nl\/wp-json\/wp\/v2\/posts\/19360\/revisions\/19361"}],"wp:attachment":[{"href":"https:\/\/yvie.com\/nl\/wp-json\/wp\/v2\/media?parent=19360"}],"wp:term":[{"taxonomy":"category","embeddable":true,"href":"https:\/\/yvie.com\/nl\/wp-json\/wp\/v2\/categories?post=19360"},{"taxonomy":"post_tag","embeddable":true,"href":"https:\/\/yvie.com\/nl\/wp-json\/wp\/v2\/tags?post=19360"}],"curies":[{"name":"wp","href":"https:\/\/api.w.org\/{rel}","templated":true}]}}