{"id":19469,"date":"2025-12-06T00:31:08","date_gmt":"2025-12-06T00:31:08","guid":{"rendered":"https:\/\/yvie.com\/?p=19469"},"modified":"2026-04-28T09:04:11","modified_gmt":"2026-04-28T09:04:11","slug":"a-festmenyek-meretezese-es-keretezese-erika-galeriajaban-fontos-szempontok-szerint","status":"publish","type":"post","link":"https:\/\/yvie.com\/nl\/a-festmenyek-meretezese-es-keretezese-erika-galeriajaban-fontos-szempontok-szerint\/","title":{"rendered":"A festm\u00e9nyek m\u00e9retez\u00e9se \u00e9s keretez\u00e9se Erika gal\u00e9ri\u00e1j\u00e1ban fontos szempontok szerint"},"content":{"rendered":"<p><strong>A megfelel\u0151 m\u00e9retar\u00e1nyok kiv\u00e1laszt\u00e1sa<\/strong> kulcsfontoss\u00e1g\u00fa a k\u00e9pz\u0151m\u0171v\u00e9szeti m\u0171vek bemutat\u00e1s\u00e1ban. A m\u0171alkot\u00e1sok bemutat\u00f3i sor\u00e1n a <strong>prezent\u00e1ci\u00f3s<\/strong> tervez\u00e9sre kell \u00f6sszpontos\u00edtani, amely mag\u00e1ban foglalja a megfelel\u0151 ar\u00e1nyok meghat\u00e1roz\u00e1s\u00e1t, hogy a n\u00e9z\u0151k teljes m\u00e9rt\u00e9kben \u00e9lvezhess\u00e9k a l\u00e1tnival\u00f3t.<\/p>\n<p><em>K\u00fcl\u00f6nb\u00f6z\u0151 tan\u00e1csok<\/em> seg\u00edthetnek a ki\u00e1ll\u00edt\u00e1si m\u00f3dok optimaliz\u00e1l\u00e1s\u00e1ban. A k\u00fclt\u00e9ri \u00e9s belt\u00e9ri terek elt\u00e9r\u0151 megk\u00f6zel\u00edt\u00e9st ig\u00e9nyelnek, hiszen a vil\u00e1g\u00edt\u00e1s \u00e9s a t\u00e9rbeli elrendez\u00e9s d\u00f6nt\u0151 hat\u00e1ssal van a m\u0171vek megjelen\u00e9s\u00e9re. A megfelel\u0151 keretek kiv\u00e1laszt\u00e1sa \u00e9s a m\u0171vek ar\u00e1nyos elhelyez\u00e9se kiemeli a darabok eszt\u00e9tikai \u00e9rt\u00e9k\u00e9t.<\/p>\n<p>Mindezek figyelembev\u00e9tel\u00e9vel a l\u00e1togat\u00f3k \u00e9lm\u00e9nye gazdagabb\u00e1 v\u00e1lik, \u00e9s a ki\u00e1ll\u00edt\u00e1sok \u00fczenete hat\u00e9konyabban jut el a k\u00f6z\u00f6ns\u00e9ghez. Ne felejts\u00fck el, hogy a ki\u00e1ll\u00edt\u00e1s sor\u00e1n elengedhetetlen a m\u0171alkot\u00e1sok saj\u00e1tos viszonyainak \u00e9s prezent\u00e1ci\u00f3j\u00e1nak gondos \u00e1tgondol\u00e1sa.<\/p>\n<h2>Tan\u00e1csok a megfelel\u0151 keretv\u00e1laszt\u00e1shoz<\/h2>\n<p>Fontos, hogy a k\u00e9p keretez\u00e9se harmoniz\u00e1ljon a m\u00e9rettel \u00e9s a sz\u00ednvil\u00e1ggal. Az ide\u00e1lis keret kiv\u00e1laszt\u00e1s\u00e1hoz figyelembe kell venni a m\u00e9retar\u00e1nyokat, \u00edgy a v\u00e1szon egys\u00e9ges megjelen\u00e9se biztos\u00edtott. A sz\u00ednek alkalmaz\u00e1sa szint\u00e9n meghat\u00e1roz\u00f3 szerepet j\u00e1tszik, mivel a keret t\u00f3nusa kiemelheti a festm\u00e9ny r\u00e9szleteit.<\/p>\n<p>A keretez\u00e9s sor\u00e1n \u00e9rdemes figyelni a felhaszn\u00e1l\u00f3i \u00e9lm\u00e9nyre is. K\u00fcl\u00f6nf\u00e9le st\u00edlus\u00fa keretek k\u00f6z\u00fcl v\u00e1laszthatunk, \u00edgy mindenki megtal\u00e1lhatja a saj\u00e1t \u00edzl\u00e9s\u00e9nek megfelel\u0151t. Az \u00f6sszhat\u00e1s jav\u00edt\u00e1sa \u00e9rdek\u00e9ben aj\u00e1nlott a keret \u00e9s a k\u00e9p kombin\u00e1ci\u00f3j\u00e1t tesztelni k\u00fcl\u00f6nb\u00f6z\u0151 elrendez\u00e9sekben.<\/p>\n<ol>\n<li>K\u00e9sz\u00edts\u00fcnk pr\u00f3b\u00e1t k\u00fcl\u00f6nb\u00f6z\u0151 keretekkel.<\/li>\n<li>Vizsg\u00e1ljuk meg a m\u00e9reteket \u00e9s a sz\u00edn\u00e1rnyalatokat.<\/li>\n<li>Figyelj\u00fck meg, hogy a keret mik\u00e9nt befoly\u00e1solja a k\u00e9p prezent\u00e1ci\u00f3j\u00e1t.<\/li>\n<\/ol>\n<h2>A m\u0171alkot\u00e1sok standard m\u00e9retei \u00e9s keretez\u00e9si lehet\u0151s\u00e9geik<\/h2>\n<p>A legjobb tan\u00e1cs a ki\u00e1ll\u00edt\u00f3k sz\u00e1m\u00e1ra az, hogy \u00e1ll\u00edts\u00e1k be a m\u0171vek m\u00e9ret\u00e9t a n\u00e9z\u0151k figyelm\u00e9nek megragad\u00e1s\u00e1ra. A form\u00e1tum kiv\u00e1laszt\u00e1sa nagym\u00e9rt\u00e9kben befoly\u00e1solja a prezent\u00e1ci\u00f3 hat\u00e9konys\u00e1g\u00e1t.<\/p>\n<p>A k\u00fcl\u00f6nb\u00f6z\u0151 m\u00e9retek k\u00edn\u00e1lata lehet\u0151v\u00e9 teszi, hogy a m\u0171vek harmonikusan illeszkedjenek a ki\u00e1ll\u00edt\u00e1si t\u00e9rbe. A hagyom\u00e1nyos, n\u00e9pszer\u0171 m\u00e9retek, mint p\u00e9ld\u00e1ul a 50&#215;70 cm vagy a 100&#215;150 cm, ide\u00e1lis v\u00e1laszt\u00e1sok lehetnek.<\/p>\n<table>\n<tbody>\n<tr>\n<th>M\u00e9ret (cm)<\/th>\n<th>Javasolt keret<\/th>\n<\/tr>\n<tr>\n<td>50&#215;70<\/td>\n<td>F\u00e1b\u00f3l k\u00e9sz\u00fclt, klasszikus st\u00edlus\u00fa keret<\/td>\n<\/tr>\n<tr>\n<td>100&#215;150<\/td>\n<td>Modern alum\u00ednium keret<\/td>\n<\/tr>\n<\/tbody>\n<\/table>\n<p>Emellett a keretv\u00e1laszt\u00e1s sor\u00e1n fontos figyelembe venni a ki\u00e1ll\u00edtott m\u0171alkot\u00e1s st\u00edlus\u00e1t is. A letisztult vonalvezet\u00e9s\u0171 keretek nem vonj\u00e1k el a figyelmet a m\u0171vekr\u0151l.<\/p>\n<p>Javasolt figyelni a sz\u00ednek harmoniz\u00e1l\u00e1s\u00e1ra is, mivel a megfelel\u0151 keret hangs\u00falyozhatja a m\u0171 \u00fczenet\u00e9t. A sz\u00e9les keretek j\u00f3l mutatnak a nagyobb darabok mellett, m\u00edg a v\u00e9konyabb keretek kisebb m\u0171vekhez ide\u00e1lisak.<\/p>\n<p>Egyedi ig\u00e9nyek eset\u00e9n a k\u00f6rnyez\u0151 t\u00e9r is meghat\u00e1rozza a legjobb v\u00e1laszt\u00e1sokat. A vil\u00e1gos falak mellett s\u00f6t\u00e9tebb sz\u00edn\u0171 keretek ker\u00fclnek el\u0151t\u00e9rbe, m\u00edg s\u00f6t\u00e9t h\u00e1tt\u00e9r eset\u00e9n a vil\u00e1gos keretek \u00e9rv\u00e9nyes\u00fclnek.<\/p>\n<p>A r\u00e9szletekre val\u00f3 odafigyel\u00e9s mindig kifizet\u0151d\u0151. A helyesen kiv\u00e1lasztott m\u00e9retek \u00e9s keretek a ki\u00e1ll\u00edt\u00e1s r\u00e9sz\u00e9t k\u00e9pezik, \u00e9s hozz\u00e1j\u00e1rulnak a k\u00e9pek megjelen\u00edt\u00e9s\u00e9nek siker\u00e9hez. Tov\u00e1bbi inspir\u00e1ci\u00f3k\u00e9rt \u00e9rdemes ell\u00e1togatni a <a href=\"https:\/\/humiklosaerika.com\/\">humiklosaerika.com<\/a> weboldalra.<\/p>\n<h2>Hogyan v\u00e1lasszuk ki a megfelel\u0151 keretet a festm\u00e9nyekhez?<\/h2>\n<p>A keret kiv\u00e1laszt\u00e1sakor fontos, hogy figyelembe vegy\u00fck a k\u00e9p st\u00edlus\u00e1t \u00e9s sz\u00ednvil\u00e1g\u00e1t. A megfelel\u0151 keret kihangs\u00falyozza a m\u0171alkot\u00e1st \u00e9s jav\u00edtja a ki\u00e1ll\u00edt\u00e1si m\u00f3d megjelen\u00e9s\u00e9t. Az eleg\u00e1ns, egyszer\u0171 keretek j\u00f3l m\u0171k\u00f6dnek a modern darabokkal, m\u00edg d\u00edszes keretek klasszikus festm\u00e9nyeket emelnek ki.<\/p>\n<p>Tan\u00e1csok k\u00f6z\u00f6tt szerepel, hogy a keret sz\u00edn\u00e9nek harmoniz\u00e1lnia kell a fal sz\u00edn\u00e9vel is. A vil\u00e1gos falakhoz s\u00f6t\u00e9tebb keretek illenek, m\u00edg a s\u00f6t\u00e9t falak eset\u00e9n a vil\u00e1gos keretek a legjobbak. A kontraszt fokozza a l\u00e1tv\u00e1nyt, \u00e9s vonzza a figyelmet a m\u0171re.<\/p>\n<p>Ne feledj\u00fck, hogy a keret nemcsak a megjelen\u00e9s szempontj\u00e1b\u00f3l fontos, hanem v\u00e9di is a m\u0171vet. A megfelel\u0151 anyagok haszn\u00e1lata, mint p\u00e9ld\u00e1ul a fa vagy az alum\u00ednium, biztos\u00edtja a tart\u00f3ss\u00e1got \u00e9s a megfelel\u0151 t\u00e1mogat\u00e1st a ki\u00e1ll\u00edtott alkot\u00e1s sz\u00e1m\u00e1ra.<\/p>\n<p>Amikor keretv\u00e1laszt\u00e1sra ker\u00fcl sor, a prezent\u00e1ci\u00f3 szempontj\u00e1t is figyelembe kell venni. Az elt\u00e9r\u0151 form\u00e1k, mint a n\u00e9gyzet, t\u00e9glalap vagy ov\u00e1lis, m\u00e1s-m\u00e1s hat\u00e1st keltenek. \u00c9rdemes a ki\u00e1ll\u00edtani k\u00edv\u00e1nt k\u00e9phez legjobban ill\u0151 form\u00e1t v\u00e1lasztani, \u00edgy az a legjobban \u00e9rv\u00e9nyes\u00fclhet.<\/p>\n<p>V\u00e9g\u00fcl, a keret v\u00e1laszt\u00e1sa nem csup\u00e1n eszt\u00e9tikai k\u00e9rd\u00e9s. Az \u00e1rak sz\u00e9les spektrumon mozognak, \u00edgy \u00e9rdemes el\u0151re tervezni. A b\u00fcdzs\u00e9 figyelembev\u00e9tel\u00e9vel v\u00e1lasszunk olyan keretet, amely megfelel az elv\u00e1r\u00e1soknak an\u00e9lk\u00fcl, hogy t\u00fall\u00e9pn\u00e9 a lehet\u0151s\u00e9geinket.<\/p>\n<h2>R\u00f6vid le\u00edr\u00e1s <\/h2>\n<h4>Mik a festm\u00e9nyek m\u00e9r\u00e9s\u00e9nek \u00e9s keretez\u00e9s\u00e9nek legfontosabb szempontjai?<\/h4>\n<p>A festm\u00e9nyek m\u00e9r\u00e9s\u00e9nek sor\u00e1n figyelembe kell venni a m\u0171v\u00e9sz \u00e1ltal haszn\u00e1lt anyagokat, a festm\u00e9ny st\u00edlus\u00e1t \u00e9s technik\u00e1j\u00e1t. A keretez\u00e9sn\u00e9l fontos a m\u0171t\u00e1rgy v\u00e9delme, az eszt\u00e9tikai megjelen\u00e9s, \u00e9s hogy a keret harmoniz\u00e1ljon a festm\u00e9nnyel. A m\u00e9retek pontos megm\u00e9r\u00e9se n\u00e9lk\u00fcl\u00f6zhetetlen a keret megfelel\u0151 kiv\u00e1laszt\u00e1s\u00e1hoz.<\/p>\n<h4>Hogyan lehet megv\u00e1lasztani a megfelel\u0151 keretet a festm\u00e9nyekhez?<\/h4>\n<p>A keret kiv\u00e1laszt\u00e1s\u00e1n\u00e1l \u00e9rdemes figyelembe venni a festm\u00e9ny sz\u00ednvil\u00e1g\u00e1t \u00e9s st\u00edlus\u00e1t. A klasszikus festm\u00e9nyekhez gyakran illenek az aranyozott vagy d\u00edszes keretek, m\u00edg a modern m\u0171vekhez a letisztult, minimalist\u00e1bb keretek aj\u00e1nlottak. Emellett a festm\u00e9ny m\u00e9retei is meghat\u00e1rozz\u00e1k, milyen t\u00edpus\u00fa keret a legmegfelel\u0151bb.<\/p>\n<h4>Kik v\u00e9gezhetnek festm\u00e9nyek m\u00e9r\u00e9s\u00e9t \u00e9s keretez\u00e9s\u00e9t Erika gal\u00e9ri\u00e1j\u00e1ban?<\/h4>\n<p>Erika gal\u00e9ri\u00e1j\u00e1ban a festm\u00e9nyek m\u00e9r\u00e9s\u00e9t \u00e9s keretez\u00e9s\u00e9t k\u00e9pzett szakemberek v\u00e9gzik, akik rendelkeznek a sz\u00fcks\u00e9ges tapasztalattal \u00e9s tud\u00e1ssal. Fontos, hogy a kiv\u00e1lasztott szem\u00e9lyek ismerj\u00e9k a k\u00fcl\u00f6nb\u00f6z\u0151 fest\u00e9szeti technik\u00e1kat \u00e9s a megfelel\u0151 keretek jellemz\u0151it, mivel ez meghat\u00e1rozza a v\u00e9geredm\u00e9nyt \u00e9s a m\u0171t\u00e1rgy meg\u0151rz\u00e9s\u00e9t.<\/p>\n<h4>Mik\u00e9nt befoly\u00e1solja a festm\u00e9nyek m\u00e9ret\u00e9t a keretez\u00e9s k\u00f6lts\u00e9g\u00e9t?<\/h4>\n<p>A festm\u00e9nyek m\u00e9rete k\u00f6zvetlen\u00fcl hat\u00e1ssal van a keretez\u00e9s k\u00f6lts\u00e9g\u00e9re. Nagyobb festm\u00e9nyek eset\u00e9ben a keret \u00e1ra \u00e1ltal\u00e1ban magasabb, mivel t\u00f6bb anyag \u00e9s munka sz\u00fcks\u00e9ges a keret elk\u00e9sz\u00edt\u00e9s\u00e9hez. Ezen k\u00edv\u00fcl a k\u00fcl\u00f6nleges keretek, p\u00e9ld\u00e1ul az egyedi megold\u00e1sok is n\u00f6velhetik a k\u00f6lts\u00e9geket, ez\u00e9rt fontos el\u0151re tervezni \u00e9s \u00e1raj\u00e1nlatot k\u00e9rni a gal\u00e9ri\u00e1t\u00f3l.<\/p>\n<h4>Milyen anyagokat haszn\u00e1lnak a keretez\u00e9shez \u00e9s mi\u00e9rt fontosak?<\/h4>\n<p>A keretez\u00e9shez \u00e1ltal\u00e1ban f\u00e1t, f\u00e9met vagy m\u0171anyagot haszn\u00e1lnak, mindegyiknek megvannak az el\u0151nyei. A fa keretek meleges, klasszikus hat\u00e1st keltenek, m\u00edg a f\u00e9m keretek modern megjelen\u00e9st biztos\u00edtanak. A keretek anyaga fontos a tart\u00f3ss\u00e1g szempontj\u00e1b\u00f3l is, mivel v\u00e9dik a festm\u00e9nyt a k\u00fcls\u0151 hat\u00e1sokt\u00f3l, mint a nedvess\u00e9g \u00e9s a por.<\/p>","protected":false},"excerpt":{"rendered":"<p>A megfelel\u0151 m\u00e9retar\u00e1nyok kiv\u00e1laszt\u00e1sa kulcsfontoss\u00e1g\u00fa a k\u00e9pz\u0151m\u0171v\u00e9szeti m\u0171vek bemutat\u00e1s\u00e1ban. A m\u0171alkot\u00e1sok bemutat\u00f3i sor\u00e1n a prezent\u00e1ci\u00f3s tervez\u00e9sre kell \u00f6sszpontos\u00edtani, amely mag\u00e1ban foglalja a megfelel\u0151 ar\u00e1nyok meghat\u00e1roz\u00e1s\u00e1t, hogy a n\u00e9z\u0151k teljes m\u00e9rt\u00e9kben \u00e9lvezhess\u00e9k a l\u00e1tnival\u00f3t. K\u00fcl\u00f6nb\u00f6z\u0151 tan\u00e1csok seg\u00edthetnek a ki\u00e1ll\u00edt\u00e1si m\u00f3dok optimaliz\u00e1l\u00e1s\u00e1ban. A k\u00fclt\u00e9ri \u00e9s belt\u00e9ri terek elt\u00e9r\u0151 megk\u00f6zel\u00edt\u00e9st ig\u00e9nyelnek, hiszen a vil\u00e1g\u00edt\u00e1s \u00e9s a t\u00e9rbeli elrendez\u00e9s [&hellip;]<\/p>\n","protected":false},"author":2,"featured_media":0,"comment_status":"closed","ping_status":"","sticky":false,"template":"","format":"standard","meta":{"_et_pb_use_builder":"","_et_pb_old_content":"","_et_gb_content_width":"","inline_featured_image":false,"footnotes":""},"categories":[15],"tags":[],"class_list":["post-19469","post","type-post","status-publish","format-standard","hentry","category-en"],"yoast_head":"<!-- This site is optimized with the Yoast SEO plugin v26.8 - https:\/\/yoast.com\/product\/yoast-seo-wordpress\/ -->\n<title>A festm\u00e9nyek m\u00e9retez\u00e9se \u00e9s keretez\u00e9se Erika gal\u00e9ri\u00e1j\u00e1ban fontos szempontok szerint - Yvie<\/title>\n<meta name=\"robots\" content=\"index, follow, max-snippet:-1, max-image-preview:large, max-video-preview:-1\" \/>\n<link rel=\"canonical\" href=\"https:\/\/yvie.com\/nl\/a-festmenyek-meretezese-es-keretezese-erika-galeriajaban-fontos-szempontok-szerint\/\" \/>\n<meta property=\"og:locale\" content=\"nl_NL\" \/>\n<meta property=\"og:type\" content=\"article\" \/>\n<meta property=\"og:title\" content=\"A festm\u00e9nyek m\u00e9retez\u00e9se \u00e9s keretez\u00e9se Erika gal\u00e9ri\u00e1j\u00e1ban fontos szempontok szerint - Yvie\" \/>\n<meta property=\"og:description\" content=\"A megfelel\u0151 m\u00e9retar\u00e1nyok kiv\u00e1laszt\u00e1sa kulcsfontoss\u00e1g\u00fa a k\u00e9pz\u0151m\u0171v\u00e9szeti m\u0171vek bemutat\u00e1s\u00e1ban. A m\u0171alkot\u00e1sok bemutat\u00f3i sor\u00e1n a prezent\u00e1ci\u00f3s tervez\u00e9sre kell \u00f6sszpontos\u00edtani, amely mag\u00e1ban foglalja a megfelel\u0151 ar\u00e1nyok meghat\u00e1roz\u00e1s\u00e1t, hogy a n\u00e9z\u0151k teljes m\u00e9rt\u00e9kben \u00e9lvezhess\u00e9k a l\u00e1tnival\u00f3t. K\u00fcl\u00f6nb\u00f6z\u0151 tan\u00e1csok seg\u00edthetnek a ki\u00e1ll\u00edt\u00e1si m\u00f3dok optimaliz\u00e1l\u00e1s\u00e1ban. A k\u00fclt\u00e9ri \u00e9s belt\u00e9ri terek elt\u00e9r\u0151 megk\u00f6zel\u00edt\u00e9st ig\u00e9nyelnek, hiszen a vil\u00e1g\u00edt\u00e1s \u00e9s a t\u00e9rbeli elrendez\u00e9s [&hellip;]\" \/>\n<meta property=\"og:url\" content=\"https:\/\/yvie.com\/nl\/a-festmenyek-meretezese-es-keretezese-erika-galeriajaban-fontos-szempontok-szerint\/\" \/>\n<meta property=\"og:site_name\" content=\"Yvie\" \/>\n<meta property=\"article:published_time\" content=\"2025-12-06T00:31:08+00:00\" \/>\n<meta property=\"article:modified_time\" content=\"2026-04-28T09:04:11+00:00\" \/>\n<meta name=\"author\" content=\"Elles de Bruin-Rook\" \/>\n<meta name=\"twitter:card\" content=\"summary_large_image\" \/>\n<meta name=\"twitter:label1\" content=\"Geschreven door\" \/>\n\t<meta name=\"twitter:data1\" content=\"Elles de Bruin-Rook\" \/>\n\t<meta name=\"twitter:label2\" content=\"Geschatte leestijd\" \/>\n\t<meta name=\"twitter:data2\" content=\"7 minuten\" \/>\n<script type=\"application\/ld+json\" class=\"yoast-schema-graph\">{\"@context\":\"https:\/\/schema.org\",\"@graph\":[{\"@type\":\"Article\",\"@id\":\"https:\/\/yvie.com\/a-festmenyek-meretezese-es-keretezese-erika-galeriajaban-fontos-szempontok-szerint\/#article\",\"isPartOf\":{\"@id\":\"https:\/\/yvie.com\/a-festmenyek-meretezese-es-keretezese-erika-galeriajaban-fontos-szempontok-szerint\/\"},\"author\":{\"name\":\"Elles de Bruin-Rook\",\"@id\":\"https:\/\/yvie.com\/#\/schema\/person\/adc35d434b1bd4fc9a1645968e48cfae\"},\"headline\":\"A festm\u00e9nyek m\u00e9retez\u00e9se \u00e9s keretez\u00e9se Erika gal\u00e9ri\u00e1j\u00e1ban fontos szempontok szerint\",\"datePublished\":\"2025-12-06T00:31:08+00:00\",\"dateModified\":\"2026-04-28T09:04:11+00:00\",\"mainEntityOfPage\":{\"@id\":\"https:\/\/yvie.com\/a-festmenyek-meretezese-es-keretezese-erika-galeriajaban-fontos-szempontok-szerint\/\"},\"wordCount\":1454,\"articleSection\":[\"EN\"],\"inLanguage\":\"nl-NL\"},{\"@type\":\"WebPage\",\"@id\":\"https:\/\/yvie.com\/a-festmenyek-meretezese-es-keretezese-erika-galeriajaban-fontos-szempontok-szerint\/\",\"url\":\"https:\/\/yvie.com\/a-festmenyek-meretezese-es-keretezese-erika-galeriajaban-fontos-szempontok-szerint\/\",\"name\":\"A festm\u00e9nyek m\u00e9retez\u00e9se \u00e9s keretez\u00e9se Erika gal\u00e9ri\u00e1j\u00e1ban fontos szempontok szerint - Yvie\",\"isPartOf\":{\"@id\":\"https:\/\/yvie.com\/#website\"},\"datePublished\":\"2025-12-06T00:31:08+00:00\",\"dateModified\":\"2026-04-28T09:04:11+00:00\",\"author\":{\"@id\":\"https:\/\/yvie.com\/#\/schema\/person\/adc35d434b1bd4fc9a1645968e48cfae\"},\"breadcrumb\":{\"@id\":\"https:\/\/yvie.com\/a-festmenyek-meretezese-es-keretezese-erika-galeriajaban-fontos-szempontok-szerint\/#breadcrumb\"},\"inLanguage\":\"nl-NL\",\"potentialAction\":[{\"@type\":\"ReadAction\",\"target\":[\"https:\/\/yvie.com\/a-festmenyek-meretezese-es-keretezese-erika-galeriajaban-fontos-szempontok-szerint\/\"]}]},{\"@type\":\"BreadcrumbList\",\"@id\":\"https:\/\/yvie.com\/a-festmenyek-meretezese-es-keretezese-erika-galeriajaban-fontos-szempontok-szerint\/#breadcrumb\",\"itemListElement\":[{\"@type\":\"ListItem\",\"position\":1,\"name\":\"Home\",\"item\":\"https:\/\/yvie.com\/\"},{\"@type\":\"ListItem\",\"position\":2,\"name\":\"A festm\u00e9nyek m\u00e9retez\u00e9se \u00e9s keretez\u00e9se Erika gal\u00e9ri\u00e1j\u00e1ban fontos szempontok szerint\"}]},{\"@type\":\"WebSite\",\"@id\":\"https:\/\/yvie.com\/#website\",\"url\":\"https:\/\/yvie.com\/\",\"name\":\"Yvie\",\"description\":\"\",\"potentialAction\":[{\"@type\":\"SearchAction\",\"target\":{\"@type\":\"EntryPoint\",\"urlTemplate\":\"https:\/\/yvie.com\/?s={search_term_string}\"},\"query-input\":{\"@type\":\"PropertyValueSpecification\",\"valueRequired\":true,\"valueName\":\"search_term_string\"}}],\"inLanguage\":\"nl-NL\"},{\"@type\":\"Person\",\"@id\":\"https:\/\/yvie.com\/#\/schema\/person\/adc35d434b1bd4fc9a1645968e48cfae\",\"name\":\"Elles de Bruin-Rook\",\"url\":\"https:\/\/yvie.com\/nl\/author\/elles\/\"}]}<\/script>\n<!-- \/ Yoast SEO plugin. -->","yoast_head_json":{"title":"A festm\u00e9nyek m\u00e9retez\u00e9se \u00e9s keretez\u00e9se Erika gal\u00e9ri\u00e1j\u00e1ban fontos szempontok szerint - Yvie","robots":{"index":"index","follow":"follow","max-snippet":"max-snippet:-1","max-image-preview":"max-image-preview:large","max-video-preview":"max-video-preview:-1"},"canonical":"https:\/\/yvie.com\/nl\/a-festmenyek-meretezese-es-keretezese-erika-galeriajaban-fontos-szempontok-szerint\/","og_locale":"nl_NL","og_type":"article","og_title":"A festm\u00e9nyek m\u00e9retez\u00e9se \u00e9s keretez\u00e9se Erika gal\u00e9ri\u00e1j\u00e1ban fontos szempontok szerint - Yvie","og_description":"A megfelel\u0151 m\u00e9retar\u00e1nyok kiv\u00e1laszt\u00e1sa kulcsfontoss\u00e1g\u00fa a k\u00e9pz\u0151m\u0171v\u00e9szeti m\u0171vek bemutat\u00e1s\u00e1ban. A m\u0171alkot\u00e1sok bemutat\u00f3i sor\u00e1n a prezent\u00e1ci\u00f3s tervez\u00e9sre kell \u00f6sszpontos\u00edtani, amely mag\u00e1ban foglalja a megfelel\u0151 ar\u00e1nyok meghat\u00e1roz\u00e1s\u00e1t, hogy a n\u00e9z\u0151k teljes m\u00e9rt\u00e9kben \u00e9lvezhess\u00e9k a l\u00e1tnival\u00f3t. K\u00fcl\u00f6nb\u00f6z\u0151 tan\u00e1csok seg\u00edthetnek a ki\u00e1ll\u00edt\u00e1si m\u00f3dok optimaliz\u00e1l\u00e1s\u00e1ban. A k\u00fclt\u00e9ri \u00e9s belt\u00e9ri terek elt\u00e9r\u0151 megk\u00f6zel\u00edt\u00e9st ig\u00e9nyelnek, hiszen a vil\u00e1g\u00edt\u00e1s \u00e9s a t\u00e9rbeli elrendez\u00e9s [&hellip;]","og_url":"https:\/\/yvie.com\/nl\/a-festmenyek-meretezese-es-keretezese-erika-galeriajaban-fontos-szempontok-szerint\/","og_site_name":"Yvie","article_published_time":"2025-12-06T00:31:08+00:00","article_modified_time":"2026-04-28T09:04:11+00:00","author":"Elles de Bruin-Rook","twitter_card":"summary_large_image","twitter_misc":{"Geschreven door":"Elles de Bruin-Rook","Geschatte leestijd":"7 minuten"},"schema":{"@context":"https:\/\/schema.org","@graph":[{"@type":"Article","@id":"https:\/\/yvie.com\/a-festmenyek-meretezese-es-keretezese-erika-galeriajaban-fontos-szempontok-szerint\/#article","isPartOf":{"@id":"https:\/\/yvie.com\/a-festmenyek-meretezese-es-keretezese-erika-galeriajaban-fontos-szempontok-szerint\/"},"author":{"name":"Elles de Bruin-Rook","@id":"https:\/\/yvie.com\/#\/schema\/person\/adc35d434b1bd4fc9a1645968e48cfae"},"headline":"A festm\u00e9nyek m\u00e9retez\u00e9se \u00e9s keretez\u00e9se Erika gal\u00e9ri\u00e1j\u00e1ban fontos szempontok szerint","datePublished":"2025-12-06T00:31:08+00:00","dateModified":"2026-04-28T09:04:11+00:00","mainEntityOfPage":{"@id":"https:\/\/yvie.com\/a-festmenyek-meretezese-es-keretezese-erika-galeriajaban-fontos-szempontok-szerint\/"},"wordCount":1454,"articleSection":["EN"],"inLanguage":"nl-NL"},{"@type":"WebPage","@id":"https:\/\/yvie.com\/a-festmenyek-meretezese-es-keretezese-erika-galeriajaban-fontos-szempontok-szerint\/","url":"https:\/\/yvie.com\/a-festmenyek-meretezese-es-keretezese-erika-galeriajaban-fontos-szempontok-szerint\/","name":"A festm\u00e9nyek m\u00e9retez\u00e9se \u00e9s keretez\u00e9se Erika gal\u00e9ri\u00e1j\u00e1ban fontos szempontok szerint - Yvie","isPartOf":{"@id":"https:\/\/yvie.com\/#website"},"datePublished":"2025-12-06T00:31:08+00:00","dateModified":"2026-04-28T09:04:11+00:00","author":{"@id":"https:\/\/yvie.com\/#\/schema\/person\/adc35d434b1bd4fc9a1645968e48cfae"},"breadcrumb":{"@id":"https:\/\/yvie.com\/a-festmenyek-meretezese-es-keretezese-erika-galeriajaban-fontos-szempontok-szerint\/#breadcrumb"},"inLanguage":"nl-NL","potentialAction":[{"@type":"ReadAction","target":["https:\/\/yvie.com\/a-festmenyek-meretezese-es-keretezese-erika-galeriajaban-fontos-szempontok-szerint\/"]}]},{"@type":"BreadcrumbList","@id":"https:\/\/yvie.com\/a-festmenyek-meretezese-es-keretezese-erika-galeriajaban-fontos-szempontok-szerint\/#breadcrumb","itemListElement":[{"@type":"ListItem","position":1,"name":"Home","item":"https:\/\/yvie.com\/"},{"@type":"ListItem","position":2,"name":"A festm\u00e9nyek m\u00e9retez\u00e9se \u00e9s keretez\u00e9se Erika gal\u00e9ri\u00e1j\u00e1ban fontos szempontok szerint"}]},{"@type":"WebSite","@id":"https:\/\/yvie.com\/#website","url":"https:\/\/yvie.com\/","name":"Yvie","description":"","potentialAction":[{"@type":"SearchAction","target":{"@type":"EntryPoint","urlTemplate":"https:\/\/yvie.com\/?s={search_term_string}"},"query-input":{"@type":"PropertyValueSpecification","valueRequired":true,"valueName":"search_term_string"}}],"inLanguage":"nl-NL"},{"@type":"Person","@id":"https:\/\/yvie.com\/#\/schema\/person\/adc35d434b1bd4fc9a1645968e48cfae","name":"Elles de Bruin-Rook","url":"https:\/\/yvie.com\/nl\/author\/elles\/"}]}},"_links":{"self":[{"href":"https:\/\/yvie.com\/nl\/wp-json\/wp\/v2\/posts\/19469","targetHints":{"allow":["GET"]}}],"collection":[{"href":"https:\/\/yvie.com\/nl\/wp-json\/wp\/v2\/posts"}],"about":[{"href":"https:\/\/yvie.com\/nl\/wp-json\/wp\/v2\/types\/post"}],"author":[{"embeddable":true,"href":"https:\/\/yvie.com\/nl\/wp-json\/wp\/v2\/users\/2"}],"replies":[{"embeddable":true,"href":"https:\/\/yvie.com\/nl\/wp-json\/wp\/v2\/comments?post=19469"}],"version-history":[{"count":1,"href":"https:\/\/yvie.com\/nl\/wp-json\/wp\/v2\/posts\/19469\/revisions"}],"predecessor-version":[{"id":19471,"href":"https:\/\/yvie.com\/nl\/wp-json\/wp\/v2\/posts\/19469\/revisions\/19471"}],"wp:attachment":[{"href":"https:\/\/yvie.com\/nl\/wp-json\/wp\/v2\/media?parent=19469"}],"wp:term":[{"taxonomy":"category","embeddable":true,"href":"https:\/\/yvie.com\/nl\/wp-json\/wp\/v2\/categories?post=19469"},{"taxonomy":"post_tag","embeddable":true,"href":"https:\/\/yvie.com\/nl\/wp-json\/wp\/v2\/tags?post=19469"}],"curies":[{"name":"wp","href":"https:\/\/api.w.org\/{rel}","templated":true}]}}