{"id":19660,"date":"2026-01-27T02:56:18","date_gmt":"2026-01-27T02:56:18","guid":{"rendered":"https:\/\/yvie.com\/?p=19660"},"modified":"2026-04-28T10:19:52","modified_gmt":"2026-04-28T10:19:52","slug":"inovace-v-protetice-moderni-nahrady-a-jejich-vliv-na-zivoty-osob-se-ztp","status":"publish","type":"post","link":"https:\/\/yvie.com\/nl\/inovace-v-protetice-moderni-nahrady-a-jejich-vliv-na-zivoty-osob-se-ztp\/","title":{"rendered":"Inovace v protetice modern\u00ed nahrady a jejich vliv na \u017eivoty osob se ZTP"},"content":{"rendered":"<p><strong>Um\u011bl\u00e9 kon\u010detiny<\/strong> p\u0159in\u00e1\u0161ej\u00ed do \u017eivota mnoha lid\u00ed nov\u00fd rozm\u011br, kter\u00fd se projevuje nejen v ka\u017edodenn\u00edch \u010dinnostech, ale i v celkov\u00e9 n\u00e1lad\u011b a sebev\u011bdom\u00ed. Dne\u0161n\u00ed <strong>technologie<\/strong> umo\u017e\u0148uj\u00ed vytv\u00e1\u0159et v\u00fdrobky, je\u017e se ukazuj\u00ed jako daleko v\u00edce ne\u017e jen pouh\u00e9 n\u00e1hrady chyb\u011bj\u00edc\u00edch \u010d\u00e1st\u00ed t\u011bla. Inovativn\u00ed p\u0159\u00edstupy v t\u00e9to oblasti zvy\u0161uj\u00ed nejen <strong>funk\u010dnost<\/strong>, ale tak\u00e9 komfort p\u0159i no\u0161en\u00ed.V\u00fdznam pokro\u010dil\u00fdch materi\u00e1l\u016f a chytr\u00fdch syst\u00e9m\u016f se projevil v mnoha aspektech \u017eivotn\u00edho stylu. Mnoz\u00ed lid\u00e9 za\u010d\u00ednaj\u00ed znovu objevovat aktivity, kter\u00e9 pova\u017eovali za nedosa\u017eiteln\u00e9. D\u00edky neust\u00e1l\u00e9mu pokroku v oblasti designu a techniky se <em>kvalita \u017eivota<\/em> osob se zdravotn\u00edm posti\u017een\u00edm ve v\u0161ech aspektech neust\u00e1le zlep\u0161uje.Tato transformace ukazuje, jak z\u00e1sadn\u00ed mohou b\u00fdt spr\u00e1vn\u011b zvolen\u00e9 dopl\u0148ky pro osobn\u00ed rozvoj a integraci do spole\u010dnosti. Vznik nov\u00fdch \u0159e\u0161en\u00ed zohled\u0148uje nejen fyzick\u00e9 pot\u0159eby, ale i psychick\u00e9 aspekty, kter\u00e9 hraj\u00ed kl\u00ed\u010dovou roli v subjektivn\u00edm pro\u017e\u00edv\u00e1n\u00ed kvality ka\u017edodenn\u00edho \u017eivota.<\/p>\n<h2>3D tisk a jeho dopad na v\u00fdrobu prot\u00e9z<\/h2>\n<p>Revolu\u010dn\u00ed technika tisku ve t\u0159ech rozm\u011brech v\u00fdrazn\u011b zlep\u0161uje rehabilitaci pacient\u016f pot\u0159ebuj\u00edc\u00edch prot\u00e9zy. Ta nab\u00edz\u00ed rychl\u00e9 a cenov\u011b dostupn\u00e9 \u0159e\u0161en\u00ed, kter\u00e9 mnohdy nem\u016f\u017ee b\u00fdt dosa\u017eeno tradi\u010dn\u00edmi metodami. Vytvo\u0159en\u00ed individu\u00e1ln\u011b p\u0159izp\u016fsoben\u00fdch n\u00e1hrad se st\u00e1v\u00e1 realitou d\u00edky pokroku ve t\u0159\u00edd\u011bn\u00ed a \u00faprav\u00e1ch nov\u00fdch materi\u00e1l\u016f pou\u017eit\u00fdch v tomto procesu.<\/p>\n<p>Efektivn\u00ed v\u00fdrobn\u00ed proces zaru\u010duje vysokou funk\u010dnost ka\u017ed\u00e9 prot\u00e9zy. Nov\u00e9 technologie zaji\u0161\u0165uj\u00ed, \u017ee jsou prot\u00e9zy lehk\u00e9, odoln\u00e9 a nav\u00edc l\u00e9pe jednodu\u0161e p\u0159izp\u016fsobiteln\u00e9 konkr\u00e9tn\u00edm pot\u0159eb\u00e1m u\u017eivatel\u016f. Umo\u017e\u0148uj\u00ed tak pokro\u010dilej\u0161\u00ed \u00fapravy a zvy\u0161uj\u00ed tak komfort p\u0159i jejich no\u0161en\u00ed, \u010d\u00edm\u017e se zlep\u0161uje celkov\u00e1 kvalita \u017eivota.<\/p>\n<p>Vzhledem k cenov\u011b dostupn\u00e9 v\u00fdrob\u011b nyn\u00ed v\u00edce lid\u00ed z\u00edsk\u00e1v\u00e1 p\u0159\u00edstup k prot\u00e9z\u00e1m, kter\u00e9 byly kdysi pova\u017eov\u00e1ny za luxus. T\u00edmto zp\u016fsobem doch\u00e1z\u00ed k pos\u00edlen\u00ed sob\u011bsta\u010dnosti a jej\u00edmu roz\u0161\u00ed\u0159en\u00ed mezi pacienty, co\u017e v\u00fdrazn\u011b p\u0159isp\u00edv\u00e1 ke zv\u00fd\u0161en\u00ed jejich sebed\u016fv\u011bry. Celkov\u00e1 dostupnost za\u0159\u00edzen\u00ed se st\u00e1v\u00e1 kl\u00ed\u010dov\u00fdm faktorem pro zlep\u0161en\u00ed psychick\u00e9ho a fyzick\u00e9ho stavu u\u017eivatel\u016f.<\/p>\n<p>Technologie 3D tisku tak\u00e9 otv\u00edr\u00e1 nov\u00e9 mo\u017enosti pro v\u00fdzkum a v\u00fdvoj v oblasti n\u00e1hrady kon\u010detin. V\u011bdci mohou rychle experimentovat s nov\u00fdmi designy a materi\u00e1ly, co\u017e vede k inovac\u00edm, kter\u00e9 odpov\u00eddaj\u00ed specifick\u00fdm pot\u0159eb\u00e1m jednotlivc\u016f. T\u00edm nejen\u017ee zvy\u0161uj\u00ed funk\u010dnost prot\u00e9z, ale tak\u00e9 posiluj\u00ed u\u017e\u0161\u00ed vztah mezi v\u00fdrobci a u\u017eivateli.<\/p>\n<p>Ka\u017ed\u00fd pokrok v oblasti 3D tisku posiluje celkovou snahu o zlep\u0161en\u00ed rehabilita\u010dn\u00edch proces\u016f. C\u00edl je jasn\u00fd: co nejlep\u0161\u00ed funk\u010dnost a adaptabilita prot\u00e9z pro u\u017eivatele, kte\u0159\u00ed si zaslou\u017e\u00ed kvalitu, je\u017e jim umo\u017en\u00ed pln\u011b se zapojit do b\u011b\u017en\u00e9ho \u017eivota. Technologie ji\u017e nyn\u00ed m\u011bn\u00ed p\u0159\u00edstup k n\u00e1hrad\u00e1m a d\u00e1v\u00e1 nad\u011bji na lep\u0161\u00ed budoucnost.<\/p>\n<h2>Modern\u00ed materi\u00e1ly: Jak zlep\u0161en\u00ed komfortu a funk\u010dnosti ovliv\u0148uje ka\u017edodenn\u00ed \u017eivot<\/h2>\n<p>P\u0159i v\u00fdb\u011bru zdravotn\u00edch pom\u016fcek je z\u00e1sadn\u00ed, aby materi\u00e1ly byly p\u0159izp\u016fsobeny pot\u0159eb\u00e1m u\u017eivatel\u016f. Kvalita a funk\u010dnost pom\u016fcek p\u0159\u00edmo ovliv\u0148uje pohodl\u00ed b\u011bhem rehabilitace a stabilizace. Inovativn\u00ed technologie, jako jsou lehk\u00e9 kompozity a hypoalergenn\u00ed povrchy, p\u0159isp\u00edvaj\u00ed k v\u011bt\u0161\u00ed ergonomii a snadn\u011bj\u0161\u00edmu pou\u017e\u00edv\u00e1n\u00ed, co\u017e zvy\u0161uje kvalitu \u017eivota jednotlivc\u016f.<\/p>\n<p>Aktu\u00e1ln\u011b se mnoh\u00e9 firmy zam\u011b\u0159uj\u00ed na v\u00fdvoj polymer\u016f, kter\u00e9 se skv\u011ble p\u0159izp\u016fsobuj\u00ed tvaru t\u011bla. Tyto modern\u00ed polotovary podporuj\u00ed nejen funk\u010dnost, ale tak\u00e9 mo\u017enost rychl\u00e9 a snadn\u00e9 \u00fadr\u017eby, co\u017e je pro u\u017eivatele velmi v\u00fdhodn\u00e9. Takov\u00e9 materi\u00e1ly nav\u00edc minimalizuj\u00ed riziko vzniku ko\u017en\u00edch probl\u00e9m\u016f, co\u017e je \u010dast\u00fdm probl\u00e9mem pro osoby vyu\u017e\u00edvaj\u00edc\u00ed ortopedick\u00e9 v\u00fdrobky.<\/p>\n<p>Vyu\u017eit\u00ed pokro\u010dil\u00fdch materi\u00e1l\u016f tak\u00e9 pos\u00edlilo psychologick\u00e9 aspekty. U\u017eivatel\u00e9 c\u00edt\u00ed, \u017ee maj\u00ed v\u011bt\u0161\u00ed kontrolu nad sv\u00fdmi pom\u016fckami, co\u017e pozitivn\u011b ovliv\u0148uje motivaci b\u011bhem rehabilitace. P\u0159\u00edjemn\u011bj\u0161\u00ed pocit a ni\u017e\u0161\u00ed hmotnost zaji\u0161\u0165uj\u00ed, \u017ee se lid\u00e9 nemus\u00ed ob\u00e1vat ka\u017edodenn\u00edho pou\u017e\u00edv\u00e1n\u00ed sv\u00fdch pom\u016fcek, co\u017e p\u0159isp\u00edv\u00e1 k jejich sebev\u011bdom\u00ed a aktivn\u00edmu stylu \u017eivota.<\/p>\n<p>P\u0159idejte se k <a href=\"https:\/\/prukaz-ztp.com\/\">prukaz-ztp.com<\/a> a t\u011b\u0161te se na v\u011brnostn\u00ed odm\u011bny.<\/p>\n<p>Pokroky v technologi\u00edch umo\u017enily v\u00fdrob\u011b v\u00edce p\u0159izp\u016fsoben\u00fdch a individu\u00e1ln\u00edch \u0159e\u0161en\u00ed. Vzhledem k tomu, \u017ee se preference u\u017eivatel\u016f li\u0161\u00ed, nab\u00edz\u00ed variabilita v typech a stylech, kter\u00e9 mohou dotv\u00e1\u0159et funk\u010dnost v\u00fdrobk\u016f. T\u00edmto zp\u016fsobem mohou nov\u00e9 materi\u00e1ly hr\u00e1t kl\u00ed\u010dovou roli v usnadn\u011bn\u00ed integrace do spole\u010dnosti.<\/p>\n<h2>Inteligentn\u00ed prot\u00e9zy: Jak technologie zvy\u0161uj\u00ed autonomie a mobilitu u\u017eivatel\u016f<\/h2>\n<p>Um\u011bl\u00e9 kon\u010detiny dne\u0161n\u00ed doby nab\u00edzej\u00ed bezprecedentn\u00ed funk\u010dnost a mo\u017enosti pro rehabilitaci. Tyto novinky zaji\u0161\u0165uj\u00ed, \u017ee u\u017eivatel\u00e9 mohou obnovit sv\u00e9 schopnosti v r\u00e1mci b\u011b\u017en\u00e9ho \u017eivota.<\/p>\n<p>Inovativn\u00ed technologie spr\u00e1vy pohybu umo\u017e\u0148uj\u00ed zlep\u0161en\u00ed stability a koordinace. D\u00edky pokro\u010dil\u00fdm senzor\u016fm se u\u017eivatel\u00e9 c\u00edt\u00ed v\u00edce samostatn\u00ed p\u0159i prov\u00e1d\u011bn\u00ed ka\u017edodenn\u00edch aktivit.<\/p>\n<p>Inteligentn\u00ed prot\u00e9zy maj\u00ed schopnost se adaptovat na r\u016fzn\u00e9 ter\u00e9ny, co\u017e v\u00fdrazn\u011b zvy\u0161uje mobilitu. Tento aspekt je kl\u00ed\u010dov\u00fd pro aktivn\u00ed \u017eivotn\u00ed styl, kter\u00fd si u\u017eivatel\u00e9 p\u0159ej\u00ed v\u00e9st.<\/p>\n<p>Vzhledem k tomu, \u017ee rehabilitace se stala personalizovanou, lze technologie p\u0159izp\u016fsobit konkr\u00e9tn\u00edm pot\u0159eb\u00e1m. U\u017eivatel\u00e9 maj\u00ed mo\u017enost volit mezi r\u016fzn\u00fdmi funkcemi a nastaven\u00edmi, co\u017e posiluje jejich sebev\u011bdom\u00ed.<\/p>\n<table>\n<tbody>\n<tr>\n<th>Typ prot\u00e9zy<\/th>\n<th>Funk\u010dnost<\/th>\n<th>\u00da\u010del<\/th>\n<\/tr>\n<tr>\n<td>Elektronick\u00e1 prot\u00e9za<\/td>\n<td>Automatick\u00e1 regulace pohybu<\/td>\n<td>Zv\u00fd\u0161en\u00ed mobility<\/td>\n<\/tr>\n<tr>\n<td>Mechanick\u00e1 prot\u00e9za<\/td>\n<td>Manu\u00e1ln\u00ed nastaven\u00ed<\/td>\n<td>Rehabilitace po \u00farazu<\/td>\n<\/tr>\n<\/tbody>\n<\/table>\n<p>Modern\u00ed um\u011bl\u00e9 kon\u010detiny se vyzna\u010duj\u00ed nejen funkcionalitou, ale i estetikou. Mnoho u\u017eivatel\u016f dnes vyhled\u00e1v\u00e1 design, kter\u00fd p\u0159irozen\u011b zapad\u00e1 do jejich \u017eivotn\u00edho stylu.<\/p>\n<p>\u0160irok\u00e9 spektrum technologi\u00ed, jako jsou biofeedback sensory, p\u0159in\u00e1\u0161\u00ed dal\u0161\u00ed \u00farove\u0148 interaktivity. U\u017eivatel\u00e9 mohou sledovat pokrok a zlep\u0161ovat sv\u00e9 schopnosti pomoc\u00ed aplikac\u00ed.<\/p>\n<p>V budoucnosti lze o\u010dek\u00e1vat dal\u0161\u00ed pokroky, kter\u00e9 usnadn\u00ed rehabilitaci a zdokonal\u00ed funkce um\u011bl\u00fdch kon\u010detin. Tento trend p\u0159in\u00e1\u0161\u00ed nov\u00e9 nad\u011bje pro osoby s omezenou pohyblivost\u00ed.<\/p>\n<h2>Osobn\u00ed p\u0159\u00edstup a rehabilitace: Jak individu\u00e1ln\u00ed \u0159e\u0161en\u00ed podporuj\u00ed integraci do spole\u010dnosti<\/h2>\n<p>Pro zaji\u0161t\u011bn\u00ed kvalitn\u00edho \u017eivota je nezbytn\u00e9 zam\u011b\u0159it se na osobn\u00ed p\u0159\u00edstup v rehabilitaci. Takov\u00fd p\u0159\u00edstup zohled\u0148uje specifick\u00e9 pot\u0159eby jednotlivce a podporuje funk\u010dnost v ka\u017edodenn\u00edm \u017eivot\u011b.<\/p>\n<p>V r\u00e1mci rehabilita\u010dn\u00edho procesu je d\u016fle\u017eit\u00e9 vytvo\u0159it pl\u00e1n, kter\u00fd kombinuje fyzick\u00e9 cvi\u010den\u00ed s psychologickou podporou. Um\u011bl\u00e9 kon\u010detiny mohou hr\u00e1t kl\u00ed\u010dovou roli, pokud jsou spr\u00e1vn\u011b p\u0159izp\u016fsobeny, co\u017e umo\u017e\u0148uje u\u017eivatel\u016fm dos\u00e1hnout v\u011bt\u0161\u00ed samostatnosti.<\/p>\n<ul>\n<li>Fyzick\u00e1 rehabilitace zahrnuje posilov\u00e1n\u00ed svalstva a zlep\u0161en\u00ed motorick\u00fdch dovednost\u00ed.<\/li>\n<li>Psychologick\u00e1 podpora pom\u00e1h\u00e1 zpracovat emocion\u00e1ln\u00ed aspekty spojen\u00e9 s p\u0159izp\u016fsoben\u00edm se nov\u00fdm pom\u016fck\u00e1m.<\/li>\n<li>Pracovn\u00ed terapie m\u016f\u017ee usnadnit zapojen\u00ed do pracovn\u00edho \u017eivota.<\/li>\n<\/ul>\n<p>Ka\u017ed\u00e1 situace je unik\u00e1tn\u00ed. Z tohoto d\u016fvodu je d\u016fle\u017eit\u00e1 spolupr\u00e1ce mezi pacientem, rodinou a odborn\u00edky. Individu\u00e1ln\u00ed p\u0159\u00edstup zvy\u0161uje \u0161anci na \u00fasp\u011bch v rehabilitaci.<\/p>\n<p>Spole\u010densk\u00e1 integrace je pro u\u017eivatele um\u011bl\u00fdch kon\u010detin z\u00e1sadn\u00ed. Je t\u0159eba vytv\u00e1\u0159et prost\u0159ed\u00ed, kter\u00e9 umo\u017e\u0148uje aktivn\u00ed \u00fa\u010dast na r\u016fzn\u00fdch aktivit\u00e1ch a zaji\u0161\u0165uje kvalitn\u00ed \u017eivot pro ka\u017ed\u00e9ho z\u00fa\u010dastn\u011bn\u00e9ho.<\/p>\n<p>R\u016fzn\u00e9 programy a iniciativy m\u011bly pozitivn\u00ed dopad na \u017eivoty jednotlivc\u016f. Tyto p\u0159\u00edklady ukazuj\u00ed, jak d\u016fle\u017eit\u00e1 je podpora a osobn\u00ed p\u0159\u00edstup na cest\u011b k lep\u0161\u00ed funk\u010dnosti a spokojenosti.<\/p>\n<h2>Ot\u00e1zky a odpov\u011bdi: <\/h2>\n<h4>Jak\u00e9 jsou hlavn\u00ed v\u00fdhody modern\u00edch prot\u00e9z pro lidi s omezenou pohyblivost\u00ed?<\/h4>\n<p>Modern\u00ed prot\u00e9zy nab\u00edzej\u00ed \u0159adu v\u00fdhod, jako je zlep\u0161en\u00ed mobility, zv\u00fd\u0161en\u00ed pohodl\u00ed a p\u0159izp\u016fsoben\u00ed individu\u00e1ln\u00edm pot\u0159eb\u00e1m u\u017eivatel\u016f. Tyto prot\u00e9zy \u010dasto zahrnuj\u00ed pokro\u010dil\u00e9 technologie, kter\u00e9 umo\u017e\u0148uj\u00ed p\u0159irozen\u011bj\u0161\u00ed pohyb a podporuj\u00ed u\u017eivatele v b\u011b\u017en\u00e9m ka\u017edodenn\u00edm \u017eivot\u011b. D\u00edky nim lid\u00e9 se ZTP mohou dos\u00e1hnout v\u011bt\u0161\u00ed samostatnosti, co\u017e m\u00e1 pozitivn\u00ed dopad na jejich psychickou pohodu.<\/p>\n<h4>Jak\u00fd vliv m\u00e1 psychologick\u00e9 p\u0159izp\u016fsoben\u00ed na pou\u017e\u00edv\u00e1n\u00ed modern\u00edch prot\u00e9z?<\/h4>\n<p>P\u0159izp\u016fsoben\u00ed se nov\u00fdm prot\u00e9z\u00e1m m\u016f\u017ee b\u00fdt psychologicky n\u00e1ro\u010dn\u00e9. U\u017eivatel\u00e9 \u010dasto proch\u00e1zej\u00ed f\u00e1zemi smutku a frustrace, ne\u017e si na prot\u00e9zy zvyknou. Podpora rodiny a odborn\u00edk\u016f, jako jsou psychologov\u00e9 a fyzioterapeuti, m\u016f\u017ee v\u00fdrazn\u011b usnadnit tento proces. Cena psychologick\u00e9 podpory v r\u00e1mci rehabilitace m\u016f\u017ee b\u00fdt velmi cennou investic\u00ed, kter\u00e1 povzbuzuje u\u017eivatele k aktivn\u00edmu \u017eivotu.<\/p>\n<h4>Jak\u00e9 nov\u00e9 technologie se pou\u017e\u00edvaj\u00ed p\u0159i v\u00fdrob\u011b prot\u00e9z?<\/h4>\n<p>V posledn\u00edch letech do\u0161lo k vyu\u017eit\u00ed pokro\u010dil\u00fdch materi\u00e1l\u016f, jako jsou karbonov\u00e1 vl\u00e1kna a 3D tisk, co\u017e umo\u017e\u0148uje v\u00fdrobu leh\u010d\u00edch a odoln\u011bj\u0161\u00edch prot\u00e9z. Tyto technologie tak\u00e9 umo\u017e\u0148uj\u00ed vytv\u00e1\u0159en\u00ed individu\u00e1ln\u00edch design\u016f a tvar\u016f, kter\u00e9 l\u00e9pe vyhovuj\u00ed pot\u0159eb\u00e1m u\u017eivatel\u016f. Dal\u0161\u00edm trendem je integrace elektronick\u00fdch komponent\u016f pro zlep\u0161en\u00ed ovl\u00e1d\u00e1n\u00ed a funk\u010dnosti prot\u00e9z.<\/p>\n<h4>Jak se vyv\u00edj\u00ed p\u00e9\u010de o pacienty nos\u00edc\u00ed prot\u00e9zy v \u010cesk\u00e9 republice?<\/h4>\n<p>P\u00e9\u010de o pacienty v \u010cesk\u00e9 republice se st\u00e1v\u00e1 st\u00e1le komplexn\u011bj\u0161\u00ed a v\u00edce individualizovanou. Odborn\u00edci pracuj\u00ed na zlep\u0161en\u00ed rehabilita\u010dn\u00edch program\u016f a poskytov\u00e1n\u00ed holistick\u00e9 p\u00e9\u010de, kter\u00e1 zahrnuje jak fyzick\u00e9, tak psychologick\u00e9 aspekty. Nov\u00e9 legislativn\u00ed zm\u011bny tak\u00e9 podporuj\u00ed dostupnost modern\u00edho o\u0161et\u0159en\u00ed a technologi\u00ed pro lidi se ZTP.<\/p>\n<h4>Jak\u00e9 jsou ekonomick\u00e9 aspekty modern\u00ed prot\u00e9z a jejich dostupnost?<\/h4>\n<p>N\u00e1klady na modern\u00ed prot\u00e9zy se mohou v\u00fdrazn\u011b li\u0161it v z\u00e1vislosti na pou\u017eit\u00fdch technologi\u00edch a materi\u00e1lech. Vzhledem k rostouc\u00edm n\u00e1klad\u016fm na zdravotn\u00ed p\u00e9\u010di je pro mnoh\u00e9 pacienty obt\u00ed\u017en\u00e9 z\u00edskat p\u0159\u00edstup k t\u011bmto nov\u00fdm za\u0159\u00edzen\u00edm. Vl\u00e1da a zdravotn\u00ed poji\u0161\u0165ovny se sna\u017e\u00ed naj\u00edt rovnov\u00e1hu mezi pokryt\u00edm n\u00e1klad\u016f a podporou inovac\u00ed v oblasti protetiky, aby se co nejv\u00edce usnadnilo \u017eivot lid\u00ed s omezenou pohyblivost\u00ed.<\/p>\n<h4>Jak\u00e9 nov\u00e9 technologie se pou\u017e\u00edvaj\u00ed v protetice a jak ovliv\u0148uj\u00ed \u017eivot lid\u00ed se ZTP?<\/h4>\n<p>V sou\u010dasnosti se v protetice st\u00e1le v\u00edce uplat\u0148uj\u00ed technologie jako 3D tisk, pokro\u010dil\u00e9 materi\u00e1ly a inteligentn\u00ed senzory. 3D tisk umo\u017e\u0148uje vyr\u00e1b\u011bt prot\u00e9zy na m\u00edru, kter\u00e9 perfektn\u011b odpov\u00eddaj\u00ed pot\u0159eb\u00e1m u\u017eivatele a p\u0159isp\u00edvaj\u00ed k pohodl\u00ed a funk\u010dnosti. Pokro\u010dil\u00e9 materi\u00e1ly, jako jsou lehk\u00e9 kompozity, zaji\u0161\u0165uj\u00ed men\u0161\u00ed hmotnost a lep\u0161\u00ed odolnost. Inteligentn\u00ed senzory pak poskytuj\u00ed u\u017eivatel\u016fm zp\u011btnou vazbu o jejich pohybu a mohou se p\u0159izp\u016fsobit r\u016fzn\u00fdm situac\u00edm, co\u017e znamen\u00e1, \u017ee ka\u017edodenn\u00ed aktivity jsou snadn\u011bj\u0161\u00ed a komfortn\u011bj\u0161\u00ed. Celkov\u011b tyto inovace podstatn\u011b zlep\u0161uj\u00ed kvalitu \u017eivota lid\u00ed se zdravotn\u00edm posti\u017een\u00edm, umo\u017e\u0148uj\u00ed jim v\u011bt\u0161\u00ed nez\u00e1vislost a aktivn\u00ed zapojen\u00ed do spole\u010dnosti.<\/p>\n<h4>Jak\u00e9 psychologick\u00e9 aspekty mohou b\u00fdt spojeny s pou\u017e\u00edv\u00e1n\u00edm modern\u00edch protetick\u00fdch pom\u016fcek?<\/h4>\n<p>Pou\u017e\u00edv\u00e1n\u00ed modern\u00edch protetick\u00fdch pom\u016fcek m\u016f\u017ee m\u00edt v\u00fdznamn\u00fd vliv na psychologickou pohodu u\u017eivatel\u016f. Na jedn\u00e9 stran\u011b inovativn\u00ed design a funk\u010dnost prot\u00e9z mohou zvy\u0161ovat sebev\u011bdom\u00ed a pocit normality, co\u017e je kl\u00ed\u010dov\u00e9 pro socializaci a integraci do b\u011b\u017en\u00e9ho \u017eivota. U\u017eivatel\u00e9 se \u010dasto c\u00edt\u00ed m\u00e9n\u011b stigmatizovan\u00ed a mohou se \u00fa\u010dastnit aktivit, kter\u00e9 by p\u0159edt\u00edm pova\u017eovali za nemo\u017en\u00e9. Na druh\u00e9 stran\u011b, adaptace na nov\u00e9 technologick\u00e9 \u0159e\u0161en\u00ed m\u016f\u017ee tak\u00e9 p\u0159in\u00e1\u0161et v\u00fdzvy. N\u011bkte\u0159\u00ed lid\u00e9 mohou za\u017e\u00edvat frustraci p\u0159i u\u010den\u00ed se nov\u00fdm dovednostem \u010di p\u0159i \u0159e\u0161en\u00ed komplikac\u00ed s technologi\u00ed. Celkov\u011b je d\u016fle\u017eit\u00e9, aby u\u017eivatel\u00e9 m\u011bli p\u0159\u00edstup k psychologick\u00e9 podpo\u0159e a poradenstv\u00ed, kter\u00e9 jim pomohou s p\u0159echodem a adaptac\u00ed na nov\u00e9 \u017eivotn\u00ed podm\u00ednky.<\/p>","protected":false},"excerpt":{"rendered":"<p>Um\u011bl\u00e9 kon\u010detiny p\u0159in\u00e1\u0161ej\u00ed do \u017eivota mnoha lid\u00ed nov\u00fd rozm\u011br, kter\u00fd se projevuje nejen v ka\u017edodenn\u00edch \u010dinnostech, ale i v celkov\u00e9 n\u00e1lad\u011b a sebev\u011bdom\u00ed. Dne\u0161n\u00ed technologie umo\u017e\u0148uj\u00ed vytv\u00e1\u0159et v\u00fdrobky, je\u017e se ukazuj\u00ed jako daleko v\u00edce ne\u017e jen pouh\u00e9 n\u00e1hrady chyb\u011bj\u00edc\u00edch \u010d\u00e1st\u00ed t\u011bla. Inovativn\u00ed p\u0159\u00edstupy v t\u00e9to oblasti zvy\u0161uj\u00ed nejen funk\u010dnost, ale tak\u00e9 komfort p\u0159i no\u0161en\u00ed.V\u00fdznam pokro\u010dil\u00fdch [&hellip;]<\/p>\n","protected":false},"author":2,"featured_media":0,"comment_status":"closed","ping_status":"","sticky":false,"template":"","format":"standard","meta":{"_et_pb_use_builder":"","_et_pb_old_content":"","_et_gb_content_width":"","inline_featured_image":false,"footnotes":""},"categories":[1],"tags":[],"class_list":["post-19660","post","type-post","status-publish","format-standard","hentry","category-niet-gecategoriseerd"],"yoast_head":"<!-- This site is optimized with the Yoast SEO plugin v26.8 - https:\/\/yoast.com\/product\/yoast-seo-wordpress\/ -->\n<title>Inovace v protetice modern\u00ed nahrady a jejich vliv na \u017eivoty osob se ZTP - Yvie<\/title>\n<meta name=\"robots\" content=\"index, follow, max-snippet:-1, max-image-preview:large, max-video-preview:-1\" \/>\n<link rel=\"canonical\" href=\"https:\/\/yvie.com\/nl\/inovace-v-protetice-moderni-nahrady-a-jejich-vliv-na-zivoty-osob-se-ztp\/\" \/>\n<meta property=\"og:locale\" content=\"nl_NL\" \/>\n<meta property=\"og:type\" content=\"article\" \/>\n<meta property=\"og:title\" content=\"Inovace v protetice modern\u00ed nahrady a jejich vliv na \u017eivoty osob se ZTP - Yvie\" \/>\n<meta property=\"og:description\" content=\"Um\u011bl\u00e9 kon\u010detiny p\u0159in\u00e1\u0161ej\u00ed do \u017eivota mnoha lid\u00ed nov\u00fd rozm\u011br, kter\u00fd se projevuje nejen v ka\u017edodenn\u00edch \u010dinnostech, ale i v celkov\u00e9 n\u00e1lad\u011b a sebev\u011bdom\u00ed. Dne\u0161n\u00ed technologie umo\u017e\u0148uj\u00ed vytv\u00e1\u0159et v\u00fdrobky, je\u017e se ukazuj\u00ed jako daleko v\u00edce ne\u017e jen pouh\u00e9 n\u00e1hrady chyb\u011bj\u00edc\u00edch \u010d\u00e1st\u00ed t\u011bla. Inovativn\u00ed p\u0159\u00edstupy v t\u00e9to oblasti zvy\u0161uj\u00ed nejen funk\u010dnost, ale tak\u00e9 komfort p\u0159i no\u0161en\u00ed.V\u00fdznam pokro\u010dil\u00fdch [&hellip;]\" \/>\n<meta property=\"og:url\" content=\"https:\/\/yvie.com\/nl\/inovace-v-protetice-moderni-nahrady-a-jejich-vliv-na-zivoty-osob-se-ztp\/\" \/>\n<meta property=\"og:site_name\" content=\"Yvie\" \/>\n<meta property=\"article:published_time\" content=\"2026-01-27T02:56:18+00:00\" \/>\n<meta property=\"article:modified_time\" content=\"2026-04-28T10:19:52+00:00\" \/>\n<meta name=\"author\" content=\"Elles de Bruin-Rook\" \/>\n<meta name=\"twitter:card\" content=\"summary_large_image\" \/>\n<meta name=\"twitter:label1\" content=\"Geschreven door\" \/>\n\t<meta name=\"twitter:data1\" content=\"Elles de Bruin-Rook\" \/>\n\t<meta name=\"twitter:label2\" content=\"Geschatte leestijd\" \/>\n\t<meta name=\"twitter:data2\" content=\"11 minuten\" \/>\n<script type=\"application\/ld+json\" class=\"yoast-schema-graph\">{\"@context\":\"https:\/\/schema.org\",\"@graph\":[{\"@type\":\"Article\",\"@id\":\"https:\/\/yvie.com\/inovace-v-protetice-moderni-nahrady-a-jejich-vliv-na-zivoty-osob-se-ztp\/#article\",\"isPartOf\":{\"@id\":\"https:\/\/yvie.com\/inovace-v-protetice-moderni-nahrady-a-jejich-vliv-na-zivoty-osob-se-ztp\/\"},\"author\":{\"name\":\"Elles de Bruin-Rook\",\"@id\":\"https:\/\/yvie.com\/#\/schema\/person\/adc35d434b1bd4fc9a1645968e48cfae\"},\"headline\":\"Inovace v protetice modern\u00ed nahrady a jejich vliv na \u017eivoty osob se ZTP\",\"datePublished\":\"2026-01-27T02:56:18+00:00\",\"dateModified\":\"2026-04-28T10:19:52+00:00\",\"mainEntityOfPage\":{\"@id\":\"https:\/\/yvie.com\/inovace-v-protetice-moderni-nahrady-a-jejich-vliv-na-zivoty-osob-se-ztp\/\"},\"wordCount\":2154,\"inLanguage\":\"nl-NL\"},{\"@type\":\"WebPage\",\"@id\":\"https:\/\/yvie.com\/inovace-v-protetice-moderni-nahrady-a-jejich-vliv-na-zivoty-osob-se-ztp\/\",\"url\":\"https:\/\/yvie.com\/inovace-v-protetice-moderni-nahrady-a-jejich-vliv-na-zivoty-osob-se-ztp\/\",\"name\":\"Inovace v protetice modern\u00ed nahrady a jejich vliv na \u017eivoty osob se ZTP - Yvie\",\"isPartOf\":{\"@id\":\"https:\/\/yvie.com\/#website\"},\"datePublished\":\"2026-01-27T02:56:18+00:00\",\"dateModified\":\"2026-04-28T10:19:52+00:00\",\"author\":{\"@id\":\"https:\/\/yvie.com\/#\/schema\/person\/adc35d434b1bd4fc9a1645968e48cfae\"},\"breadcrumb\":{\"@id\":\"https:\/\/yvie.com\/inovace-v-protetice-moderni-nahrady-a-jejich-vliv-na-zivoty-osob-se-ztp\/#breadcrumb\"},\"inLanguage\":\"nl-NL\",\"potentialAction\":[{\"@type\":\"ReadAction\",\"target\":[\"https:\/\/yvie.com\/inovace-v-protetice-moderni-nahrady-a-jejich-vliv-na-zivoty-osob-se-ztp\/\"]}]},{\"@type\":\"BreadcrumbList\",\"@id\":\"https:\/\/yvie.com\/inovace-v-protetice-moderni-nahrady-a-jejich-vliv-na-zivoty-osob-se-ztp\/#breadcrumb\",\"itemListElement\":[{\"@type\":\"ListItem\",\"position\":1,\"name\":\"Home\",\"item\":\"https:\/\/yvie.com\/\"},{\"@type\":\"ListItem\",\"position\":2,\"name\":\"Inovace v protetice modern\u00ed nahrady a jejich vliv na \u017eivoty osob se ZTP\"}]},{\"@type\":\"WebSite\",\"@id\":\"https:\/\/yvie.com\/#website\",\"url\":\"https:\/\/yvie.com\/\",\"name\":\"Yvie\",\"description\":\"\",\"potentialAction\":[{\"@type\":\"SearchAction\",\"target\":{\"@type\":\"EntryPoint\",\"urlTemplate\":\"https:\/\/yvie.com\/?s={search_term_string}\"},\"query-input\":{\"@type\":\"PropertyValueSpecification\",\"valueRequired\":true,\"valueName\":\"search_term_string\"}}],\"inLanguage\":\"nl-NL\"},{\"@type\":\"Person\",\"@id\":\"https:\/\/yvie.com\/#\/schema\/person\/adc35d434b1bd4fc9a1645968e48cfae\",\"name\":\"Elles de Bruin-Rook\",\"url\":\"https:\/\/yvie.com\/nl\/author\/elles\/\"}]}<\/script>\n<!-- \/ Yoast SEO plugin. -->","yoast_head_json":{"title":"Inovace v protetice modern\u00ed nahrady a jejich vliv na \u017eivoty osob se ZTP - Yvie","robots":{"index":"index","follow":"follow","max-snippet":"max-snippet:-1","max-image-preview":"max-image-preview:large","max-video-preview":"max-video-preview:-1"},"canonical":"https:\/\/yvie.com\/nl\/inovace-v-protetice-moderni-nahrady-a-jejich-vliv-na-zivoty-osob-se-ztp\/","og_locale":"nl_NL","og_type":"article","og_title":"Inovace v protetice modern\u00ed nahrady a jejich vliv na \u017eivoty osob se ZTP - Yvie","og_description":"Um\u011bl\u00e9 kon\u010detiny p\u0159in\u00e1\u0161ej\u00ed do \u017eivota mnoha lid\u00ed nov\u00fd rozm\u011br, kter\u00fd se projevuje nejen v ka\u017edodenn\u00edch \u010dinnostech, ale i v celkov\u00e9 n\u00e1lad\u011b a sebev\u011bdom\u00ed. Dne\u0161n\u00ed technologie umo\u017e\u0148uj\u00ed vytv\u00e1\u0159et v\u00fdrobky, je\u017e se ukazuj\u00ed jako daleko v\u00edce ne\u017e jen pouh\u00e9 n\u00e1hrady chyb\u011bj\u00edc\u00edch \u010d\u00e1st\u00ed t\u011bla. Inovativn\u00ed p\u0159\u00edstupy v t\u00e9to oblasti zvy\u0161uj\u00ed nejen funk\u010dnost, ale tak\u00e9 komfort p\u0159i no\u0161en\u00ed.V\u00fdznam pokro\u010dil\u00fdch [&hellip;]","og_url":"https:\/\/yvie.com\/nl\/inovace-v-protetice-moderni-nahrady-a-jejich-vliv-na-zivoty-osob-se-ztp\/","og_site_name":"Yvie","article_published_time":"2026-01-27T02:56:18+00:00","article_modified_time":"2026-04-28T10:19:52+00:00","author":"Elles de Bruin-Rook","twitter_card":"summary_large_image","twitter_misc":{"Geschreven door":"Elles de Bruin-Rook","Geschatte leestijd":"11 minuten"},"schema":{"@context":"https:\/\/schema.org","@graph":[{"@type":"Article","@id":"https:\/\/yvie.com\/inovace-v-protetice-moderni-nahrady-a-jejich-vliv-na-zivoty-osob-se-ztp\/#article","isPartOf":{"@id":"https:\/\/yvie.com\/inovace-v-protetice-moderni-nahrady-a-jejich-vliv-na-zivoty-osob-se-ztp\/"},"author":{"name":"Elles de Bruin-Rook","@id":"https:\/\/yvie.com\/#\/schema\/person\/adc35d434b1bd4fc9a1645968e48cfae"},"headline":"Inovace v protetice modern\u00ed nahrady a jejich vliv na \u017eivoty osob se ZTP","datePublished":"2026-01-27T02:56:18+00:00","dateModified":"2026-04-28T10:19:52+00:00","mainEntityOfPage":{"@id":"https:\/\/yvie.com\/inovace-v-protetice-moderni-nahrady-a-jejich-vliv-na-zivoty-osob-se-ztp\/"},"wordCount":2154,"inLanguage":"nl-NL"},{"@type":"WebPage","@id":"https:\/\/yvie.com\/inovace-v-protetice-moderni-nahrady-a-jejich-vliv-na-zivoty-osob-se-ztp\/","url":"https:\/\/yvie.com\/inovace-v-protetice-moderni-nahrady-a-jejich-vliv-na-zivoty-osob-se-ztp\/","name":"Inovace v protetice modern\u00ed nahrady a jejich vliv na \u017eivoty osob se ZTP - Yvie","isPartOf":{"@id":"https:\/\/yvie.com\/#website"},"datePublished":"2026-01-27T02:56:18+00:00","dateModified":"2026-04-28T10:19:52+00:00","author":{"@id":"https:\/\/yvie.com\/#\/schema\/person\/adc35d434b1bd4fc9a1645968e48cfae"},"breadcrumb":{"@id":"https:\/\/yvie.com\/inovace-v-protetice-moderni-nahrady-a-jejich-vliv-na-zivoty-osob-se-ztp\/#breadcrumb"},"inLanguage":"nl-NL","potentialAction":[{"@type":"ReadAction","target":["https:\/\/yvie.com\/inovace-v-protetice-moderni-nahrady-a-jejich-vliv-na-zivoty-osob-se-ztp\/"]}]},{"@type":"BreadcrumbList","@id":"https:\/\/yvie.com\/inovace-v-protetice-moderni-nahrady-a-jejich-vliv-na-zivoty-osob-se-ztp\/#breadcrumb","itemListElement":[{"@type":"ListItem","position":1,"name":"Home","item":"https:\/\/yvie.com\/"},{"@type":"ListItem","position":2,"name":"Inovace v protetice modern\u00ed nahrady a jejich vliv na \u017eivoty osob se ZTP"}]},{"@type":"WebSite","@id":"https:\/\/yvie.com\/#website","url":"https:\/\/yvie.com\/","name":"Yvie","description":"","potentialAction":[{"@type":"SearchAction","target":{"@type":"EntryPoint","urlTemplate":"https:\/\/yvie.com\/?s={search_term_string}"},"query-input":{"@type":"PropertyValueSpecification","valueRequired":true,"valueName":"search_term_string"}}],"inLanguage":"nl-NL"},{"@type":"Person","@id":"https:\/\/yvie.com\/#\/schema\/person\/adc35d434b1bd4fc9a1645968e48cfae","name":"Elles de Bruin-Rook","url":"https:\/\/yvie.com\/nl\/author\/elles\/"}]}},"_links":{"self":[{"href":"https:\/\/yvie.com\/nl\/wp-json\/wp\/v2\/posts\/19660","targetHints":{"allow":["GET"]}}],"collection":[{"href":"https:\/\/yvie.com\/nl\/wp-json\/wp\/v2\/posts"}],"about":[{"href":"https:\/\/yvie.com\/nl\/wp-json\/wp\/v2\/types\/post"}],"author":[{"embeddable":true,"href":"https:\/\/yvie.com\/nl\/wp-json\/wp\/v2\/users\/2"}],"replies":[{"embeddable":true,"href":"https:\/\/yvie.com\/nl\/wp-json\/wp\/v2\/comments?post=19660"}],"version-history":[{"count":1,"href":"https:\/\/yvie.com\/nl\/wp-json\/wp\/v2\/posts\/19660\/revisions"}],"predecessor-version":[{"id":19661,"href":"https:\/\/yvie.com\/nl\/wp-json\/wp\/v2\/posts\/19660\/revisions\/19661"}],"wp:attachment":[{"href":"https:\/\/yvie.com\/nl\/wp-json\/wp\/v2\/media?parent=19660"}],"wp:term":[{"taxonomy":"category","embeddable":true,"href":"https:\/\/yvie.com\/nl\/wp-json\/wp\/v2\/categories?post=19660"},{"taxonomy":"post_tag","embeddable":true,"href":"https:\/\/yvie.com\/nl\/wp-json\/wp\/v2\/tags?post=19660"}],"curies":[{"name":"wp","href":"https:\/\/api.w.org\/{rel}","templated":true}]}}