{"id":19876,"date":"2025-11-28T20:54:57","date_gmt":"2025-11-28T20:54:57","guid":{"rendered":"https:\/\/yvie.com\/?p=19876"},"modified":"2026-04-29T08:01:21","modified_gmt":"2026-04-29T08:01:21","slug":"celebracoes-da-cultura-afrodescendente-em-portugal-eventos-imperdiveis","status":"publish","type":"post","link":"https:\/\/yvie.com\/nl\/celebracoes-da-cultura-afrodescendente-em-portugal-eventos-imperdiveis\/","title":{"rendered":"Celebra\u00e7\u00f5es da Cultura Afrodescendente em Portugal: Eventos Imperd\u00edveis"},"content":{"rendered":"<h2>Introdu\u00e7\u00e3o \u00e0s Celebra\u00e7\u00f5es da Cultura Afrodescendente em Portugal<\/h2>\n<p>Portugal \u00e9 um pa\u00eds rico em diversidade cultural, e as celebra\u00e7\u00f5es da cultura afrodescendente desempenham um papel fundamental na tecelagem desta tape\u00e7aria vibrante. A influ\u00eancia africana em Portugal \u00e9 evidente em v\u00e1rios aspectos da vida cotidiana, desde a m\u00fasica e a dan\u00e7a at\u00e9 a arte e a gastronomia. As festividades que celebram essa heran\u00e7a s\u00e3o essenciais para a promo\u00e7\u00e3o da identidade da comunidade afrodescendente e para a sensibiliza\u00e7\u00e3o do p\u00fablico sobre suas contribui\u00e7\u00f5es significativas.<\/p>\n<p>Um dos eventos mais emblem\u00e1ticos \u00e9 a <strong>Festa de S\u00e3o Benedito<\/strong>, que ocorre anualmente em Lisboa. Esta celebra\u00e7\u00e3o, cheia de cor e alegria, re\u00fane a comunidade em torno de dan\u00e7as tradicionais, can\u00e7\u00f5es e pratos t\u00edpicos, refletindo a rica cultura afrobrasileira. Outro evento importante \u00e9 o <strong>Festival Gri\u00f4<\/strong>, que acontece em v\u00e1rias cidades e se dedica a promover a literatura, a m\u00fasica e a dan\u00e7a afrodescendente, criando um espa\u00e7o de express\u00e3o e reflex\u00e3o.<\/p>\n<p>Al\u00e9m disso, as celebra\u00e7\u00f5es t\u00eam um papel educativo, permitindo que novas gera\u00e7\u00f5es conhe\u00e7am e valorizem suas ra\u00edzes. As festas n\u00e3o s\u00e3o apenas uma oportunidade para se divertir, mas tamb\u00e9m para aprender sobre a hist\u00f3ria e as tradi\u00e7\u00f5es que moldaram a identidade afrodescendente em Portugal. A m\u00fasica, com ritmos contagiantes como o <strong>funan\u00e1<\/strong> e a <strong>morna<\/strong>, e as dan\u00e7as, como o <strong>kizomba<\/strong>, criam uma atmosfera de uni\u00e3o e <a href=\"https:\/\/afrolispt.com\/\">https:\/\/afrolispt.com\/<\/a> que refletem a riqueza cultural da comunidade.<\/p>\n<p>Assim, as festividades da cultura afrodescendente em Portugal n\u00e3o s\u00e3o apenas eventos sociais, mas sim um reflexo da luta e da resist\u00eancia de uma comunidade que busca reconhecimento e valoriza\u00e7\u00e3o. Atrav\u00e9s da arte, da m\u00fasica e da dan\u00e7a, essas celebra\u00e7\u00f5es promovem um di\u00e1logo intercultural e refor\u00e7am a import\u00e2ncia da diversidade na sociedade portuguesa.<\/p>\n<h2>Eventos Imperd\u00edveis: Festividades que Celebram a Identidade<\/h2>\n<p>As festividades s\u00e3o express\u00f5es vibrantes da <strong>cultura<\/strong> e da <strong>identidade<\/strong> de uma comunidade. Elas nos conectam, celebrando tradi\u00e7\u00f5es que muitas vezes s\u00e3o passadas de gera\u00e7\u00e3o para gera\u00e7\u00e3o. Um exemplo marcante \u00e9 o <strong>Carnaval<\/strong> brasileiro, que re\u00fane milh\u00f5es de pessoas em um espet\u00e1culo de <strong>m\u00fasica<\/strong>, <strong>dan\u00e7a<\/strong> e arte, onde cada escola de samba conta uma hist\u00f3ria, refletindo a diversidade cultural do pa\u00eds.<\/p>\n<p>Outra festividade not\u00e1vel \u00e9 a <strong>Festa Junina<\/strong>, que, al\u00e9m de suas dan\u00e7as t\u00edpicas como a quadrilha, homenageia as ra\u00edzes rurais e a vida no campo, trazendo \u00e0 tona a import\u00e2ncia da comunidade. As barracas de comidas t\u00edpicas, como pamonha e quent\u00e3o, s\u00e3o um convite para saborear as tradi\u00e7\u00f5es que nos unem.<\/p>\n<p>Al\u00e9m disso, o <strong>Dia da Consci\u00eancia Negra<\/strong> \u00e9 um evento crucial que celebra a cultura afro-brasileira, promovendo reflex\u00f5es sobre a identidade e a luta por igualdade. Neste dia, apresenta\u00e7\u00f5es de <strong>m\u00fasica<\/strong> e <strong>dan\u00e7a<\/strong> destacam a rica heran\u00e7a cultural, promovendo um ambiente de respeito e valoriza\u00e7\u00e3o.<\/p>\n<p>Esses eventos n\u00e3o apenas oferecem um espa\u00e7o de celebra\u00e7\u00e3o, mas tamb\u00e9m s\u00e3o oportunidades para fortalecer la\u00e7os comunit\u00e1rios e promover a <strong>express\u00e3o<\/strong> cultural. Participar dessas festividades \u00e9 essencial para a valoriza\u00e7\u00e3o da identidade coletiva e para a preserva\u00e7\u00e3o da nossa hist\u00f3ria.<\/p>\n<h2>Express\u00e3o Cultural: Dan\u00e7a e M\u00fasica nas Comunidades Afrodescendentes<\/h2>\n<p>As comunidades afrodescendentes no Brasil s\u00e3o ricas em <strong>cultura<\/strong>, onde a <strong>dan\u00e7a<\/strong> e a <strong>m\u00fasica<\/strong> desempenham pap\u00e9is centrais. Estas formas de <strong>express\u00e3o<\/strong> s\u00e3o muito mais do que entretenimento; s\u00e3o ferramentas de resist\u00eancia e afirma\u00e7\u00e3o da <strong>identidade<\/strong>.<\/p>\n<p>Durante as <strong>festividades<\/strong> e <strong>eventos<\/strong>, vemos a jun\u00e7\u00e3o de ritmos como o samba e o candombl\u00e9, refletindo a diversidade das tradi\u00e7\u00f5es africanas. A for\u00e7a do <strong>ritmo<\/strong> e a riqueza das <strong>arte<\/strong>s visuais criam uma sinergia que envolve todos os participantes. Celebrar essas manifesta\u00e7\u00f5es \u00e9 relembrar a hist\u00f3ria e a luta das comunidades afrodescendentes.<\/p>\n<p>Um bom exemplo \u00e9 o Carnaval, onde a <strong>dan\u00e7a<\/strong> e a <strong>m\u00fasica<\/strong> s\u00e3o protagonistas. Todos os anos, grupos de dan\u00e7a representam sua heran\u00e7a cultural, unhas unidas em uma celebra\u00e7\u00e3o que une a <strong>comunidade<\/strong> e atrai turistas de todas as partes. Al\u00e9m disso, eventos locais como a Festa de Iemanj\u00e1 em Salvador destacam a import\u00e2ncia da espiritualidade nas pr\u00e1ticas culturais.<\/p>\n<p>Essas express\u00f5es culturais n\u00e3o apenas preservam a hist\u00f3ria, mas tamb\u00e9m promovem a inclus\u00e3o social. Ao se envolverem nas <strong>festividades<\/strong>, as novas gera\u00e7\u00f5es aprendem sobre suas ra\u00edzes, fortalecendo a <strong>identidade<\/strong> e a conviv\u00eancia entre diferentes culturas.<\/p>\n<h2>Arte e Cultura: Impacto das Celebra\u00e7\u00f5es na Sociedade Portuguesa<\/h2>\n<p>As celebra\u00e7\u00f5es em Portugal s\u00e3o muito mais do que simples festividades; elas representam uma rica express\u00e3o da <strong>cultura<\/strong> nacional. Eventos como o Carnaval, as Festas de S\u00e3o Jo\u00e3o e a Semana Santa s\u00e3o momentos em que a <strong>comunidade<\/strong> se une, celebrando tradi\u00e7\u00f5es que remontam a s\u00e9culos. A m\u00fasica e a <strong>dan\u00e7a<\/strong> desempenham um papel central, servindo como uma forma de <strong>express\u00e3o<\/strong> da identidade portuguesa.<\/p>\n<p>Atrav\u00e9s da arte, as festividades transmitem hist\u00f3rias e valores que moldam a sociedade. O famoso Fado, por exemplo, \u00e9 uma manifesta\u00e7\u00e3o musical que evoca sentimentos de saudade, refletindo a profundidade da experi\u00eancia humana. Durante essas celebra\u00e7\u00f5es, a arte \u00e9 n\u00e3o apenas apreciada, mas vivida, permitindo que todos participem da constru\u00e7\u00e3o de um legado cultural.<\/p>\n<p>Al\u00e9m disso, as festividades incentivam a <strong>intera\u00e7\u00e3o social<\/strong>, fortalecendo la\u00e7os entre os membros da comunidade. Os eventos atraem turistas, promovendo o interc\u00e2mbio cultural e a valoriza\u00e7\u00e3o das tradi\u00e7\u00f5es locais. Assim, as celebra\u00e7\u00f5es em Portugal n\u00e3o apenas preservam a identidade cultural, mas tamb\u00e9m promovem a coes\u00e3o social, tornando-se pilares fundamentais da vida comunit\u00e1ria.<\/p>","protected":false},"excerpt":{"rendered":"<p>Introdu\u00e7\u00e3o \u00e0s Celebra\u00e7\u00f5es da Cultura Afrodescendente em Portugal Portugal \u00e9 um pa\u00eds rico em diversidade cultural, e as celebra\u00e7\u00f5es da cultura afrodescendente desempenham um papel fundamental na tecelagem desta tape\u00e7aria vibrante. A influ\u00eancia africana em Portugal \u00e9 evidente em v\u00e1rios aspectos da vida cotidiana, desde a m\u00fasica e a dan\u00e7a at\u00e9 a arte e a [&hellip;]<\/p>\n","protected":false},"author":2,"featured_media":0,"comment_status":"closed","ping_status":"","sticky":false,"template":"","format":"standard","meta":{"_et_pb_use_builder":"","_et_pb_old_content":"","_et_gb_content_width":"","inline_featured_image":false,"footnotes":""},"categories":[14],"tags":[],"class_list":["post-19876","post","type-post","status-publish","format-standard","hentry","category-nl"],"yoast_head":"<!-- This site is optimized with the Yoast SEO plugin v26.8 - https:\/\/yoast.com\/product\/yoast-seo-wordpress\/ -->\n<title>Celebra\u00e7\u00f5es da Cultura Afrodescendente em Portugal: Eventos Imperd\u00edveis - Yvie<\/title>\n<meta name=\"robots\" content=\"index, follow, max-snippet:-1, max-image-preview:large, max-video-preview:-1\" \/>\n<link rel=\"canonical\" href=\"https:\/\/yvie.com\/nl\/celebracoes-da-cultura-afrodescendente-em-portugal-eventos-imperdiveis\/\" \/>\n<meta property=\"og:locale\" content=\"nl_NL\" \/>\n<meta property=\"og:type\" content=\"article\" \/>\n<meta property=\"og:title\" content=\"Celebra\u00e7\u00f5es da Cultura Afrodescendente em Portugal: Eventos Imperd\u00edveis - Yvie\" \/>\n<meta property=\"og:description\" content=\"Introdu\u00e7\u00e3o \u00e0s Celebra\u00e7\u00f5es da Cultura Afrodescendente em Portugal Portugal \u00e9 um pa\u00eds rico em diversidade cultural, e as celebra\u00e7\u00f5es da cultura afrodescendente desempenham um papel fundamental na tecelagem desta tape\u00e7aria vibrante. A influ\u00eancia africana em Portugal \u00e9 evidente em v\u00e1rios aspectos da vida cotidiana, desde a m\u00fasica e a dan\u00e7a at\u00e9 a arte e a [&hellip;]\" \/>\n<meta property=\"og:url\" content=\"https:\/\/yvie.com\/nl\/celebracoes-da-cultura-afrodescendente-em-portugal-eventos-imperdiveis\/\" \/>\n<meta property=\"og:site_name\" content=\"Yvie\" \/>\n<meta property=\"article:published_time\" content=\"2025-11-28T20:54:57+00:00\" \/>\n<meta property=\"article:modified_time\" content=\"2026-04-29T08:01:21+00:00\" \/>\n<meta name=\"author\" content=\"Elles de Bruin-Rook\" \/>\n<meta name=\"twitter:card\" content=\"summary_large_image\" \/>\n<meta name=\"twitter:label1\" content=\"Geschreven door\" \/>\n\t<meta name=\"twitter:data1\" content=\"Elles de Bruin-Rook\" \/>\n\t<meta name=\"twitter:label2\" content=\"Geschatte leestijd\" \/>\n\t<meta name=\"twitter:data2\" content=\"5 minuten\" \/>\n<script type=\"application\/ld+json\" class=\"yoast-schema-graph\">{\"@context\":\"https:\/\/schema.org\",\"@graph\":[{\"@type\":\"Article\",\"@id\":\"https:\/\/yvie.com\/celebracoes-da-cultura-afrodescendente-em-portugal-eventos-imperdiveis\/#article\",\"isPartOf\":{\"@id\":\"https:\/\/yvie.com\/celebracoes-da-cultura-afrodescendente-em-portugal-eventos-imperdiveis\/\"},\"author\":{\"name\":\"Elles de Bruin-Rook\",\"@id\":\"https:\/\/yvie.com\/#\/schema\/person\/adc35d434b1bd4fc9a1645968e48cfae\"},\"headline\":\"Celebra\u00e7\u00f5es da Cultura Afrodescendente em Portugal: Eventos Imperd\u00edveis\",\"datePublished\":\"2025-11-28T20:54:57+00:00\",\"dateModified\":\"2026-04-29T08:01:21+00:00\",\"mainEntityOfPage\":{\"@id\":\"https:\/\/yvie.com\/celebracoes-da-cultura-afrodescendente-em-portugal-eventos-imperdiveis\/\"},\"wordCount\":1015,\"articleSection\":[\"NL\"],\"inLanguage\":\"nl-NL\"},{\"@type\":\"WebPage\",\"@id\":\"https:\/\/yvie.com\/celebracoes-da-cultura-afrodescendente-em-portugal-eventos-imperdiveis\/\",\"url\":\"https:\/\/yvie.com\/celebracoes-da-cultura-afrodescendente-em-portugal-eventos-imperdiveis\/\",\"name\":\"Celebra\u00e7\u00f5es da Cultura Afrodescendente em Portugal: Eventos Imperd\u00edveis - Yvie\",\"isPartOf\":{\"@id\":\"https:\/\/yvie.com\/#website\"},\"datePublished\":\"2025-11-28T20:54:57+00:00\",\"dateModified\":\"2026-04-29T08:01:21+00:00\",\"author\":{\"@id\":\"https:\/\/yvie.com\/#\/schema\/person\/adc35d434b1bd4fc9a1645968e48cfae\"},\"breadcrumb\":{\"@id\":\"https:\/\/yvie.com\/celebracoes-da-cultura-afrodescendente-em-portugal-eventos-imperdiveis\/#breadcrumb\"},\"inLanguage\":\"nl-NL\",\"potentialAction\":[{\"@type\":\"ReadAction\",\"target\":[\"https:\/\/yvie.com\/celebracoes-da-cultura-afrodescendente-em-portugal-eventos-imperdiveis\/\"]}]},{\"@type\":\"BreadcrumbList\",\"@id\":\"https:\/\/yvie.com\/celebracoes-da-cultura-afrodescendente-em-portugal-eventos-imperdiveis\/#breadcrumb\",\"itemListElement\":[{\"@type\":\"ListItem\",\"position\":1,\"name\":\"Home\",\"item\":\"https:\/\/yvie.com\/\"},{\"@type\":\"ListItem\",\"position\":2,\"name\":\"Celebra\u00e7\u00f5es da Cultura Afrodescendente em Portugal: Eventos Imperd\u00edveis\"}]},{\"@type\":\"WebSite\",\"@id\":\"https:\/\/yvie.com\/#website\",\"url\":\"https:\/\/yvie.com\/\",\"name\":\"Yvie\",\"description\":\"\",\"potentialAction\":[{\"@type\":\"SearchAction\",\"target\":{\"@type\":\"EntryPoint\",\"urlTemplate\":\"https:\/\/yvie.com\/?s={search_term_string}\"},\"query-input\":{\"@type\":\"PropertyValueSpecification\",\"valueRequired\":true,\"valueName\":\"search_term_string\"}}],\"inLanguage\":\"nl-NL\"},{\"@type\":\"Person\",\"@id\":\"https:\/\/yvie.com\/#\/schema\/person\/adc35d434b1bd4fc9a1645968e48cfae\",\"name\":\"Elles de Bruin-Rook\",\"url\":\"https:\/\/yvie.com\/nl\/author\/elles\/\"}]}<\/script>\n<!-- \/ Yoast SEO plugin. -->","yoast_head_json":{"title":"Celebra\u00e7\u00f5es da Cultura Afrodescendente em Portugal: Eventos Imperd\u00edveis - Yvie","robots":{"index":"index","follow":"follow","max-snippet":"max-snippet:-1","max-image-preview":"max-image-preview:large","max-video-preview":"max-video-preview:-1"},"canonical":"https:\/\/yvie.com\/nl\/celebracoes-da-cultura-afrodescendente-em-portugal-eventos-imperdiveis\/","og_locale":"nl_NL","og_type":"article","og_title":"Celebra\u00e7\u00f5es da Cultura Afrodescendente em Portugal: Eventos Imperd\u00edveis - Yvie","og_description":"Introdu\u00e7\u00e3o \u00e0s Celebra\u00e7\u00f5es da Cultura Afrodescendente em Portugal Portugal \u00e9 um pa\u00eds rico em diversidade cultural, e as celebra\u00e7\u00f5es da cultura afrodescendente desempenham um papel fundamental na tecelagem desta tape\u00e7aria vibrante. A influ\u00eancia africana em Portugal \u00e9 evidente em v\u00e1rios aspectos da vida cotidiana, desde a m\u00fasica e a dan\u00e7a at\u00e9 a arte e a [&hellip;]","og_url":"https:\/\/yvie.com\/nl\/celebracoes-da-cultura-afrodescendente-em-portugal-eventos-imperdiveis\/","og_site_name":"Yvie","article_published_time":"2025-11-28T20:54:57+00:00","article_modified_time":"2026-04-29T08:01:21+00:00","author":"Elles de Bruin-Rook","twitter_card":"summary_large_image","twitter_misc":{"Geschreven door":"Elles de Bruin-Rook","Geschatte leestijd":"5 minuten"},"schema":{"@context":"https:\/\/schema.org","@graph":[{"@type":"Article","@id":"https:\/\/yvie.com\/celebracoes-da-cultura-afrodescendente-em-portugal-eventos-imperdiveis\/#article","isPartOf":{"@id":"https:\/\/yvie.com\/celebracoes-da-cultura-afrodescendente-em-portugal-eventos-imperdiveis\/"},"author":{"name":"Elles de Bruin-Rook","@id":"https:\/\/yvie.com\/#\/schema\/person\/adc35d434b1bd4fc9a1645968e48cfae"},"headline":"Celebra\u00e7\u00f5es da Cultura Afrodescendente em Portugal: Eventos Imperd\u00edveis","datePublished":"2025-11-28T20:54:57+00:00","dateModified":"2026-04-29T08:01:21+00:00","mainEntityOfPage":{"@id":"https:\/\/yvie.com\/celebracoes-da-cultura-afrodescendente-em-portugal-eventos-imperdiveis\/"},"wordCount":1015,"articleSection":["NL"],"inLanguage":"nl-NL"},{"@type":"WebPage","@id":"https:\/\/yvie.com\/celebracoes-da-cultura-afrodescendente-em-portugal-eventos-imperdiveis\/","url":"https:\/\/yvie.com\/celebracoes-da-cultura-afrodescendente-em-portugal-eventos-imperdiveis\/","name":"Celebra\u00e7\u00f5es da Cultura Afrodescendente em Portugal: Eventos Imperd\u00edveis - Yvie","isPartOf":{"@id":"https:\/\/yvie.com\/#website"},"datePublished":"2025-11-28T20:54:57+00:00","dateModified":"2026-04-29T08:01:21+00:00","author":{"@id":"https:\/\/yvie.com\/#\/schema\/person\/adc35d434b1bd4fc9a1645968e48cfae"},"breadcrumb":{"@id":"https:\/\/yvie.com\/celebracoes-da-cultura-afrodescendente-em-portugal-eventos-imperdiveis\/#breadcrumb"},"inLanguage":"nl-NL","potentialAction":[{"@type":"ReadAction","target":["https:\/\/yvie.com\/celebracoes-da-cultura-afrodescendente-em-portugal-eventos-imperdiveis\/"]}]},{"@type":"BreadcrumbList","@id":"https:\/\/yvie.com\/celebracoes-da-cultura-afrodescendente-em-portugal-eventos-imperdiveis\/#breadcrumb","itemListElement":[{"@type":"ListItem","position":1,"name":"Home","item":"https:\/\/yvie.com\/"},{"@type":"ListItem","position":2,"name":"Celebra\u00e7\u00f5es da Cultura Afrodescendente em Portugal: Eventos Imperd\u00edveis"}]},{"@type":"WebSite","@id":"https:\/\/yvie.com\/#website","url":"https:\/\/yvie.com\/","name":"Yvie","description":"","potentialAction":[{"@type":"SearchAction","target":{"@type":"EntryPoint","urlTemplate":"https:\/\/yvie.com\/?s={search_term_string}"},"query-input":{"@type":"PropertyValueSpecification","valueRequired":true,"valueName":"search_term_string"}}],"inLanguage":"nl-NL"},{"@type":"Person","@id":"https:\/\/yvie.com\/#\/schema\/person\/adc35d434b1bd4fc9a1645968e48cfae","name":"Elles de Bruin-Rook","url":"https:\/\/yvie.com\/nl\/author\/elles\/"}]}},"_links":{"self":[{"href":"https:\/\/yvie.com\/nl\/wp-json\/wp\/v2\/posts\/19876","targetHints":{"allow":["GET"]}}],"collection":[{"href":"https:\/\/yvie.com\/nl\/wp-json\/wp\/v2\/posts"}],"about":[{"href":"https:\/\/yvie.com\/nl\/wp-json\/wp\/v2\/types\/post"}],"author":[{"embeddable":true,"href":"https:\/\/yvie.com\/nl\/wp-json\/wp\/v2\/users\/2"}],"replies":[{"embeddable":true,"href":"https:\/\/yvie.com\/nl\/wp-json\/wp\/v2\/comments?post=19876"}],"version-history":[{"count":1,"href":"https:\/\/yvie.com\/nl\/wp-json\/wp\/v2\/posts\/19876\/revisions"}],"predecessor-version":[{"id":19877,"href":"https:\/\/yvie.com\/nl\/wp-json\/wp\/v2\/posts\/19876\/revisions\/19877"}],"wp:attachment":[{"href":"https:\/\/yvie.com\/nl\/wp-json\/wp\/v2\/media?parent=19876"}],"wp:term":[{"taxonomy":"category","embeddable":true,"href":"https:\/\/yvie.com\/nl\/wp-json\/wp\/v2\/categories?post=19876"},{"taxonomy":"post_tag","embeddable":true,"href":"https:\/\/yvie.com\/nl\/wp-json\/wp\/v2\/tags?post=19876"}],"curies":[{"name":"wp","href":"https:\/\/api.w.org\/{rel}","templated":true}]}}