{"id":19886,"date":"2025-12-05T04:35:43","date_gmt":"2025-12-05T04:35:43","guid":{"rendered":"https:\/\/yvie.com\/?p=19886"},"modified":"2026-04-29T08:05:14","modified_gmt":"2026-04-29T08:05:14","slug":"falta-de-medicos-no-hospital-de-santarem-gera-preocupacao-entre-pacientes","status":"publish","type":"post","link":"https:\/\/yvie.com\/nl\/falta-de-medicos-no-hospital-de-santarem-gera-preocupacao-entre-pacientes\/","title":{"rendered":"Falta de m\u00e9dicos no Hospital de Santar\u00e9m gera preocupa\u00e7\u00e3o entre pacientes"},"content":{"rendered":"<h2>Introdu\u00e7\u00e3o: O cen\u00e1rio da sa\u00fade em Santar\u00e9m<\/h2>\n<p>A sa\u00fade em Santar\u00e9m \u00e9 um tema de extrema relev\u00e2ncia, especialmente diante das crescentes demandas da popula\u00e7\u00e3o local. Com um sistema de <strong>atendimento<\/strong> que enfrenta desafios significativos, a cidade necessita de um <strong>plano de a\u00e7\u00e3o<\/strong> eficaz para melhorar os <strong>recursos m\u00e9dicos<\/strong> dispon\u00edveis. Atualmente, os hospitais da regi\u00e3o lidam com uma alta demanda, refletindo a urg\u00eancia em atender as necessidades das <strong>comunidades<\/strong>.<\/p>\n<p>As <strong>pol\u00edticas de sa\u00fade<\/strong> implementadas nos \u00faltimos anos t\u00eam buscado fortalecer a governan\u00e7a e otimizar os servi\u00e7os p\u00fablicos, mas ainda h\u00e1 um longo caminho a percorrer. Por exemplo, a falta de m\u00e9dicos especialistas e a precariedade nas condi\u00e7\u00f5es de algumas unidades hospitalares s\u00e3o quest\u00f5es que precisam ser abordadas com urg\u00eancia. \u00c9 essencial que a popula\u00e7\u00e3o tenha acesso a um atendimento de qualidade, capaz de atender tanto situa\u00e7\u00f5es de rotina quanto emerg\u00eancias.<\/p>\n<p>Al\u00e9m disso, o engajamento da comunidade \u00e9 fundamental para o sucesso das iniciativas de sa\u00fade. A participa\u00e7\u00e3o ativa dos cidad\u00e3os nas discuss\u00f5es sobre <strong>sa\u00fade<\/strong> pode contribuir para identificar as prioridades locais e influenciar positivamente as decis\u00f5es dos gestores p\u00fablicos, especialmente quando se trata de recursos m\u00e9dicos e pol\u00edticas de sa\u00fade. Com a colabora\u00e7\u00e3o entre governo e sociedade, \u00e9 poss\u00edvel estabelecer um futuro mais saud\u00e1vel para Santar\u00e9m <a href=\"https:\/\/almeirinensept.com\/\">https:\/\/almeirinensept.com\/<\/a>.<\/p>\n<h2>A escassez de m\u00e9dicos: Causas e consequ\u00eancias<\/h2>\n<p>A escassez de m\u00e9dicos \u00e9 uma realidade preocupante que afeta a sa\u00fade p\u00fablica em diversas comunidades. As causas incluem a falta de recursos m\u00e9dicos e a insatisfa\u00e7\u00e3o com as pol\u00edticas de sa\u00fade implementadas, levando muitos profissionais a abandonarem a profiss\u00e3o. Em regi\u00f5es remotas, a urg\u00eancia por atendimento se torna cr\u00edtica, refletindo a necessidade de um plano de a\u00e7\u00e3o eficaz para abordar essas lacunas.<\/p>\n<p>Os hospitais enfrentam dificuldades em manter uma equipe m\u00e9dica adequada, resultando em longas filas e sobrecarga dos poucos m\u00e9dicos dispon\u00edveis. Isso compromete o atendimento \u00e0 popula\u00e7\u00e3o, que muitas vezes necessita de cuidados urgentes. A governan\u00e7a deve focar em estrat\u00e9gias que incentivem a perman\u00eancia de m\u00e9dicos nas \u00e1reas mais afetadas.<\/p>\n<p>Os impactos da escassez n\u00e3o se limitam apenas \u00e0 qualidade do atendimento. A sa\u00fade de toda a popula\u00e7\u00e3o \u00e9 prejudicada, com consequ\u00eancias diretas para a promo\u00e7\u00e3o de um sistema de sa\u00fade mais robusto e eficiente. Portanto, \u00e9 crucial que as autoridades reconhe\u00e7am a gravidade da situa\u00e7\u00e3o e tomem medidas decisivas para reverter esse quadro.<\/p>\n<h2>Impacto na comunidade: Como a falta de m\u00e9dicos afeta o atendimento<\/h2>\n<p>A escassez de m\u00e9dicos nas comunidades brasileiras tem um impacto profundo no sistema de sa\u00fade. Quando os hospitais n\u00e3o conseguem atender \u00e0 demanda, o resultado \u00e9 um aumento nas filas de espera e uma queda na qualidade do atendimento. A necessidade de recursos m\u00e9dicos se torna evidente, especialmente em \u00e1reas mais vulner\u00e1veis, onde o acesso \u00e0 sa\u00fade \u00e9 limitado.<\/p>\n<p>Al\u00e9m disso, as pol\u00edticas de sa\u00fade n\u00e3o conseguem responder adequadamente a essa crise. A falta de um plano de a\u00e7\u00e3o eficaz para contratar e reter profissionais resulta em um ciclo vicioso, onde a urg\u00eancia por atendimentos se intensifica, mas a oferta permanece estagnada. Isso gera inseguran\u00e7a e frustra\u00e7\u00e3o entre os pacientes, que muitas vezes t\u00eam suas necessidades n\u00e3o atendidas.<\/p>\n<p>A governan\u00e7a das institui\u00e7\u00f5es de sa\u00fade precisa ser repensada. \u00c9 essencial que as comunidades se mobilizem para exigir mudan\u00e7as, promovendo um di\u00e1logo que envolva a sociedade civil e os gestores p\u00fablicos. Somente assim, poderemos criar um ambiente onde a sa\u00fade seja realmente priorizada e acess\u00edvel a todos.<\/p>\n<h2>Pol\u00edticas de sa\u00fade e recursos m\u00e9dicos: O que est\u00e1 sendo feito?<\/h2>\n<p>As pol\u00edticas de sa\u00fade t\u00eam buscado adaptar-se \u00e0s crescentes necessidades das comunidades, especialmente em tempos de urg\u00eancia e crises sanit\u00e1rias. Com a implementa\u00e7\u00e3o de planos de a\u00e7\u00e3o robustos, os governos est\u00e3o focando na melhoria do atendimento nos hospitais e na amplia\u00e7\u00e3o dos recursos m\u00e9dicos dispon\u00edveis.<\/p>\n<p>Investimentos em infraestrutura hospitalar e capacita\u00e7\u00e3o de profissionais s\u00e3o exemplos de como as pol\u00edticas de sa\u00fade est\u00e3o sendo reformuladas. Al\u00e9m disso, a governan\u00e7a est\u00e1 se tornando mais participativa, envolvendo a popula\u00e7\u00e3o nas decis\u00f5es que afetam a sa\u00fade p\u00fablica.<\/p>\n<p>Com isso, espera-se que a qualidade do atendimento melhore, refletindo diretamente na sa\u00fade da popula\u00e7\u00e3o. \u00c9 fundamental que as comunidades continuem a ser ouvidas, para que as necessidades sejam realmente atendidas e as pol\u00edticas se tornem eficazes e inclusivas.<\/p>\n<h2>Propostas para um plano de a\u00e7\u00e3o: Caminhos para a solu\u00e7\u00e3o<\/h2>\n<p>Para enfrentar os desafios da sa\u00fade nas comunidades, \u00e9 fundamental implementar um plano de a\u00e7\u00e3o robusto. Primeiramente, deve-se avaliar os <strong>recursos m\u00e9dicos<\/strong> dispon\u00edveis em hospitais e cl\u00ednicas. A an\u00e1lise de dados sobre a <strong>urg\u00eancia<\/strong> de atendimentos pode direcionar investimentos mais eficazes.<\/p>\n<p>Al\u00e9m disso, \u00e9 crucial desenvolver <strong>pol\u00edticas de sa\u00fade<\/strong> que priorizem a equidade no acesso. Isso envolve a capacita\u00e7\u00e3o de profissionais e a cria\u00e7\u00e3o de parcerias entre governos e organiza\u00e7\u00f5es locais, assegurando que as necessidades de cada comunidade sejam atendidas de maneira personalizada.<\/p>\n<p>Por fim, a <strong>governan\u00e7a<\/strong> no setor de sa\u00fade deve ser fortalecida, promovendo a transpar\u00eancia e a participa\u00e7\u00e3o da popula\u00e7\u00e3o nas decis\u00f5es. Somente assim poderemos garantir um sistema de sa\u00fade mais eficiente, que responda rapidamente \u00e0s demandas emergentes e contribua para o bem-estar coletivo.<\/p>\n<h2>Conclus\u00e3o: A import\u00e2ncia da governan\u00e7a na sa\u00fade p\u00fablica<\/h2>\n<p>A governan\u00e7a na sa\u00fade p\u00fablica \u00e9 essencial para assegurar que os <strong>recursos m\u00e9dicos<\/strong> sejam utilizados de forma eficaz e transparente. <strong>Pol\u00edticas de sa\u00fade<\/strong> bem estruturadas garantem que o <strong>atendimento<\/strong> em <strong>hospitais<\/strong> e centros de sa\u00fade atenda \u00e0s reais necessidades das <strong>comunidades<\/strong>.<\/p>\n<p>Em situa\u00e7\u00f5es de <strong>urg\u00eancia<\/strong>, um s\u00f3lido <strong>plano de a\u00e7\u00e3o<\/strong> permite uma resposta r\u00e1pida e coordenada, mitigando riscos e melhorando a qualidade do <strong>atendimento<\/strong>. A boa <strong>governan\u00e7a<\/strong> transforma a gest\u00e3o da sa\u00fade em uma prioridade, permitindo que as <strong>pol\u00edticas de sa\u00fade<\/strong> sejam adaptadas \u00e0s novas necessidades da popula\u00e7\u00e3o.<\/p>\n<p>Investir na governan\u00e7a \u00e9 vital; desta forma, a sa\u00fade p\u00fablica se torna n\u00e3o apenas uma responsabilidade governamental, mas um compromisso coletivo. Com isso, \u00e9 poss\u00edvel construir um sistema mais justo e acess\u00edvel para todos.<\/p>","protected":false},"excerpt":{"rendered":"<p>Introdu\u00e7\u00e3o: O cen\u00e1rio da sa\u00fade em Santar\u00e9m A sa\u00fade em Santar\u00e9m \u00e9 um tema de extrema relev\u00e2ncia, especialmente diante das crescentes demandas da popula\u00e7\u00e3o local. Com um sistema de atendimento que enfrenta desafios significativos, a cidade necessita de um plano de a\u00e7\u00e3o eficaz para melhorar os recursos m\u00e9dicos dispon\u00edveis. Atualmente, os hospitais da regi\u00e3o lidam [&hellip;]<\/p>\n","protected":false},"author":2,"featured_media":0,"comment_status":"closed","ping_status":"","sticky":false,"template":"","format":"standard","meta":{"_et_pb_use_builder":"","_et_pb_old_content":"","_et_gb_content_width":"","inline_featured_image":false,"footnotes":""},"categories":[15],"tags":[],"class_list":["post-19886","post","type-post","status-publish","format-standard","hentry","category-en"],"yoast_head":"<!-- This site is optimized with the Yoast SEO plugin v26.8 - https:\/\/yoast.com\/product\/yoast-seo-wordpress\/ -->\n<title>Falta de m\u00e9dicos no Hospital de Santar\u00e9m gera preocupa\u00e7\u00e3o entre pacientes - Yvie<\/title>\n<meta name=\"robots\" content=\"index, follow, max-snippet:-1, max-image-preview:large, max-video-preview:-1\" \/>\n<link rel=\"canonical\" href=\"https:\/\/yvie.com\/nl\/falta-de-medicos-no-hospital-de-santarem-gera-preocupacao-entre-pacientes\/\" \/>\n<meta property=\"og:locale\" content=\"nl_NL\" \/>\n<meta property=\"og:type\" content=\"article\" \/>\n<meta property=\"og:title\" content=\"Falta de m\u00e9dicos no Hospital de Santar\u00e9m gera preocupa\u00e7\u00e3o entre pacientes - Yvie\" \/>\n<meta property=\"og:description\" content=\"Introdu\u00e7\u00e3o: O cen\u00e1rio da sa\u00fade em Santar\u00e9m A sa\u00fade em Santar\u00e9m \u00e9 um tema de extrema relev\u00e2ncia, especialmente diante das crescentes demandas da popula\u00e7\u00e3o local. Com um sistema de atendimento que enfrenta desafios significativos, a cidade necessita de um plano de a\u00e7\u00e3o eficaz para melhorar os recursos m\u00e9dicos dispon\u00edveis. Atualmente, os hospitais da regi\u00e3o lidam [&hellip;]\" \/>\n<meta property=\"og:url\" content=\"https:\/\/yvie.com\/nl\/falta-de-medicos-no-hospital-de-santarem-gera-preocupacao-entre-pacientes\/\" \/>\n<meta property=\"og:site_name\" content=\"Yvie\" \/>\n<meta property=\"article:published_time\" content=\"2025-12-05T04:35:43+00:00\" \/>\n<meta property=\"article:modified_time\" content=\"2026-04-29T08:05:14+00:00\" \/>\n<meta name=\"author\" content=\"Elles de Bruin-Rook\" \/>\n<meta name=\"twitter:card\" content=\"summary_large_image\" \/>\n<meta name=\"twitter:label1\" content=\"Geschreven door\" \/>\n\t<meta name=\"twitter:data1\" content=\"Elles de Bruin-Rook\" \/>\n\t<meta name=\"twitter:label2\" content=\"Geschatte leestijd\" \/>\n\t<meta name=\"twitter:data2\" content=\"6 minuten\" \/>\n<script type=\"application\/ld+json\" class=\"yoast-schema-graph\">{\"@context\":\"https:\/\/schema.org\",\"@graph\":[{\"@type\":\"Article\",\"@id\":\"https:\/\/yvie.com\/falta-de-medicos-no-hospital-de-santarem-gera-preocupacao-entre-pacientes\/#article\",\"isPartOf\":{\"@id\":\"https:\/\/yvie.com\/falta-de-medicos-no-hospital-de-santarem-gera-preocupacao-entre-pacientes\/\"},\"author\":{\"name\":\"Elles de Bruin-Rook\",\"@id\":\"https:\/\/yvie.com\/#\/schema\/person\/adc35d434b1bd4fc9a1645968e48cfae\"},\"headline\":\"Falta de m\u00e9dicos no Hospital de Santar\u00e9m gera preocupa\u00e7\u00e3o entre pacientes\",\"datePublished\":\"2025-12-05T04:35:43+00:00\",\"dateModified\":\"2026-04-29T08:05:14+00:00\",\"mainEntityOfPage\":{\"@id\":\"https:\/\/yvie.com\/falta-de-medicos-no-hospital-de-santarem-gera-preocupacao-entre-pacientes\/\"},\"wordCount\":1126,\"articleSection\":[\"EN\"],\"inLanguage\":\"nl-NL\"},{\"@type\":\"WebPage\",\"@id\":\"https:\/\/yvie.com\/falta-de-medicos-no-hospital-de-santarem-gera-preocupacao-entre-pacientes\/\",\"url\":\"https:\/\/yvie.com\/falta-de-medicos-no-hospital-de-santarem-gera-preocupacao-entre-pacientes\/\",\"name\":\"Falta de m\u00e9dicos no Hospital de Santar\u00e9m gera preocupa\u00e7\u00e3o entre pacientes - Yvie\",\"isPartOf\":{\"@id\":\"https:\/\/yvie.com\/#website\"},\"datePublished\":\"2025-12-05T04:35:43+00:00\",\"dateModified\":\"2026-04-29T08:05:14+00:00\",\"author\":{\"@id\":\"https:\/\/yvie.com\/#\/schema\/person\/adc35d434b1bd4fc9a1645968e48cfae\"},\"breadcrumb\":{\"@id\":\"https:\/\/yvie.com\/falta-de-medicos-no-hospital-de-santarem-gera-preocupacao-entre-pacientes\/#breadcrumb\"},\"inLanguage\":\"nl-NL\",\"potentialAction\":[{\"@type\":\"ReadAction\",\"target\":[\"https:\/\/yvie.com\/falta-de-medicos-no-hospital-de-santarem-gera-preocupacao-entre-pacientes\/\"]}]},{\"@type\":\"BreadcrumbList\",\"@id\":\"https:\/\/yvie.com\/falta-de-medicos-no-hospital-de-santarem-gera-preocupacao-entre-pacientes\/#breadcrumb\",\"itemListElement\":[{\"@type\":\"ListItem\",\"position\":1,\"name\":\"Home\",\"item\":\"https:\/\/yvie.com\/\"},{\"@type\":\"ListItem\",\"position\":2,\"name\":\"Falta de m\u00e9dicos no Hospital de Santar\u00e9m gera preocupa\u00e7\u00e3o entre pacientes\"}]},{\"@type\":\"WebSite\",\"@id\":\"https:\/\/yvie.com\/#website\",\"url\":\"https:\/\/yvie.com\/\",\"name\":\"Yvie\",\"description\":\"\",\"potentialAction\":[{\"@type\":\"SearchAction\",\"target\":{\"@type\":\"EntryPoint\",\"urlTemplate\":\"https:\/\/yvie.com\/?s={search_term_string}\"},\"query-input\":{\"@type\":\"PropertyValueSpecification\",\"valueRequired\":true,\"valueName\":\"search_term_string\"}}],\"inLanguage\":\"nl-NL\"},{\"@type\":\"Person\",\"@id\":\"https:\/\/yvie.com\/#\/schema\/person\/adc35d434b1bd4fc9a1645968e48cfae\",\"name\":\"Elles de Bruin-Rook\",\"url\":\"https:\/\/yvie.com\/nl\/author\/elles\/\"}]}<\/script>\n<!-- \/ Yoast SEO plugin. -->","yoast_head_json":{"title":"Falta de m\u00e9dicos no Hospital de Santar\u00e9m gera preocupa\u00e7\u00e3o entre pacientes - Yvie","robots":{"index":"index","follow":"follow","max-snippet":"max-snippet:-1","max-image-preview":"max-image-preview:large","max-video-preview":"max-video-preview:-1"},"canonical":"https:\/\/yvie.com\/nl\/falta-de-medicos-no-hospital-de-santarem-gera-preocupacao-entre-pacientes\/","og_locale":"nl_NL","og_type":"article","og_title":"Falta de m\u00e9dicos no Hospital de Santar\u00e9m gera preocupa\u00e7\u00e3o entre pacientes - Yvie","og_description":"Introdu\u00e7\u00e3o: O cen\u00e1rio da sa\u00fade em Santar\u00e9m A sa\u00fade em Santar\u00e9m \u00e9 um tema de extrema relev\u00e2ncia, especialmente diante das crescentes demandas da popula\u00e7\u00e3o local. Com um sistema de atendimento que enfrenta desafios significativos, a cidade necessita de um plano de a\u00e7\u00e3o eficaz para melhorar os recursos m\u00e9dicos dispon\u00edveis. Atualmente, os hospitais da regi\u00e3o lidam [&hellip;]","og_url":"https:\/\/yvie.com\/nl\/falta-de-medicos-no-hospital-de-santarem-gera-preocupacao-entre-pacientes\/","og_site_name":"Yvie","article_published_time":"2025-12-05T04:35:43+00:00","article_modified_time":"2026-04-29T08:05:14+00:00","author":"Elles de Bruin-Rook","twitter_card":"summary_large_image","twitter_misc":{"Geschreven door":"Elles de Bruin-Rook","Geschatte leestijd":"6 minuten"},"schema":{"@context":"https:\/\/schema.org","@graph":[{"@type":"Article","@id":"https:\/\/yvie.com\/falta-de-medicos-no-hospital-de-santarem-gera-preocupacao-entre-pacientes\/#article","isPartOf":{"@id":"https:\/\/yvie.com\/falta-de-medicos-no-hospital-de-santarem-gera-preocupacao-entre-pacientes\/"},"author":{"name":"Elles de Bruin-Rook","@id":"https:\/\/yvie.com\/#\/schema\/person\/adc35d434b1bd4fc9a1645968e48cfae"},"headline":"Falta de m\u00e9dicos no Hospital de Santar\u00e9m gera preocupa\u00e7\u00e3o entre pacientes","datePublished":"2025-12-05T04:35:43+00:00","dateModified":"2026-04-29T08:05:14+00:00","mainEntityOfPage":{"@id":"https:\/\/yvie.com\/falta-de-medicos-no-hospital-de-santarem-gera-preocupacao-entre-pacientes\/"},"wordCount":1126,"articleSection":["EN"],"inLanguage":"nl-NL"},{"@type":"WebPage","@id":"https:\/\/yvie.com\/falta-de-medicos-no-hospital-de-santarem-gera-preocupacao-entre-pacientes\/","url":"https:\/\/yvie.com\/falta-de-medicos-no-hospital-de-santarem-gera-preocupacao-entre-pacientes\/","name":"Falta de m\u00e9dicos no Hospital de Santar\u00e9m gera preocupa\u00e7\u00e3o entre pacientes - Yvie","isPartOf":{"@id":"https:\/\/yvie.com\/#website"},"datePublished":"2025-12-05T04:35:43+00:00","dateModified":"2026-04-29T08:05:14+00:00","author":{"@id":"https:\/\/yvie.com\/#\/schema\/person\/adc35d434b1bd4fc9a1645968e48cfae"},"breadcrumb":{"@id":"https:\/\/yvie.com\/falta-de-medicos-no-hospital-de-santarem-gera-preocupacao-entre-pacientes\/#breadcrumb"},"inLanguage":"nl-NL","potentialAction":[{"@type":"ReadAction","target":["https:\/\/yvie.com\/falta-de-medicos-no-hospital-de-santarem-gera-preocupacao-entre-pacientes\/"]}]},{"@type":"BreadcrumbList","@id":"https:\/\/yvie.com\/falta-de-medicos-no-hospital-de-santarem-gera-preocupacao-entre-pacientes\/#breadcrumb","itemListElement":[{"@type":"ListItem","position":1,"name":"Home","item":"https:\/\/yvie.com\/"},{"@type":"ListItem","position":2,"name":"Falta de m\u00e9dicos no Hospital de Santar\u00e9m gera preocupa\u00e7\u00e3o entre pacientes"}]},{"@type":"WebSite","@id":"https:\/\/yvie.com\/#website","url":"https:\/\/yvie.com\/","name":"Yvie","description":"","potentialAction":[{"@type":"SearchAction","target":{"@type":"EntryPoint","urlTemplate":"https:\/\/yvie.com\/?s={search_term_string}"},"query-input":{"@type":"PropertyValueSpecification","valueRequired":true,"valueName":"search_term_string"}}],"inLanguage":"nl-NL"},{"@type":"Person","@id":"https:\/\/yvie.com\/#\/schema\/person\/adc35d434b1bd4fc9a1645968e48cfae","name":"Elles de Bruin-Rook","url":"https:\/\/yvie.com\/nl\/author\/elles\/"}]}},"_links":{"self":[{"href":"https:\/\/yvie.com\/nl\/wp-json\/wp\/v2\/posts\/19886","targetHints":{"allow":["GET"]}}],"collection":[{"href":"https:\/\/yvie.com\/nl\/wp-json\/wp\/v2\/posts"}],"about":[{"href":"https:\/\/yvie.com\/nl\/wp-json\/wp\/v2\/types\/post"}],"author":[{"embeddable":true,"href":"https:\/\/yvie.com\/nl\/wp-json\/wp\/v2\/users\/2"}],"replies":[{"embeddable":true,"href":"https:\/\/yvie.com\/nl\/wp-json\/wp\/v2\/comments?post=19886"}],"version-history":[{"count":1,"href":"https:\/\/yvie.com\/nl\/wp-json\/wp\/v2\/posts\/19886\/revisions"}],"predecessor-version":[{"id":19887,"href":"https:\/\/yvie.com\/nl\/wp-json\/wp\/v2\/posts\/19886\/revisions\/19887"}],"wp:attachment":[{"href":"https:\/\/yvie.com\/nl\/wp-json\/wp\/v2\/media?parent=19886"}],"wp:term":[{"taxonomy":"category","embeddable":true,"href":"https:\/\/yvie.com\/nl\/wp-json\/wp\/v2\/categories?post=19886"},{"taxonomy":"post_tag","embeddable":true,"href":"https:\/\/yvie.com\/nl\/wp-json\/wp\/v2\/tags?post=19886"}],"curies":[{"name":"wp","href":"https:\/\/api.w.org\/{rel}","templated":true}]}}