{"id":19898,"date":"2025-12-03T21:13:19","date_gmt":"2025-12-03T21:13:19","guid":{"rendered":"https:\/\/yvie.com\/?p=19898"},"modified":"2026-04-29T08:09:41","modified_gmt":"2026-04-29T08:09:41","slug":"mudancas-climaticas-e-sua-influencia-na-ocorrencia-de-sismos","status":"publish","type":"post","link":"https:\/\/yvie.com\/nl\/mudancas-climaticas-e-sua-influencia-na-ocorrencia-de-sismos\/","title":{"rendered":"Mudan\u00e7as Clim\u00e1ticas e Sua Influ\u00eancia na Ocorr\u00eancia de Sismos"},"content":{"rendered":"<h2>Introdu\u00e7\u00e3o \u00e0s Mudan\u00e7as Clim\u00e1ticas e Sismos<\/h2>\n<p>O estudo de fen\u00f4menos naturais, como as mudan\u00e7as clim\u00e1ticas e os sismos, \u00e9 essencial para entender os riscos que enfrentamos atualmente. Com o aquecimento global, estamos vendo altera\u00e7\u00f5es dr\u00e1sticas no clima, que impactam diretamente a sa\u00fade p\u00fablica e a seguran\u00e7a ambiental. Esses fen\u00f4menos exigem uma conscientiza\u00e7\u00e3o ambiental crescente e uma resposta coordenada da sociedade.<\/p>\n<p>Por exemplo, a intensifica\u00e7\u00e3o de eventos clim\u00e1ticos extremos, como furac\u00f5es e inunda\u00e7\u00f5es, pode ser atribu\u00edda ao aumento das temperaturas globais. Isso n\u00e3o s\u00f3 afeta o planejamento urbano, mas tamb\u00e9m exige estrat\u00e9gias de adapta\u00e7\u00e3o para mitigar os riscos associados. A pesquisa cient\u00edfica nesse campo \u00e9 fundamental para desenvolver solu\u00e7\u00f5es eficazes e pr\u00e1ticas que ajudem comunidades vulner\u00e1veis.<\/p>\n<p>Al\u00e9m disso, a interconex\u00e3o entre mudan\u00e7as clim\u00e1ticas e sismos n\u00e3o deve ser ignorada. Embora os sismos sejam fen\u00f4menos geol\u00f3gicos, as mudan\u00e7as clim\u00e1ticas podem influenciar a frequ\u00eancia e a intensidade de atividades tect\u00f4nicas em algumas regi\u00f5es. Portanto, a <a href=\"https:\/\/aterratremept.com\/\">https:\/\/aterratremept.com\/<\/a> e o desenvolvimento de pol\u00edticas p\u00fablicas eficazes s\u00e3o cruciais para preparar as popula\u00e7\u00f5es para esses desafios.<\/p>\n<p>Em resumo, a adapta\u00e7\u00e3o \u00e0s mudan\u00e7as clim\u00e1ticas e a mitiga\u00e7\u00e3o de seus efeitos devem ser prioridades em nossa agenda global. A combina\u00e7\u00e3o de esfor\u00e7os em pesquisa, planejamento urbano e conscientiza\u00e7\u00e3o pode fazer a diferen\u00e7a na prote\u00e7\u00e3o das comunidades e na preserva\u00e7\u00e3o do meio ambiente.<\/p>\n<h2>A Rela\u00e7\u00e3o entre Mudan\u00e7as Clim\u00e1ticas e Atividade S\u00edsmica<\/h2>\n<p>Nos \u00faltimos anos, a interconex\u00e3o entre mudan\u00e7as clim\u00e1ticas e atividade s\u00edsmica tem sido um tema crescente nos estudos de fen\u00f4menos naturais. Embora as causas prim\u00e1rias dos terremotos sejam geralmente tect\u00f4nicas, algumas pesquisas cient\u00edficas sugerem que a altera\u00e7\u00e3o do clima pode influenciar a frequ\u00eancia e a intensidade de atividades s\u00edsmicas. Por exemplo, o derretimento das geleiras e o aumento do n\u00edvel do mar podem alterar a press\u00e3o nas placas tect\u00f4nicas, desencadeando tremores.<\/p>\n<p>Essa rela\u00e7\u00e3o destaca a import\u00e2ncia da conscientiza\u00e7\u00e3o ambiental e da mitiga\u00e7\u00e3o de riscos. \u00c0 medida que as cidades se adaptam \u00e0s mudan\u00e7as, o planejamento urbano deve incorporar estrat\u00e9gias de adapta\u00e7\u00e3o que considerem n\u00e3o apenas os impactos clim\u00e1ticos diretos, mas tamb\u00e9m suas consequ\u00eancias indiretas na seguran\u00e7a ambiental e na sa\u00fade p\u00fablica.<\/p>\n<p>Investir em educa\u00e7\u00e3o ambiental \u00e9 crucial para preparar as comunidades. Compreender os riscos associados a desastres naturais e suas conex\u00f5es com as mudan\u00e7as clim\u00e1ticas pode aumentar a resili\u00eancia das popula\u00e7\u00f5es. Assim, a integra\u00e7\u00e3o de informa\u00e7\u00f5es sobre atividade s\u00edsmica nas pr\u00e1ticas de gest\u00e3o ambiental e no desenvolvimento urbano torna-se uma necessidade urgente.<\/p>\n<h2>Impactos das Mudan\u00e7as Clim\u00e1ticas na Sa\u00fade P\u00fablica e Seguran\u00e7a Ambiental<\/h2>\n<p>As mudan\u00e7as clim\u00e1ticas t\u00eam gerado impactos significativos na sa\u00fade p\u00fablica e na seguran\u00e7a ambiental, temas que requerem aten\u00e7\u00e3o urgente. Estudos de fen\u00f4menos naturais indicam que eventos extremos, como tempestades e ondas de calor, est\u00e3o se tornando mais frequentes, resultando em aumento de doen\u00e7as respirat\u00f3rias e cardiovasculares. A conscientiza\u00e7\u00e3o ambiental \u00e9 crucial para que a popula\u00e7\u00e3o entenda a import\u00e2ncia de estrat\u00e9gias de adapta\u00e7\u00e3o e mitiga\u00e7\u00e3o de riscos.<\/p>\n<p>Al\u00e9m disso, a interconex\u00e3o entre sa\u00fade p\u00fablica e planejamento urbano \u00e9 evidente. Cidades mal planejadas, por exemplo, podem agravar a polui\u00e7\u00e3o do ar, afetando diretamente a sa\u00fade da popula\u00e7\u00e3o. A pesquisa cient\u00edfica desempenha um papel vital na identifica\u00e7\u00e3o de problemas emergentes, oferecendo solu\u00e7\u00f5es para que as comunidades se adaptem \u00e0s mudan\u00e7as clim\u00e1ticas.<\/p>\n<p>A educa\u00e7\u00e3o ambiental deve ser uma prioridade, pois capacita os cidad\u00e3os a adotarem pr\u00e1ticas sustent\u00e1veis e a exigirem a\u00e7\u00f5es governamentais. A implementa\u00e7\u00e3o de estrat\u00e9gias de adapta\u00e7\u00e3o \u00e9 essencial para proteger a sa\u00fade p\u00fablica e garantir a seguran\u00e7a ambiental, criando um futuro mais resiliente para todos.<\/p>\n<h2>Estrat\u00e9gias de Adapta\u00e7\u00e3o e Mitiga\u00e7\u00e3o de Riscos em Planejamento Urbano<\/h2>\n<p>No contexto do planejamento urbano, a <strong>mitiga\u00e7\u00e3o de riscos<\/strong> \u00e9 essencial para garantir a seguran\u00e7a ambiental e a sa\u00fade p\u00fablica. A compreens\u00e3o e o <strong>estudo de fen\u00f4menos naturais<\/strong> permitem que as cidades desenvolvam estrat\u00e9gias eficazes de <strong>adapta\u00e7\u00e3o \u00e0s mudan\u00e7as<\/strong>, como a constru\u00e7\u00e3o de infraestruturas resilientes e a implementa\u00e7\u00e3o de zonas verdes que ajudam no controle das enchentes.<\/p>\n<p>A <strong>conscientiza\u00e7\u00e3o ambiental<\/strong> desempenha um papel crucial nesse processo. Campanhas de <strong>educa\u00e7\u00e3o ambiental<\/strong> podem mobilizar a comunidade a participar ativamente na prote\u00e7\u00e3o do meio ambiente e na promo\u00e7\u00e3o de pr\u00e1ticas sustent\u00e1veis.<\/p>\n<p>Al\u00e9m disso, a <strong>pesquisa cient\u00edfica<\/strong> \u00e9 fundamental para desenvolver novas <strong>estrat\u00e9gias de adapta\u00e7\u00e3o<\/strong>. Estudos que analisam os impactos das mudan\u00e7as clim\u00e1ticas nas \u00e1reas urbanas ajudam a antecipar desafios e a formular pol\u00edticas p\u00fablicas mais eficazes.<\/p>\n<p>Por fim, as cidades devem integrar essas abordagens de forma hol\u00edstica, garantindo que o <strong>planejamento urbano<\/strong> n\u00e3o apenas minimize riscos, mas tamb\u00e9m promova um ambiente saud\u00e1vel e seguro para todos os cidad\u00e3os.<\/p>\n<h2>A Import\u00e2ncia da Educa\u00e7\u00e3o Ambiental e Conscientiza\u00e7\u00e3o para a Pesquisa Cient\u00edfica<\/h2>\n<p>A educa\u00e7\u00e3o ambiental \u00e9 fundamental para a pesquisa cient\u00edfica, pois promove a <strong>conscientiza\u00e7\u00e3o ambiental<\/strong> necess\u00e1ria para o entendimento dos <strong>fen\u00f4menos naturais<\/strong>. Essa conscientiza\u00e7\u00e3o ajuda na <strong>mitiga\u00e7\u00e3o de riscos<\/strong>, especialmente em contextos de <strong>planejamento urbano<\/strong> e <strong>adapta\u00e7\u00e3o \u00e0s mudan\u00e7as<\/strong> clim\u00e1ticas.<\/p>\n<p>Com uma popula\u00e7\u00e3o mais informada, as estrat\u00e9gias de adapta\u00e7\u00e3o se tornam mais eficazes, resultando em melhorias significativas na <strong>sa\u00fade p\u00fablica<\/strong> e na <strong>seguran\u00e7a ambiental<\/strong>. Por exemplo, programas educativos que abordam a import\u00e2ncia da preserva\u00e7\u00e3o ambiental podem levar a uma maior participa\u00e7\u00e3o da comunidade na pesquisa cient\u00edfica.<\/p>\n<p>Al\u00e9m disso, a integra\u00e7\u00e3o da educa\u00e7\u00e3o ambiental nos curr\u00edculos escolares e nas pol\u00edticas p\u00fablicas fomenta uma cultura de sustentabilidade, essencial para o avan\u00e7o da ci\u00eancia. Quando indiv\u00edduos compreendem o impacto de suas a\u00e7\u00f5es, eles se tornam aliados na coleta de dados e na implementa\u00e7\u00e3o de solu\u00e7\u00f5es.<\/p>","protected":false},"excerpt":{"rendered":"<p>Introdu\u00e7\u00e3o \u00e0s Mudan\u00e7as Clim\u00e1ticas e Sismos O estudo de fen\u00f4menos naturais, como as mudan\u00e7as clim\u00e1ticas e os sismos, \u00e9 essencial para entender os riscos que enfrentamos atualmente. Com o aquecimento global, estamos vendo altera\u00e7\u00f5es dr\u00e1sticas no clima, que impactam diretamente a sa\u00fade p\u00fablica e a seguran\u00e7a ambiental. Esses fen\u00f4menos exigem uma conscientiza\u00e7\u00e3o ambiental crescente e [&hellip;]<\/p>\n","protected":false},"author":2,"featured_media":0,"comment_status":"closed","ping_status":"","sticky":false,"template":"","format":"standard","meta":{"_et_pb_use_builder":"","_et_pb_old_content":"","_et_gb_content_width":"","inline_featured_image":false,"footnotes":""},"categories":[15],"tags":[],"class_list":["post-19898","post","type-post","status-publish","format-standard","hentry","category-en"],"yoast_head":"<!-- This site is optimized with the Yoast SEO plugin v26.8 - https:\/\/yoast.com\/product\/yoast-seo-wordpress\/ -->\n<title>Mudan\u00e7as Clim\u00e1ticas e Sua Influ\u00eancia na Ocorr\u00eancia de Sismos - Yvie<\/title>\n<meta name=\"robots\" content=\"index, follow, max-snippet:-1, max-image-preview:large, max-video-preview:-1\" \/>\n<link rel=\"canonical\" href=\"https:\/\/yvie.com\/nl\/mudancas-climaticas-e-sua-influencia-na-ocorrencia-de-sismos\/\" \/>\n<meta property=\"og:locale\" content=\"nl_NL\" \/>\n<meta property=\"og:type\" content=\"article\" \/>\n<meta property=\"og:title\" content=\"Mudan\u00e7as Clim\u00e1ticas e Sua Influ\u00eancia na Ocorr\u00eancia de Sismos - Yvie\" \/>\n<meta property=\"og:description\" content=\"Introdu\u00e7\u00e3o \u00e0s Mudan\u00e7as Clim\u00e1ticas e Sismos O estudo de fen\u00f4menos naturais, como as mudan\u00e7as clim\u00e1ticas e os sismos, \u00e9 essencial para entender os riscos que enfrentamos atualmente. Com o aquecimento global, estamos vendo altera\u00e7\u00f5es dr\u00e1sticas no clima, que impactam diretamente a sa\u00fade p\u00fablica e a seguran\u00e7a ambiental. Esses fen\u00f4menos exigem uma conscientiza\u00e7\u00e3o ambiental crescente e [&hellip;]\" \/>\n<meta property=\"og:url\" content=\"https:\/\/yvie.com\/nl\/mudancas-climaticas-e-sua-influencia-na-ocorrencia-de-sismos\/\" \/>\n<meta property=\"og:site_name\" content=\"Yvie\" \/>\n<meta property=\"article:published_time\" content=\"2025-12-03T21:13:19+00:00\" \/>\n<meta property=\"article:modified_time\" content=\"2026-04-29T08:09:41+00:00\" \/>\n<meta name=\"author\" content=\"Elles de Bruin-Rook\" \/>\n<meta name=\"twitter:card\" content=\"summary_large_image\" \/>\n<meta name=\"twitter:label1\" content=\"Geschreven door\" \/>\n\t<meta name=\"twitter:data1\" content=\"Elles de Bruin-Rook\" \/>\n\t<meta name=\"twitter:label2\" content=\"Geschatte leestijd\" \/>\n\t<meta name=\"twitter:data2\" content=\"5 minuten\" \/>\n<script type=\"application\/ld+json\" class=\"yoast-schema-graph\">{\"@context\":\"https:\/\/schema.org\",\"@graph\":[{\"@type\":\"Article\",\"@id\":\"https:\/\/yvie.com\/mudancas-climaticas-e-sua-influencia-na-ocorrencia-de-sismos\/#article\",\"isPartOf\":{\"@id\":\"https:\/\/yvie.com\/mudancas-climaticas-e-sua-influencia-na-ocorrencia-de-sismos\/\"},\"author\":{\"name\":\"Elles de Bruin-Rook\",\"@id\":\"https:\/\/yvie.com\/#\/schema\/person\/adc35d434b1bd4fc9a1645968e48cfae\"},\"headline\":\"Mudan\u00e7as Clim\u00e1ticas e Sua Influ\u00eancia na Ocorr\u00eancia de Sismos\",\"datePublished\":\"2025-12-03T21:13:19+00:00\",\"dateModified\":\"2026-04-29T08:09:41+00:00\",\"mainEntityOfPage\":{\"@id\":\"https:\/\/yvie.com\/mudancas-climaticas-e-sua-influencia-na-ocorrencia-de-sismos\/\"},\"wordCount\":1087,\"articleSection\":[\"EN\"],\"inLanguage\":\"nl-NL\"},{\"@type\":\"WebPage\",\"@id\":\"https:\/\/yvie.com\/mudancas-climaticas-e-sua-influencia-na-ocorrencia-de-sismos\/\",\"url\":\"https:\/\/yvie.com\/mudancas-climaticas-e-sua-influencia-na-ocorrencia-de-sismos\/\",\"name\":\"Mudan\u00e7as Clim\u00e1ticas e Sua Influ\u00eancia na Ocorr\u00eancia de Sismos - Yvie\",\"isPartOf\":{\"@id\":\"https:\/\/yvie.com\/#website\"},\"datePublished\":\"2025-12-03T21:13:19+00:00\",\"dateModified\":\"2026-04-29T08:09:41+00:00\",\"author\":{\"@id\":\"https:\/\/yvie.com\/#\/schema\/person\/adc35d434b1bd4fc9a1645968e48cfae\"},\"breadcrumb\":{\"@id\":\"https:\/\/yvie.com\/mudancas-climaticas-e-sua-influencia-na-ocorrencia-de-sismos\/#breadcrumb\"},\"inLanguage\":\"nl-NL\",\"potentialAction\":[{\"@type\":\"ReadAction\",\"target\":[\"https:\/\/yvie.com\/mudancas-climaticas-e-sua-influencia-na-ocorrencia-de-sismos\/\"]}]},{\"@type\":\"BreadcrumbList\",\"@id\":\"https:\/\/yvie.com\/mudancas-climaticas-e-sua-influencia-na-ocorrencia-de-sismos\/#breadcrumb\",\"itemListElement\":[{\"@type\":\"ListItem\",\"position\":1,\"name\":\"Home\",\"item\":\"https:\/\/yvie.com\/\"},{\"@type\":\"ListItem\",\"position\":2,\"name\":\"Mudan\u00e7as Clim\u00e1ticas e Sua Influ\u00eancia na Ocorr\u00eancia de Sismos\"}]},{\"@type\":\"WebSite\",\"@id\":\"https:\/\/yvie.com\/#website\",\"url\":\"https:\/\/yvie.com\/\",\"name\":\"Yvie\",\"description\":\"\",\"potentialAction\":[{\"@type\":\"SearchAction\",\"target\":{\"@type\":\"EntryPoint\",\"urlTemplate\":\"https:\/\/yvie.com\/?s={search_term_string}\"},\"query-input\":{\"@type\":\"PropertyValueSpecification\",\"valueRequired\":true,\"valueName\":\"search_term_string\"}}],\"inLanguage\":\"nl-NL\"},{\"@type\":\"Person\",\"@id\":\"https:\/\/yvie.com\/#\/schema\/person\/adc35d434b1bd4fc9a1645968e48cfae\",\"name\":\"Elles de Bruin-Rook\",\"url\":\"https:\/\/yvie.com\/nl\/author\/elles\/\"}]}<\/script>\n<!-- \/ Yoast SEO plugin. -->","yoast_head_json":{"title":"Mudan\u00e7as Clim\u00e1ticas e Sua Influ\u00eancia na Ocorr\u00eancia de Sismos - Yvie","robots":{"index":"index","follow":"follow","max-snippet":"max-snippet:-1","max-image-preview":"max-image-preview:large","max-video-preview":"max-video-preview:-1"},"canonical":"https:\/\/yvie.com\/nl\/mudancas-climaticas-e-sua-influencia-na-ocorrencia-de-sismos\/","og_locale":"nl_NL","og_type":"article","og_title":"Mudan\u00e7as Clim\u00e1ticas e Sua Influ\u00eancia na Ocorr\u00eancia de Sismos - Yvie","og_description":"Introdu\u00e7\u00e3o \u00e0s Mudan\u00e7as Clim\u00e1ticas e Sismos O estudo de fen\u00f4menos naturais, como as mudan\u00e7as clim\u00e1ticas e os sismos, \u00e9 essencial para entender os riscos que enfrentamos atualmente. Com o aquecimento global, estamos vendo altera\u00e7\u00f5es dr\u00e1sticas no clima, que impactam diretamente a sa\u00fade p\u00fablica e a seguran\u00e7a ambiental. Esses fen\u00f4menos exigem uma conscientiza\u00e7\u00e3o ambiental crescente e [&hellip;]","og_url":"https:\/\/yvie.com\/nl\/mudancas-climaticas-e-sua-influencia-na-ocorrencia-de-sismos\/","og_site_name":"Yvie","article_published_time":"2025-12-03T21:13:19+00:00","article_modified_time":"2026-04-29T08:09:41+00:00","author":"Elles de Bruin-Rook","twitter_card":"summary_large_image","twitter_misc":{"Geschreven door":"Elles de Bruin-Rook","Geschatte leestijd":"5 minuten"},"schema":{"@context":"https:\/\/schema.org","@graph":[{"@type":"Article","@id":"https:\/\/yvie.com\/mudancas-climaticas-e-sua-influencia-na-ocorrencia-de-sismos\/#article","isPartOf":{"@id":"https:\/\/yvie.com\/mudancas-climaticas-e-sua-influencia-na-ocorrencia-de-sismos\/"},"author":{"name":"Elles de Bruin-Rook","@id":"https:\/\/yvie.com\/#\/schema\/person\/adc35d434b1bd4fc9a1645968e48cfae"},"headline":"Mudan\u00e7as Clim\u00e1ticas e Sua Influ\u00eancia na Ocorr\u00eancia de Sismos","datePublished":"2025-12-03T21:13:19+00:00","dateModified":"2026-04-29T08:09:41+00:00","mainEntityOfPage":{"@id":"https:\/\/yvie.com\/mudancas-climaticas-e-sua-influencia-na-ocorrencia-de-sismos\/"},"wordCount":1087,"articleSection":["EN"],"inLanguage":"nl-NL"},{"@type":"WebPage","@id":"https:\/\/yvie.com\/mudancas-climaticas-e-sua-influencia-na-ocorrencia-de-sismos\/","url":"https:\/\/yvie.com\/mudancas-climaticas-e-sua-influencia-na-ocorrencia-de-sismos\/","name":"Mudan\u00e7as Clim\u00e1ticas e Sua Influ\u00eancia na Ocorr\u00eancia de Sismos - Yvie","isPartOf":{"@id":"https:\/\/yvie.com\/#website"},"datePublished":"2025-12-03T21:13:19+00:00","dateModified":"2026-04-29T08:09:41+00:00","author":{"@id":"https:\/\/yvie.com\/#\/schema\/person\/adc35d434b1bd4fc9a1645968e48cfae"},"breadcrumb":{"@id":"https:\/\/yvie.com\/mudancas-climaticas-e-sua-influencia-na-ocorrencia-de-sismos\/#breadcrumb"},"inLanguage":"nl-NL","potentialAction":[{"@type":"ReadAction","target":["https:\/\/yvie.com\/mudancas-climaticas-e-sua-influencia-na-ocorrencia-de-sismos\/"]}]},{"@type":"BreadcrumbList","@id":"https:\/\/yvie.com\/mudancas-climaticas-e-sua-influencia-na-ocorrencia-de-sismos\/#breadcrumb","itemListElement":[{"@type":"ListItem","position":1,"name":"Home","item":"https:\/\/yvie.com\/"},{"@type":"ListItem","position":2,"name":"Mudan\u00e7as Clim\u00e1ticas e Sua Influ\u00eancia na Ocorr\u00eancia de Sismos"}]},{"@type":"WebSite","@id":"https:\/\/yvie.com\/#website","url":"https:\/\/yvie.com\/","name":"Yvie","description":"","potentialAction":[{"@type":"SearchAction","target":{"@type":"EntryPoint","urlTemplate":"https:\/\/yvie.com\/?s={search_term_string}"},"query-input":{"@type":"PropertyValueSpecification","valueRequired":true,"valueName":"search_term_string"}}],"inLanguage":"nl-NL"},{"@type":"Person","@id":"https:\/\/yvie.com\/#\/schema\/person\/adc35d434b1bd4fc9a1645968e48cfae","name":"Elles de Bruin-Rook","url":"https:\/\/yvie.com\/nl\/author\/elles\/"}]}},"_links":{"self":[{"href":"https:\/\/yvie.com\/nl\/wp-json\/wp\/v2\/posts\/19898","targetHints":{"allow":["GET"]}}],"collection":[{"href":"https:\/\/yvie.com\/nl\/wp-json\/wp\/v2\/posts"}],"about":[{"href":"https:\/\/yvie.com\/nl\/wp-json\/wp\/v2\/types\/post"}],"author":[{"embeddable":true,"href":"https:\/\/yvie.com\/nl\/wp-json\/wp\/v2\/users\/2"}],"replies":[{"embeddable":true,"href":"https:\/\/yvie.com\/nl\/wp-json\/wp\/v2\/comments?post=19898"}],"version-history":[{"count":1,"href":"https:\/\/yvie.com\/nl\/wp-json\/wp\/v2\/posts\/19898\/revisions"}],"predecessor-version":[{"id":19899,"href":"https:\/\/yvie.com\/nl\/wp-json\/wp\/v2\/posts\/19898\/revisions\/19899"}],"wp:attachment":[{"href":"https:\/\/yvie.com\/nl\/wp-json\/wp\/v2\/media?parent=19898"}],"wp:term":[{"taxonomy":"category","embeddable":true,"href":"https:\/\/yvie.com\/nl\/wp-json\/wp\/v2\/categories?post=19898"},{"taxonomy":"post_tag","embeddable":true,"href":"https:\/\/yvie.com\/nl\/wp-json\/wp\/v2\/tags?post=19898"}],"curies":[{"name":"wp","href":"https:\/\/api.w.org\/{rel}","templated":true}]}}