{"id":19998,"date":"2025-10-20T05:17:35","date_gmt":"2025-10-20T05:17:35","guid":{"rendered":"https:\/\/yvie.com\/?p=19998"},"modified":"2026-04-29T08:43:34","modified_gmt":"2026-04-29T08:43:34","slug":"programas-de-inclusion-laboral-para-personas-con-discapacidad","status":"publish","type":"post","link":"https:\/\/yvie.com\/nl\/programas-de-inclusion-laboral-para-personas-con-discapacidad\/","title":{"rendered":"Programas de inclusi\u00f3n laboral para personas con discapacidad"},"content":{"rendered":"<h2>Introducci\u00f3n a los programas de inclusi\u00f3n laboral para personas con discapacidad<\/h2>\n<p>La inclusi\u00f3n laboral de personas con discapacidad es un aspecto vital en la construcci\u00f3n de sociedades inclusivas y justas. En este contexto, las <strong>pol\u00edticas p\u00fablicas<\/strong> juegan un papel crucial, promoviendo el <strong>empleo inclusivo<\/strong> y la <strong>accesibilidad<\/strong> en el mercado laboral. Los programas de inclusi\u00f3n laboral est\u00e1n dise\u00f1ados para derribar barreras, brindando oportunidades de empleo a quienes enfrentan desaf\u00edos debido a su discapacidad.<\/p>\n<p>Ejemplos de estas iniciativas son las <strong>contrataciones sociales<\/strong>, que impulsan a las empresas a contratar a personas con discapacidad mediante beneficios como <strong>incentivos fiscales<\/strong>. Adicionalmente, los <strong>programas municipales<\/strong> se enfocan en garantizar que las comunidades brinden apoyo a esta poblaci\u00f3n, facilitando su integraci\u00f3n.<\/p>\n<p>Es esencial tambi\u00e9n considerar los <strong>derechos laborales<\/strong> de las personas con discapacidad, asegurando su trato equitativo y la protecci\u00f3n de sus derechos en el \u00e1mbito laboral. La <strong>integraci\u00f3n laboral<\/strong> no solo beneficia a los individuos, sino que tambi\u00e9n enriquece a las empresas, promoviendo una <strong>responsabilidad social<\/strong> que repercute en toda la sociedad y refuerza la <a href=\"https:\/\/guiadises.com\/\">https:\/\/guiadises.com\/<\/a> como base de un empleo inclusivo y sostenible.<\/p>\n<p>Adem\u00e1s, la <strong>educaci\u00f3n especial<\/strong> debe alinearse con estas pol\u00edticas, preparando a los futuros trabajadores para enfrentar el mundo laboral con confianza y habilidades adecuadas. A trav\u00e9s de estos esfuerzos, se espera lograr un cambio significativo y duradero en la percepci\u00f3n y oportunidades laborales para las personas con discapacidad.<\/p>\n<h2>Importancia de las pol\u00edticas p\u00fablicas en el empleo inclusivo<\/h2>\n<p>Las <strong>pol\u00edticas p\u00fablicas<\/strong> juegan un papel crucial en la promoci\u00f3n del <strong>empleo inclusivo<\/strong>, garantizando que todas las personas, independientemente de sus capacidades, tengan acceso a oportunidades laborales. La <strong>accesibilidad<\/strong> en los espacios de trabajo es fundamental, y la implementaci\u00f3n de programas espec\u00edficos puede facilitar la integraci\u00f3n de personas con discapacidades.<\/p>\n<p>Los <strong>programas municipales<\/strong> deben incorporar <strong>incentivos fiscales<\/strong> para las empresas que opten por la <strong>contrataci\u00f3n social<\/strong>. Esto no solo favorece a los empleados, sino que tambi\u00e9n enriquece al tejido social y econ\u00f3mico. Ejemplos de pol\u00edticas exitosas en este \u00e1mbito pueden ser observados en ciudades que han implementado modelos de <strong>responsabilidad social<\/strong>. Estas iniciativas han demostrado ser efectivas para fomentar el <strong>derecho laboral<\/strong> y dignificar el trabajo de diversas poblaciones.<\/p>\n<p>La <strong>educaci\u00f3n especial<\/strong> tambi\u00e9n es un componente esencial dentro de esta ecuaci\u00f3n. Al preparar a los individuos desde una edad temprana para el mundo laboral, se garantiza una <strong>integraci\u00f3n laboral<\/strong> m\u00e1s eficaz y natural. En resumen, las pol\u00edticas p\u00fablicas deben ser un reflejo de las necesidades de la sociedad, procurando un ambiente donde el empleo inclusivo sea la norma y no la excepci\u00f3n.<\/p>\n<h2>Estrategias para asegurar la accesibilidad en el lugar de trabajo<\/h2>\n<p>Para promover un <strong>empleo inclusivo<\/strong>, es crucial implementar estrategias que garanticen la <strong>accesibilidad<\/strong> en todos los espacios laborales. Las <strong>pol\u00edticas p\u00fablicas<\/strong> juegan un papel fundamental al establecer normativas que obliguen a las empresas a adaptar sus instalaciones y procesos. Por ejemplo, los programas municipales pueden ofrecer subvenciones para la mejora de infraestructuras.<\/p>\n<p>Adem\u00e1s, la <strong>contrataci\u00f3n social<\/strong> es una herramienta poderosa que permite a las empresas integrar a personas con discapacidad en su plantilla. Esto no solo favorece a los trabajadores, sino que tambi\u00e9n mejora la imagen corporativa. Los <strong>incentivos fiscales<\/strong> son otra estrategia que puede motivar a las empresas a adoptar pr\u00e1cticas m\u00e1s inclusivas.<\/p>\n<p>La capacitaci\u00f3n en <strong>derechos laborales<\/strong> y la <strong>educaci\u00f3n especial<\/strong> son igualmente vitales. Al educar a los empleados sobre la importancia de la <strong>integraci\u00f3n laboral<\/strong>, se fomenta un ambiente de respeto y colaboraci\u00f3n. La responsabilidad social de las empresas implica no solo cumplir con la ley, sino tambi\u00e9n contribuir al bienestar de la comunidad en su conjunto.<\/p>\n<h2>An\u00e1lisis de programas municipales y sus resultados en la integraci\u00f3n laboral<\/h2>\n<p>En la pr\u00e1ctica, los programas municipales m\u00e1s eficaces combinan <strong>pol\u00edticas p\u00fablicas<\/strong> claras con seguimiento real. Cuando el ayuntamiento conecta formaci\u00f3n, intermediaci\u00f3n y <strong>accesibilidad<\/strong>, mejora la <strong>integraci\u00f3n laboral<\/strong> de personas con discapacidad y otros colectivos con m\u00e1s barreras de acceso.<\/p>\n<p>Un buen ejemplo es la <strong>contrataci\u00f3n social<\/strong> en servicios de limpieza, jardiner\u00eda o atenci\u00f3n al p\u00fablico, junto con <strong>incentivos fiscales<\/strong> para pymes que apuestan por <strong>empleo inclusivo<\/strong>. Estos modelos funcionan mejor cuando incluyen tutor\u00edas, adaptaci\u00f3n de puestos y respeto estricto de los <strong>derechos laborales<\/strong>.<\/p>\n<p>Tambi\u00e9n pesan mucho la coordinaci\u00f3n con centros de <strong>educaci\u00f3n especial<\/strong> y entidades de <strong>responsabilidad social<\/strong>. Los municipios que eval\u00faan resultados \u2014contratos logrados, permanencia y promoci\u00f3n\u2014 detectan qu\u00e9 medidas s\u00ed reducen la brecha y cu\u00e1les se quedan en campa\u00f1as sin impacto.<\/p>\n<h2>Incentivos fiscales y derechos laborales en la contrataci\u00f3n social<\/h2>\n<p>La contrataci\u00f3n social se enmarca dentro de las <strong>pol\u00edticas p\u00fablicas<\/strong> orientadas hacia el <strong>empleo inclusivo<\/strong>. Estas pol\u00edticas fomentan la integraci\u00f3n laboral de personas con discapacidad, garantizando <strong>derechos laborales<\/strong> que aseguran un ambiente de trabajo justo y equitativo.<\/p>\n<p>Los <strong>incentivos fiscales<\/strong> juegan un papel crucial. Programas municipales ofrecen beneficios a las empresas que contratan a personas con necesidades especiales, facilitando su <strong>accesibilidad<\/strong> al mercado laboral. Por ejemplo, deducciones impositivas pueden aliviar el costo de implementar adaptaciones necesarias en el lugar de trabajo.<\/p>\n<p>Adem\u00e1s, es fundamental que las empresas se comprometan con la <strong>responsabilidad social<\/strong>, no solo cumpliendo con normativas, sino tambi\u00e9n promoviendo la <strong>educaci\u00f3n especial<\/strong> y la formaci\u00f3n continua. Esto no solo mejora la calidad de vida de los trabajadores, sino que tambi\u00e9n enriquece el ambiente laboral y potencia la productividad.<\/p>\n<h2>La educaci\u00f3n especial y su impacto en la responsabilidad social empresarial<\/h2>\n<p>La educaci\u00f3n especial no solo responde a una necesidad pedag\u00f3gica: tambi\u00e9n impulsa la <strong>responsabilidad social<\/strong> de las empresas. Cuando una organizaci\u00f3n entiende la diversidad como valor, fortalece la <strong>integraci\u00f3n laboral<\/strong> y abre puertas al <strong>empleo inclusivo<\/strong> con resultados reales para personas y equipos.<\/p>\n<p>En la pr\u00e1ctica, esto se traduce en <strong>pol\u00edticas p\u00fablicas<\/strong> mejor coordinadas, <strong>programas municipales<\/strong> de apoyo, <strong>accesibilidad<\/strong> en puestos de trabajo y procesos de <strong>contrataci\u00f3n social<\/strong>. Ejemplos concretos son ajustes en entrevistas, formaci\u00f3n adaptada y acompa\u00f1amiento a j\u00f3venes con necesidades educativas especiales en su transici\u00f3n al empleo.<\/p>\n<p>Las empresas que colaboran con centros de <strong>educaci\u00f3n especial<\/strong> suelen avanzar m\u00e1s r\u00e1pido en <strong>derechos laborales<\/strong>, clima interno y reputaci\u00f3n. Adem\u00e1s, los <strong>incentivos fiscales<\/strong> y alianzas con entidades locales facilitan modelos sostenibles, donde la inclusi\u00f3n deja de ser discurso y se convierte en una estrategia medible.<\/p>","protected":false},"excerpt":{"rendered":"<p>Introducci\u00f3n a los programas de inclusi\u00f3n laboral para personas con discapacidad La inclusi\u00f3n laboral de personas con discapacidad es un aspecto vital en la construcci\u00f3n de sociedades inclusivas y justas. En este contexto, las pol\u00edticas p\u00fablicas juegan un papel crucial, promoviendo el empleo inclusivo y la accesibilidad en el mercado laboral. Los programas de inclusi\u00f3n [&hellip;]<\/p>\n","protected":false},"author":2,"featured_media":0,"comment_status":"closed","ping_status":"","sticky":false,"template":"","format":"standard","meta":{"_et_pb_use_builder":"","_et_pb_old_content":"","_et_gb_content_width":"","inline_featured_image":false,"footnotes":""},"categories":[1],"tags":[],"class_list":["post-19998","post","type-post","status-publish","format-standard","hentry","category-niet-gecategoriseerd"],"yoast_head":"<!-- This site is optimized with the Yoast SEO plugin v26.8 - https:\/\/yoast.com\/product\/yoast-seo-wordpress\/ -->\n<title>Programas de inclusi\u00f3n laboral para personas con discapacidad - Yvie<\/title>\n<meta name=\"robots\" content=\"index, follow, max-snippet:-1, max-image-preview:large, max-video-preview:-1\" \/>\n<link rel=\"canonical\" href=\"https:\/\/yvie.com\/nl\/programas-de-inclusion-laboral-para-personas-con-discapacidad\/\" \/>\n<meta property=\"og:locale\" content=\"nl_NL\" \/>\n<meta property=\"og:type\" content=\"article\" \/>\n<meta property=\"og:title\" content=\"Programas de inclusi\u00f3n laboral para personas con discapacidad - Yvie\" \/>\n<meta property=\"og:description\" content=\"Introducci\u00f3n a los programas de inclusi\u00f3n laboral para personas con discapacidad La inclusi\u00f3n laboral de personas con discapacidad es un aspecto vital en la construcci\u00f3n de sociedades inclusivas y justas. En este contexto, las pol\u00edticas p\u00fablicas juegan un papel crucial, promoviendo el empleo inclusivo y la accesibilidad en el mercado laboral. Los programas de inclusi\u00f3n [&hellip;]\" \/>\n<meta property=\"og:url\" content=\"https:\/\/yvie.com\/nl\/programas-de-inclusion-laboral-para-personas-con-discapacidad\/\" \/>\n<meta property=\"og:site_name\" content=\"Yvie\" \/>\n<meta property=\"article:published_time\" content=\"2025-10-20T05:17:35+00:00\" \/>\n<meta property=\"article:modified_time\" content=\"2026-04-29T08:43:34+00:00\" \/>\n<meta name=\"author\" content=\"Elles de Bruin-Rook\" \/>\n<meta name=\"twitter:card\" content=\"summary_large_image\" \/>\n<meta name=\"twitter:label1\" content=\"Geschreven door\" \/>\n\t<meta name=\"twitter:data1\" content=\"Elles de Bruin-Rook\" \/>\n\t<meta name=\"twitter:label2\" content=\"Geschatte leestijd\" \/>\n\t<meta name=\"twitter:data2\" content=\"6 minuten\" \/>\n<script type=\"application\/ld+json\" class=\"yoast-schema-graph\">{\"@context\":\"https:\/\/schema.org\",\"@graph\":[{\"@type\":\"Article\",\"@id\":\"https:\/\/yvie.com\/programas-de-inclusion-laboral-para-personas-con-discapacidad\/#article\",\"isPartOf\":{\"@id\":\"https:\/\/yvie.com\/programas-de-inclusion-laboral-para-personas-con-discapacidad\/\"},\"author\":{\"name\":\"Elles de Bruin-Rook\",\"@id\":\"https:\/\/yvie.com\/#\/schema\/person\/adc35d434b1bd4fc9a1645968e48cfae\"},\"headline\":\"Programas de inclusi\u00f3n laboral para personas con discapacidad\",\"datePublished\":\"2025-10-20T05:17:35+00:00\",\"dateModified\":\"2026-04-29T08:43:34+00:00\",\"mainEntityOfPage\":{\"@id\":\"https:\/\/yvie.com\/programas-de-inclusion-laboral-para-personas-con-discapacidad\/\"},\"wordCount\":1126,\"inLanguage\":\"nl-NL\"},{\"@type\":\"WebPage\",\"@id\":\"https:\/\/yvie.com\/programas-de-inclusion-laboral-para-personas-con-discapacidad\/\",\"url\":\"https:\/\/yvie.com\/programas-de-inclusion-laboral-para-personas-con-discapacidad\/\",\"name\":\"Programas de inclusi\u00f3n laboral para personas con discapacidad - Yvie\",\"isPartOf\":{\"@id\":\"https:\/\/yvie.com\/#website\"},\"datePublished\":\"2025-10-20T05:17:35+00:00\",\"dateModified\":\"2026-04-29T08:43:34+00:00\",\"author\":{\"@id\":\"https:\/\/yvie.com\/#\/schema\/person\/adc35d434b1bd4fc9a1645968e48cfae\"},\"breadcrumb\":{\"@id\":\"https:\/\/yvie.com\/programas-de-inclusion-laboral-para-personas-con-discapacidad\/#breadcrumb\"},\"inLanguage\":\"nl-NL\",\"potentialAction\":[{\"@type\":\"ReadAction\",\"target\":[\"https:\/\/yvie.com\/programas-de-inclusion-laboral-para-personas-con-discapacidad\/\"]}]},{\"@type\":\"BreadcrumbList\",\"@id\":\"https:\/\/yvie.com\/programas-de-inclusion-laboral-para-personas-con-discapacidad\/#breadcrumb\",\"itemListElement\":[{\"@type\":\"ListItem\",\"position\":1,\"name\":\"Home\",\"item\":\"https:\/\/yvie.com\/\"},{\"@type\":\"ListItem\",\"position\":2,\"name\":\"Programas de inclusi\u00f3n laboral para personas con discapacidad\"}]},{\"@type\":\"WebSite\",\"@id\":\"https:\/\/yvie.com\/#website\",\"url\":\"https:\/\/yvie.com\/\",\"name\":\"Yvie\",\"description\":\"\",\"potentialAction\":[{\"@type\":\"SearchAction\",\"target\":{\"@type\":\"EntryPoint\",\"urlTemplate\":\"https:\/\/yvie.com\/?s={search_term_string}\"},\"query-input\":{\"@type\":\"PropertyValueSpecification\",\"valueRequired\":true,\"valueName\":\"search_term_string\"}}],\"inLanguage\":\"nl-NL\"},{\"@type\":\"Person\",\"@id\":\"https:\/\/yvie.com\/#\/schema\/person\/adc35d434b1bd4fc9a1645968e48cfae\",\"name\":\"Elles de Bruin-Rook\",\"url\":\"https:\/\/yvie.com\/nl\/author\/elles\/\"}]}<\/script>\n<!-- \/ Yoast SEO plugin. -->","yoast_head_json":{"title":"Programas de inclusi\u00f3n laboral para personas con discapacidad - Yvie","robots":{"index":"index","follow":"follow","max-snippet":"max-snippet:-1","max-image-preview":"max-image-preview:large","max-video-preview":"max-video-preview:-1"},"canonical":"https:\/\/yvie.com\/nl\/programas-de-inclusion-laboral-para-personas-con-discapacidad\/","og_locale":"nl_NL","og_type":"article","og_title":"Programas de inclusi\u00f3n laboral para personas con discapacidad - Yvie","og_description":"Introducci\u00f3n a los programas de inclusi\u00f3n laboral para personas con discapacidad La inclusi\u00f3n laboral de personas con discapacidad es un aspecto vital en la construcci\u00f3n de sociedades inclusivas y justas. En este contexto, las pol\u00edticas p\u00fablicas juegan un papel crucial, promoviendo el empleo inclusivo y la accesibilidad en el mercado laboral. Los programas de inclusi\u00f3n [&hellip;]","og_url":"https:\/\/yvie.com\/nl\/programas-de-inclusion-laboral-para-personas-con-discapacidad\/","og_site_name":"Yvie","article_published_time":"2025-10-20T05:17:35+00:00","article_modified_time":"2026-04-29T08:43:34+00:00","author":"Elles de Bruin-Rook","twitter_card":"summary_large_image","twitter_misc":{"Geschreven door":"Elles de Bruin-Rook","Geschatte leestijd":"6 minuten"},"schema":{"@context":"https:\/\/schema.org","@graph":[{"@type":"Article","@id":"https:\/\/yvie.com\/programas-de-inclusion-laboral-para-personas-con-discapacidad\/#article","isPartOf":{"@id":"https:\/\/yvie.com\/programas-de-inclusion-laboral-para-personas-con-discapacidad\/"},"author":{"name":"Elles de Bruin-Rook","@id":"https:\/\/yvie.com\/#\/schema\/person\/adc35d434b1bd4fc9a1645968e48cfae"},"headline":"Programas de inclusi\u00f3n laboral para personas con discapacidad","datePublished":"2025-10-20T05:17:35+00:00","dateModified":"2026-04-29T08:43:34+00:00","mainEntityOfPage":{"@id":"https:\/\/yvie.com\/programas-de-inclusion-laboral-para-personas-con-discapacidad\/"},"wordCount":1126,"inLanguage":"nl-NL"},{"@type":"WebPage","@id":"https:\/\/yvie.com\/programas-de-inclusion-laboral-para-personas-con-discapacidad\/","url":"https:\/\/yvie.com\/programas-de-inclusion-laboral-para-personas-con-discapacidad\/","name":"Programas de inclusi\u00f3n laboral para personas con discapacidad - Yvie","isPartOf":{"@id":"https:\/\/yvie.com\/#website"},"datePublished":"2025-10-20T05:17:35+00:00","dateModified":"2026-04-29T08:43:34+00:00","author":{"@id":"https:\/\/yvie.com\/#\/schema\/person\/adc35d434b1bd4fc9a1645968e48cfae"},"breadcrumb":{"@id":"https:\/\/yvie.com\/programas-de-inclusion-laboral-para-personas-con-discapacidad\/#breadcrumb"},"inLanguage":"nl-NL","potentialAction":[{"@type":"ReadAction","target":["https:\/\/yvie.com\/programas-de-inclusion-laboral-para-personas-con-discapacidad\/"]}]},{"@type":"BreadcrumbList","@id":"https:\/\/yvie.com\/programas-de-inclusion-laboral-para-personas-con-discapacidad\/#breadcrumb","itemListElement":[{"@type":"ListItem","position":1,"name":"Home","item":"https:\/\/yvie.com\/"},{"@type":"ListItem","position":2,"name":"Programas de inclusi\u00f3n laboral para personas con discapacidad"}]},{"@type":"WebSite","@id":"https:\/\/yvie.com\/#website","url":"https:\/\/yvie.com\/","name":"Yvie","description":"","potentialAction":[{"@type":"SearchAction","target":{"@type":"EntryPoint","urlTemplate":"https:\/\/yvie.com\/?s={search_term_string}"},"query-input":{"@type":"PropertyValueSpecification","valueRequired":true,"valueName":"search_term_string"}}],"inLanguage":"nl-NL"},{"@type":"Person","@id":"https:\/\/yvie.com\/#\/schema\/person\/adc35d434b1bd4fc9a1645968e48cfae","name":"Elles de Bruin-Rook","url":"https:\/\/yvie.com\/nl\/author\/elles\/"}]}},"_links":{"self":[{"href":"https:\/\/yvie.com\/nl\/wp-json\/wp\/v2\/posts\/19998","targetHints":{"allow":["GET"]}}],"collection":[{"href":"https:\/\/yvie.com\/nl\/wp-json\/wp\/v2\/posts"}],"about":[{"href":"https:\/\/yvie.com\/nl\/wp-json\/wp\/v2\/types\/post"}],"author":[{"embeddable":true,"href":"https:\/\/yvie.com\/nl\/wp-json\/wp\/v2\/users\/2"}],"replies":[{"embeddable":true,"href":"https:\/\/yvie.com\/nl\/wp-json\/wp\/v2\/comments?post=19998"}],"version-history":[{"count":1,"href":"https:\/\/yvie.com\/nl\/wp-json\/wp\/v2\/posts\/19998\/revisions"}],"predecessor-version":[{"id":19999,"href":"https:\/\/yvie.com\/nl\/wp-json\/wp\/v2\/posts\/19998\/revisions\/19999"}],"wp:attachment":[{"href":"https:\/\/yvie.com\/nl\/wp-json\/wp\/v2\/media?parent=19998"}],"wp:term":[{"taxonomy":"category","embeddable":true,"href":"https:\/\/yvie.com\/nl\/wp-json\/wp\/v2\/categories?post=19998"},{"taxonomy":"post_tag","embeddable":true,"href":"https:\/\/yvie.com\/nl\/wp-json\/wp\/v2\/tags?post=19998"}],"curies":[{"name":"wp","href":"https:\/\/api.w.org\/{rel}","templated":true}]}}