{"id":20096,"date":"2025-12-27T23:01:44","date_gmt":"2025-12-27T23:01:44","guid":{"rendered":"https:\/\/yvie.com\/?p=20096"},"modified":"2026-04-29T09:15:47","modified_gmt":"2026-04-29T09:15:47","slug":"aktualni-otviraci-doba-a-jeji-zmeny","status":"publish","type":"post","link":"https:\/\/yvie.com\/nl\/aktualni-otviraci-doba-a-jeji-zmeny\/","title":{"rendered":"Aktu\u00e1ln\u00ed otv\u00edrac\u00ed doba a jej\u00ed zm\u011bny"},"content":{"rendered":"<h2>\u00davod do aktu\u00e1ln\u00ed otv\u00edrac\u00ed doby<\/h2>\n<p>Aktu\u00e1ln\u00ed otv\u00edrac\u00ed doba je pro z\u00e1kazn\u00edky \u010dasto prvn\u00ed informace, kterou pot\u0159ebuj\u00ed zn\u00e1t p\u0159ed n\u00e1v\u0161t\u011bvou provozovny. V praxi nejde jen o to, kdy je otev\u0159eno, ale tak\u00e9 jak se m\u011bn\u00ed rozvrh b\u011bhem t\u00fddne, sv\u00e1tk\u016f nebo sez\u00f3nn\u00edch \u00faprav. U p\u0159ehledn\u00fdch klientsk\u00fdch slu\u017eeb b\u00fdv\u00e1 dnes b\u011b\u017en\u00e9, \u017ee se vedle klasick\u00e9ho provozu sleduje i dostupnost p\u0159es rezerva\u010dn\u00ed syst\u00e9m.<\/p>\n<p>V\u0161edn\u00ed dny m\u00edvaj\u00ed obvykle stabiln\u00ed re\u017eim, zat\u00edmco v\u00edkendov\u00e9 provozn\u00ed hodiny mohou b\u00fdt krat\u0161\u00ed nebo upraven\u00e9 podle z\u00e1jmu klient\u016f. Pr\u00e1v\u011b proto je dobr\u00e9 kontrolovat, zda nedo\u0161lo ke zm\u011bn\u011b, kter\u00e1 ovlivn\u00ed pl\u00e1novanou n\u00e1v\u0161t\u011bvu. Typick\u00fdm p\u0159\u00edkladem jsou telefonick\u00e9 rezervace, kdy se n\u011bkter\u00e9 slu\u017eby potvrzuj\u00ed jen v ur\u010dit\u00e9m \u010dase.<\/p>\n<p>Pro orientaci se vyplat\u00ed sledovat nejen samotnou otv\u00edrac\u00ed dobu, ale i dopl\u0148kov\u00e9 informace o provozu, nap\u0159\u00edklad p\u0159est\u00e1vky, omezenou dostupnost nebo \u010das posledn\u00edho p\u0159ijet\u00ed z\u00e1kazn\u00edka. U n\u011bkter\u00fdch provozoven se toti\u017e m\u016f\u017ee li\u0161it i <a href=\"https:\/\/montenegro-pubcz.com\/\">https:\/\/montenegro-pubcz.com\/<\/a> jednotliv\u00fdch odd\u011blen\u00ed.<\/p>\n<p>V n\u00e1sleduj\u00edc\u00edch \u010d\u00e1stech proto najdete praktick\u00fd p\u0159ehled, jak se v aktu\u00e1ln\u00edch \u00fadaj\u00edch rychle vyznat a na co si d\u00e1t pozor, aby v\u00e1s nep\u0159ekvapila \u017e\u00e1dn\u00e1 zm\u011bna p\u0159i n\u00e1v\u0161t\u011bv\u011b.<\/p>\n<h2>D\u016fvody zm\u011bn otv\u00edrac\u00ed doby<\/h2>\n<p>Zm\u011bna otv\u00edrac\u00ed doby m\u016f\u017ee m\u00edt vliv na r\u016fzn\u00e9 aspekty podnik\u00e1n\u00ed. V prvn\u00ed \u0159ad\u011b se jedn\u00e1 o p\u0159izp\u016fsoben\u00ed se pot\u0159eb\u00e1m z\u00e1kazn\u00edk\u016f. Nap\u0159\u00edklad, pokud si podnik uv\u011bdom\u00ed, \u017ee klientsk\u00e9 slu\u017eby jsou nejv\u00edce vy\u017eadov\u00e1ny b\u011bhem v\u00edkendov\u00fdch provozn\u00edch hodin, m\u016f\u017ee upravit rozvrh tak, aby vyhov\u011bl tomuto po\u017eadavku.<\/p>\n<p>Dal\u0161\u00edm d\u016fvodem je implementace rezerva\u010dn\u00edho syst\u00e9mu, kter\u00fd usnad\u0148uje telefonick\u00e9 rezervace. T\u00edm se zvy\u0161uje dostupnost a efektivita slu\u017eeb, co\u017e pozitivn\u011b ovliv\u0148uje spokojenost z\u00e1kazn\u00edk\u016f.<\/p>\n<p>V\u0161edn\u00ed dny mohou m\u00edt jinou strukturu otv\u00edrac\u00ed doby ne\u017e v\u00edkendov\u00e9 provozn\u00ed hodiny, jeliko\u017e z\u00e1kazn\u00edci mohou m\u00edt b\u011bhem pracovn\u00edho t\u00fddne odli\u0161n\u00e9 po\u017eadavky. Zm\u011bny v otv\u00edrac\u00ed dob\u011b proto umo\u017e\u0148uj\u00ed podnik\u016fm l\u00e9pe reagovat na tyto fluktuace v popt\u00e1vce.<\/p>\n<p>Optimalizac\u00ed provozn\u00edch hodin lze dos\u00e1hnout i \u00faspor n\u00e1klad\u016f. M\u00e9n\u011b provozn\u00edch hodin v dob\u011b, kdy je n\u00edzk\u00e1 n\u00e1v\u0161t\u011bvnost, m\u016f\u017ee pomoci sn\u00ed\u017eit n\u00e1klady na person\u00e1l a jin\u00e9 provozn\u00ed v\u00fddaje.<\/p>\n<p>Celkov\u011b plat\u00ed, \u017ee zm\u011bna otv\u00edrac\u00ed doby je d\u016fle\u017eit\u00fdm krokem k zaji\u0161t\u011bn\u00ed efektivn\u00edho fungov\u00e1n\u00ed podnik\u00e1n\u00ed a zvy\u0161ov\u00e1n\u00ed \u00farovn\u011b z\u00e1kaznick\u00e9ho servisu.<\/p>\n<h2>Jak funguje rezerva\u010dn\u00ed syst\u00e9m a telefonick\u00e9 rezervace<\/h2>\n<p>Rezerva\u010dn\u00ed syst\u00e9m umo\u017e\u0148uje efektivn\u00ed pl\u00e1nov\u00e1n\u00ed a organizaci dostupnosti slu\u017eeb pro klienty. U\u017eivatel\u00e9 mohou v re\u00e1ln\u00e9m \u010dase zkontrolovat otv\u00edrac\u00ed doba provozovny a podle pot\u0159eby si rezervovat term\u00edny. Tento proces minimalizuje \u010dekac\u00ed doby a zaji\u0161\u0165uje plynulost slu\u017eeb. Zm\u011bna term\u00ednu rezervace je v\u011bt\u0161inou snadn\u00e1 a m\u016f\u017ee b\u00fdt provedena pomoc\u00ed online rozhran\u00ed nebo telefonicky.<\/p>\n<p>Telefonick\u00e9 rezervace jsou dal\u0161\u00edm d\u016fle\u017eit\u00fdm n\u00e1strojem pro klientsk\u00e9 slu\u017eby. Klienti mohou snadno zavolat a domluvit si sch\u016fzku p\u0159\u00edmo s obsluhou. I b\u011bhem v\u00edkendov\u00fdch provozn\u00edch hodin je dostupnost \u010dasto vysok\u00e1, co\u017e umo\u017e\u0148uje flexibiln\u00ed pl\u00e1nov\u00e1n\u00ed i pro zam\u011bstnan\u00e9 jedince. Tento osobn\u00ed p\u0159\u00edstup tak\u00e9 \u010dasto p\u0159in\u00e1\u0161\u00ed v\u011bt\u0161\u00ed spokojenost z\u00e1kazn\u00edk\u016f.<\/p>\n<p>Prohlouben\u00ed znalosti o provozu rezerva\u010dn\u00edho syst\u00e9mu m\u016f\u017ee poskytnout lep\u0161\u00ed p\u0159ehled o jeho efektivnosti. D\u016fle\u017eit\u00e9 je tak\u00e9 sledovat rozvrh ve v\u0161edn\u00ed dny a optimalizovat provoz tak, aby pokryl popt\u00e1vku. Zaji\u0161t\u011bn\u00ed, aby byly v\u0161echny dostupn\u00e9 term\u00edny jednodu\u0161e p\u0159\u00edstupn\u00e9, je kl\u00ed\u010dov\u00e9 pro \u00fasp\u011b\u0161nou obsluhu klient\u016f.<\/p>\n<h2>V\u00edkendov\u00e9 a v\u0161edn\u00ed provozn\u00ed hodiny<\/h2>\n<p>V\u00edkendov\u00e9 provozn\u00ed hodiny jsou kl\u00ed\u010dov\u00fdm faktorem pro mnoh\u00e9 z\u00e1kazn\u00edky, kte\u0159\u00ed pl\u00e1nuj\u00ed n\u00e1v\u0161t\u011bvu slu\u017eeb nebo obchod\u016f. Je d\u016fle\u017eit\u00e9 m\u00edt p\u0159ehled o otv\u00edrac\u00ed dob\u011b, kter\u00e1 se m\u016f\u017ee li\u0161it od v\u0161edn\u00edch dn\u016f. Nap\u0159\u00edklad, n\u011bkter\u00e9 podniky nab\u00edzej\u00ed roz\u0161\u00ed\u0159en\u00e9 hodiny o v\u00edkendech, aby vyhov\u011bly pot\u0159eb\u00e1m t\u011bch, kte\u0159\u00ed maj\u00ed b\u011bhem t\u00fddne omezenou dostupnost.<\/p>\n<p>Nezapome\u0148te tak\u00e9 zkontrolovat, zda nedo\u0161lo ke zm\u011bn\u011b v provozn\u00edch hodin\u00e1ch, zejm\u00e9na v obdob\u00ed sv\u00e1tk\u016f nebo pr\u00e1zdnin. Mnoho podnik\u016f aktualizuje svou otv\u00edrac\u00ed dobu na sv\u00fdch webov\u00fdch str\u00e1nk\u00e1ch, co\u017e usnad\u0148uje pl\u00e1nov\u00e1n\u00ed n\u00e1v\u0161t\u011bvy. Telefonick\u00e9 rezervace a rezerva\u010dn\u00ed syst\u00e9m mohou b\u00fdt tak\u00e9 u\u017eite\u010dn\u00e9, pokud si chcete zajistit m\u00edsto v obl\u00edben\u00e9m podniku.<\/p>\n<p>Pokud se chyst\u00e1te nav\u0161t\u00edvit slu\u017ebu, kter\u00e1 m\u00e1 specifick\u00e9 v\u00edkendov\u00e9 provozn\u00ed hodiny, doporu\u010dujeme se obr\u00e1tit na klientsk\u00e9 slu\u017eby, kter\u00e9 v\u00e1m r\u00e1dy poskytnou aktu\u00e1ln\u00ed informace o dostupnosti. V\u010dasn\u00e9 pl\u00e1nov\u00e1n\u00ed a informovanost o rozvrhu mohou v\u00fdrazn\u011b zlep\u0161it va\u0161i zku\u0161enost a p\u0159edej\u00edt zbyte\u010dn\u00fdm komplikac\u00edm. V\u017edy je dobr\u00e9 m\u00edt na pam\u011bti, \u017ee i mal\u00e9 zm\u011bny v provozn\u00edch hodin\u00e1ch mohou m\u00edt vliv na va\u0161i n\u00e1v\u0161t\u011bvu.<\/p>\n<h2>Tipy pro optimalizaci rozvrhu a dostupnosti slu\u017eeb<\/h2>\n<p>Optimalizace rozvrhu a dostupnosti slu\u017eeb je kl\u00ed\u010dov\u00e1 pro zaji\u0161t\u011bn\u00ed spokojenosti va\u0161ich klient\u016f. Prvn\u00edm krokem je pravideln\u011b aktualizovat <strong>otv\u00edrac\u00ed dobu<\/strong>, aby odpov\u00eddala pot\u0159eb\u00e1m z\u00e1kazn\u00edk\u016f. Nap\u0159\u00edklad, pokud zjist\u00edte, \u017ee v\u00edkendov\u00e9 provozn\u00ed hodiny jsou v\u00edce vyhled\u00e1van\u00e9, zva\u017ete jejich prodlou\u017een\u00ed.<\/p>\n<p>D\u00e1le je d\u016fle\u017eit\u00e9 m\u00edt efektivn\u00ed <strong>rezerva\u010dn\u00ed syst\u00e9m<\/strong>. Ten by m\u011bl umo\u017enit z\u00e1kazn\u00edk\u016fm snadn\u00e9 prov\u00e1d\u011bn\u00ed <strong>telefonick\u00fdch rezervac\u00ed<\/strong> a online rezervac\u00ed bez komplikac\u00ed. Zahr\u0148te tak\u00e9 mo\u017enost zm\u011bny rezervace, co\u017e zvy\u0161uje komfort klientsk\u00fdch slu\u017eeb.<\/p>\n<p>Nezapom\u00ednejte na anal\u00fdzu dat z minul\u00fdch m\u011bs\u00edc\u016f. Sledujte, jak\u00e9 dny v t\u00fddnu, tedy <strong>v\u0161edn\u00ed dny<\/strong> \u010di v\u00edkendy, maj\u00ed nejvy\u0161\u0161\u00ed popt\u00e1vku. T\u00edmto zp\u016fsobem m\u016f\u017eete l\u00e9pe p\u0159izp\u016fsobit sv\u016fj <strong>rozvrh<\/strong> a provoz, co\u017e povede k lep\u0161\u00ed dostupnosti slu\u017eeb pro va\u0161e z\u00e1kazn\u00edky.<\/p>\n<p>V neposledn\u00ed \u0159ad\u011b, komunikujte se sv\u00fdmi z\u00e1kazn\u00edky. Informujte je o jak\u00fdchkoliv zm\u011bn\u00e1ch v provozu a otv\u00edrac\u00ed dob\u011b, aby se p\u0159ede\u0161lo nedorozum\u011bn\u00edm. Transparentnost je kl\u00ed\u010dem k budov\u00e1n\u00ed d\u016fv\u011bry a loajality.<\/p>","protected":false},"excerpt":{"rendered":"<p>\u00davod do aktu\u00e1ln\u00ed otv\u00edrac\u00ed doby Aktu\u00e1ln\u00ed otv\u00edrac\u00ed doba je pro z\u00e1kazn\u00edky \u010dasto prvn\u00ed informace, kterou pot\u0159ebuj\u00ed zn\u00e1t p\u0159ed n\u00e1v\u0161t\u011bvou provozovny. V praxi nejde jen o to, kdy je otev\u0159eno, ale tak\u00e9 jak se m\u011bn\u00ed rozvrh b\u011bhem t\u00fddne, sv\u00e1tk\u016f nebo sez\u00f3nn\u00edch \u00faprav. U p\u0159ehledn\u00fdch klientsk\u00fdch slu\u017eeb b\u00fdv\u00e1 dnes b\u011b\u017en\u00e9, \u017ee se vedle klasick\u00e9ho provozu sleduje i [&hellip;]<\/p>\n","protected":false},"author":2,"featured_media":0,"comment_status":"closed","ping_status":"","sticky":false,"template":"","format":"standard","meta":{"_et_pb_use_builder":"","_et_pb_old_content":"","_et_gb_content_width":"","inline_featured_image":false,"footnotes":""},"categories":[15],"tags":[],"class_list":["post-20096","post","type-post","status-publish","format-standard","hentry","category-en"],"yoast_head":"<!-- This site is optimized with the Yoast SEO plugin v26.8 - https:\/\/yoast.com\/product\/yoast-seo-wordpress\/ -->\n<title>Aktu\u00e1ln\u00ed otv\u00edrac\u00ed doba a jej\u00ed zm\u011bny - Yvie<\/title>\n<meta name=\"robots\" content=\"index, follow, max-snippet:-1, max-image-preview:large, max-video-preview:-1\" \/>\n<link rel=\"canonical\" href=\"https:\/\/yvie.com\/nl\/aktualni-otviraci-doba-a-jeji-zmeny\/\" \/>\n<meta property=\"og:locale\" content=\"nl_NL\" \/>\n<meta property=\"og:type\" content=\"article\" \/>\n<meta property=\"og:title\" content=\"Aktu\u00e1ln\u00ed otv\u00edrac\u00ed doba a jej\u00ed zm\u011bny - Yvie\" \/>\n<meta property=\"og:description\" content=\"\u00davod do aktu\u00e1ln\u00ed otv\u00edrac\u00ed doby Aktu\u00e1ln\u00ed otv\u00edrac\u00ed doba je pro z\u00e1kazn\u00edky \u010dasto prvn\u00ed informace, kterou pot\u0159ebuj\u00ed zn\u00e1t p\u0159ed n\u00e1v\u0161t\u011bvou provozovny. V praxi nejde jen o to, kdy je otev\u0159eno, ale tak\u00e9 jak se m\u011bn\u00ed rozvrh b\u011bhem t\u00fddne, sv\u00e1tk\u016f nebo sez\u00f3nn\u00edch \u00faprav. U p\u0159ehledn\u00fdch klientsk\u00fdch slu\u017eeb b\u00fdv\u00e1 dnes b\u011b\u017en\u00e9, \u017ee se vedle klasick\u00e9ho provozu sleduje i [&hellip;]\" \/>\n<meta property=\"og:url\" content=\"https:\/\/yvie.com\/nl\/aktualni-otviraci-doba-a-jeji-zmeny\/\" \/>\n<meta property=\"og:site_name\" content=\"Yvie\" \/>\n<meta property=\"article:published_time\" content=\"2025-12-27T23:01:44+00:00\" \/>\n<meta property=\"article:modified_time\" content=\"2026-04-29T09:15:47+00:00\" \/>\n<meta name=\"author\" content=\"Elles de Bruin-Rook\" \/>\n<meta name=\"twitter:card\" content=\"summary_large_image\" \/>\n<meta name=\"twitter:label1\" content=\"Geschreven door\" \/>\n\t<meta name=\"twitter:data1\" content=\"Elles de Bruin-Rook\" \/>\n\t<meta name=\"twitter:label2\" content=\"Geschatte leestijd\" \/>\n\t<meta name=\"twitter:data2\" content=\"6 minuten\" \/>\n<script type=\"application\/ld+json\" class=\"yoast-schema-graph\">{\"@context\":\"https:\/\/schema.org\",\"@graph\":[{\"@type\":\"Article\",\"@id\":\"https:\/\/yvie.com\/aktualni-otviraci-doba-a-jeji-zmeny\/#article\",\"isPartOf\":{\"@id\":\"https:\/\/yvie.com\/aktualni-otviraci-doba-a-jeji-zmeny\/\"},\"author\":{\"name\":\"Elles de Bruin-Rook\",\"@id\":\"https:\/\/yvie.com\/#\/schema\/person\/adc35d434b1bd4fc9a1645968e48cfae\"},\"headline\":\"Aktu\u00e1ln\u00ed otv\u00edrac\u00ed doba a jej\u00ed zm\u011bny\",\"datePublished\":\"2025-12-27T23:01:44+00:00\",\"dateModified\":\"2026-04-29T09:15:47+00:00\",\"mainEntityOfPage\":{\"@id\":\"https:\/\/yvie.com\/aktualni-otviraci-doba-a-jeji-zmeny\/\"},\"wordCount\":1164,\"articleSection\":[\"EN\"],\"inLanguage\":\"nl-NL\"},{\"@type\":\"WebPage\",\"@id\":\"https:\/\/yvie.com\/aktualni-otviraci-doba-a-jeji-zmeny\/\",\"url\":\"https:\/\/yvie.com\/aktualni-otviraci-doba-a-jeji-zmeny\/\",\"name\":\"Aktu\u00e1ln\u00ed otv\u00edrac\u00ed doba a jej\u00ed zm\u011bny - Yvie\",\"isPartOf\":{\"@id\":\"https:\/\/yvie.com\/#website\"},\"datePublished\":\"2025-12-27T23:01:44+00:00\",\"dateModified\":\"2026-04-29T09:15:47+00:00\",\"author\":{\"@id\":\"https:\/\/yvie.com\/#\/schema\/person\/adc35d434b1bd4fc9a1645968e48cfae\"},\"breadcrumb\":{\"@id\":\"https:\/\/yvie.com\/aktualni-otviraci-doba-a-jeji-zmeny\/#breadcrumb\"},\"inLanguage\":\"nl-NL\",\"potentialAction\":[{\"@type\":\"ReadAction\",\"target\":[\"https:\/\/yvie.com\/aktualni-otviraci-doba-a-jeji-zmeny\/\"]}]},{\"@type\":\"BreadcrumbList\",\"@id\":\"https:\/\/yvie.com\/aktualni-otviraci-doba-a-jeji-zmeny\/#breadcrumb\",\"itemListElement\":[{\"@type\":\"ListItem\",\"position\":1,\"name\":\"Home\",\"item\":\"https:\/\/yvie.com\/\"},{\"@type\":\"ListItem\",\"position\":2,\"name\":\"Aktu\u00e1ln\u00ed otv\u00edrac\u00ed doba a jej\u00ed zm\u011bny\"}]},{\"@type\":\"WebSite\",\"@id\":\"https:\/\/yvie.com\/#website\",\"url\":\"https:\/\/yvie.com\/\",\"name\":\"Yvie\",\"description\":\"\",\"potentialAction\":[{\"@type\":\"SearchAction\",\"target\":{\"@type\":\"EntryPoint\",\"urlTemplate\":\"https:\/\/yvie.com\/?s={search_term_string}\"},\"query-input\":{\"@type\":\"PropertyValueSpecification\",\"valueRequired\":true,\"valueName\":\"search_term_string\"}}],\"inLanguage\":\"nl-NL\"},{\"@type\":\"Person\",\"@id\":\"https:\/\/yvie.com\/#\/schema\/person\/adc35d434b1bd4fc9a1645968e48cfae\",\"name\":\"Elles de Bruin-Rook\",\"url\":\"https:\/\/yvie.com\/nl\/author\/elles\/\"}]}<\/script>\n<!-- \/ Yoast SEO plugin. -->","yoast_head_json":{"title":"Aktu\u00e1ln\u00ed otv\u00edrac\u00ed doba a jej\u00ed zm\u011bny - Yvie","robots":{"index":"index","follow":"follow","max-snippet":"max-snippet:-1","max-image-preview":"max-image-preview:large","max-video-preview":"max-video-preview:-1"},"canonical":"https:\/\/yvie.com\/nl\/aktualni-otviraci-doba-a-jeji-zmeny\/","og_locale":"nl_NL","og_type":"article","og_title":"Aktu\u00e1ln\u00ed otv\u00edrac\u00ed doba a jej\u00ed zm\u011bny - Yvie","og_description":"\u00davod do aktu\u00e1ln\u00ed otv\u00edrac\u00ed doby Aktu\u00e1ln\u00ed otv\u00edrac\u00ed doba je pro z\u00e1kazn\u00edky \u010dasto prvn\u00ed informace, kterou pot\u0159ebuj\u00ed zn\u00e1t p\u0159ed n\u00e1v\u0161t\u011bvou provozovny. V praxi nejde jen o to, kdy je otev\u0159eno, ale tak\u00e9 jak se m\u011bn\u00ed rozvrh b\u011bhem t\u00fddne, sv\u00e1tk\u016f nebo sez\u00f3nn\u00edch \u00faprav. U p\u0159ehledn\u00fdch klientsk\u00fdch slu\u017eeb b\u00fdv\u00e1 dnes b\u011b\u017en\u00e9, \u017ee se vedle klasick\u00e9ho provozu sleduje i [&hellip;]","og_url":"https:\/\/yvie.com\/nl\/aktualni-otviraci-doba-a-jeji-zmeny\/","og_site_name":"Yvie","article_published_time":"2025-12-27T23:01:44+00:00","article_modified_time":"2026-04-29T09:15:47+00:00","author":"Elles de Bruin-Rook","twitter_card":"summary_large_image","twitter_misc":{"Geschreven door":"Elles de Bruin-Rook","Geschatte leestijd":"6 minuten"},"schema":{"@context":"https:\/\/schema.org","@graph":[{"@type":"Article","@id":"https:\/\/yvie.com\/aktualni-otviraci-doba-a-jeji-zmeny\/#article","isPartOf":{"@id":"https:\/\/yvie.com\/aktualni-otviraci-doba-a-jeji-zmeny\/"},"author":{"name":"Elles de Bruin-Rook","@id":"https:\/\/yvie.com\/#\/schema\/person\/adc35d434b1bd4fc9a1645968e48cfae"},"headline":"Aktu\u00e1ln\u00ed otv\u00edrac\u00ed doba a jej\u00ed zm\u011bny","datePublished":"2025-12-27T23:01:44+00:00","dateModified":"2026-04-29T09:15:47+00:00","mainEntityOfPage":{"@id":"https:\/\/yvie.com\/aktualni-otviraci-doba-a-jeji-zmeny\/"},"wordCount":1164,"articleSection":["EN"],"inLanguage":"nl-NL"},{"@type":"WebPage","@id":"https:\/\/yvie.com\/aktualni-otviraci-doba-a-jeji-zmeny\/","url":"https:\/\/yvie.com\/aktualni-otviraci-doba-a-jeji-zmeny\/","name":"Aktu\u00e1ln\u00ed otv\u00edrac\u00ed doba a jej\u00ed zm\u011bny - Yvie","isPartOf":{"@id":"https:\/\/yvie.com\/#website"},"datePublished":"2025-12-27T23:01:44+00:00","dateModified":"2026-04-29T09:15:47+00:00","author":{"@id":"https:\/\/yvie.com\/#\/schema\/person\/adc35d434b1bd4fc9a1645968e48cfae"},"breadcrumb":{"@id":"https:\/\/yvie.com\/aktualni-otviraci-doba-a-jeji-zmeny\/#breadcrumb"},"inLanguage":"nl-NL","potentialAction":[{"@type":"ReadAction","target":["https:\/\/yvie.com\/aktualni-otviraci-doba-a-jeji-zmeny\/"]}]},{"@type":"BreadcrumbList","@id":"https:\/\/yvie.com\/aktualni-otviraci-doba-a-jeji-zmeny\/#breadcrumb","itemListElement":[{"@type":"ListItem","position":1,"name":"Home","item":"https:\/\/yvie.com\/"},{"@type":"ListItem","position":2,"name":"Aktu\u00e1ln\u00ed otv\u00edrac\u00ed doba a jej\u00ed zm\u011bny"}]},{"@type":"WebSite","@id":"https:\/\/yvie.com\/#website","url":"https:\/\/yvie.com\/","name":"Yvie","description":"","potentialAction":[{"@type":"SearchAction","target":{"@type":"EntryPoint","urlTemplate":"https:\/\/yvie.com\/?s={search_term_string}"},"query-input":{"@type":"PropertyValueSpecification","valueRequired":true,"valueName":"search_term_string"}}],"inLanguage":"nl-NL"},{"@type":"Person","@id":"https:\/\/yvie.com\/#\/schema\/person\/adc35d434b1bd4fc9a1645968e48cfae","name":"Elles de Bruin-Rook","url":"https:\/\/yvie.com\/nl\/author\/elles\/"}]}},"_links":{"self":[{"href":"https:\/\/yvie.com\/nl\/wp-json\/wp\/v2\/posts\/20096","targetHints":{"allow":["GET"]}}],"collection":[{"href":"https:\/\/yvie.com\/nl\/wp-json\/wp\/v2\/posts"}],"about":[{"href":"https:\/\/yvie.com\/nl\/wp-json\/wp\/v2\/types\/post"}],"author":[{"embeddable":true,"href":"https:\/\/yvie.com\/nl\/wp-json\/wp\/v2\/users\/2"}],"replies":[{"embeddable":true,"href":"https:\/\/yvie.com\/nl\/wp-json\/wp\/v2\/comments?post=20096"}],"version-history":[{"count":1,"href":"https:\/\/yvie.com\/nl\/wp-json\/wp\/v2\/posts\/20096\/revisions"}],"predecessor-version":[{"id":20097,"href":"https:\/\/yvie.com\/nl\/wp-json\/wp\/v2\/posts\/20096\/revisions\/20097"}],"wp:attachment":[{"href":"https:\/\/yvie.com\/nl\/wp-json\/wp\/v2\/media?parent=20096"}],"wp:term":[{"taxonomy":"category","embeddable":true,"href":"https:\/\/yvie.com\/nl\/wp-json\/wp\/v2\/categories?post=20096"},{"taxonomy":"post_tag","embeddable":true,"href":"https:\/\/yvie.com\/nl\/wp-json\/wp\/v2\/tags?post=20096"}],"curies":[{"name":"wp","href":"https:\/\/api.w.org\/{rel}","templated":true}]}}