{"id":20114,"date":"2025-10-10T05:33:32","date_gmt":"2025-10-10T05:33:32","guid":{"rendered":"https:\/\/yvie.com\/?p=20114"},"modified":"2026-04-29T09:21:27","modified_gmt":"2026-04-29T09:21:27","slug":"spazio-di-lavoro-condiviso-per-le-amministrazioni","status":"publish","type":"post","link":"https:\/\/yvie.com\/nl\/spazio-di-lavoro-condiviso-per-le-amministrazioni\/","title":{"rendered":"Spazio di lavoro condiviso per le amministrazioni"},"content":{"rendered":"<h2>Cos\u2019\u00e8 uno spazio di lavoro condiviso per le amministrazioni e perch\u00e9 sta diventando strategico<\/h2>\n<p>Uno spazio di lavoro condiviso per le amministrazioni \u00e8 un ambiente fisico e digitale pensato per favorire la collaborazione tra enti, superando i confini organizzativi tradizionali. Non si tratta solo di \u201cstare nello stesso posto\u201d, ma di creare un contesto di lavoro interistituzionale in cui uffici diversi possono scambiarsi dati, documenti, metodi e decisioni in modo pi\u00f9 rapido e trasparente.<\/p>\n<p>In pratica, pu\u00f2 essere una sede comune, una piattaforma di confronto o un modello ibrido che integra presenza e strumenti online. Il valore sta nella condivisione risorse: postazioni, sale riunioni, archivi, competenze specialistiche e perfino procedure operative. Cos\u00ec si riducono duplicazioni, si semplifica il coordinamento territoriale e si costruiscono sinergie operative utili soprattutto nei servizi al cittadino.<\/p>\n<p>Questo approccio sta diventando strategico perch\u00e9 le amministrazioni devono affrontare problemi complessi che nessun ente pu\u00f2 risolvere da solo: mobilit\u00e0, welfare, ambiente, digitalizzazione, emergenze. In questi casi, le reti amministrative e la cooperazione pubblica rendono pi\u00f9 efficace <a href=\"https:\/\/ot11ot2it.com\/\">https:\/\/ot11ot2it.com\/<\/a>, migliorando tempi, qualit\u00e0 delle decisioni e capacit\u00e0 di adattamento.<\/p>\n<p>Un esempio concreto? Un tavolo condiviso tra Comune, ASL e scuola pu\u00f2 accelerare la progettazione partecipata di un servizio territoriale, mentre lo scambio di competenze tra tecnici e funzionari aiuta a trasformare le idee in soluzioni operative. \u00c8 proprio qui che lo spazio condiviso diventa un vero acceleratore di innovazione pubblica.<\/p>\n<h2>Vantaggi concreti: collaborazione tra enti, condivisione risorse e sinergie operative<\/h2>\n<p>La <strong>collaborazione tra enti<\/strong> rappresenta una strategia fondamentale per migliorare l&#8217;efficienza dei servizi pubblici. Attraverso il <strong>lavoro interistituzionale<\/strong>, le amministrazioni locali possono unire le loro forze per razionalizzare le risorse e ottimizzare le operazioni. Questo approccio non solo riduce i costi, ma promuove anche un <strong>coordinamento territoriale<\/strong> pi\u00f9 efficace.<\/p>\n<p>Un esempio concreto \u00e8 dato dalla creazione di reti amministrative che facilitano la <strong>condivisione risorse<\/strong> e lo <strong>scambio di competenze<\/strong>. Progetti di <strong>progettazione partecipata<\/strong> coinvolgono i cittadini e garantiscono che le soluzioni siano realmente in linea con i bisogni della comunit\u00e0.<\/p>\n<p>Le <strong>sinergie operative<\/strong> tra diversi enti consentono di affrontare sfide complesse, come la gestione delle emergenze o lo sviluppo sostenibile, in modo collaborativo. Le <strong>piattaforme di confronto<\/strong> servono a garantire che tutte le voci siano ascoltate, contribuendo a un processo decisionale pi\u00f9 inclusivo.<\/p>\n<h2>Come funziona nella pratica: lavoro interistituzionale, coordinamento territoriale e piattaforme di confronto<\/h2>\n<p>Nella pratica, il <strong>lavoro interistituzionale<\/strong> funziona quando comuni, ASL, scuole, servizi sociali e terzo settore definiscono obiettivi comuni e ruoli chiari. La <strong>collaborazione tra enti<\/strong> non resta un principio astratto: si traduce in tavoli periodici, calendari condivisi e procedure snelle per la gestione dei casi o dei progetti.<\/p>\n<p>Il vero vantaggio nasce dal <strong>coordinamento territoriale<\/strong>, che evita sovrapposizioni e ritardi. Un esempio concreto \u00e8 la presa in carico di una famiglia fragile: un ufficio segnala il bisogno, un altro attiva il supporto, mentre la rete locale coordina tempi, competenze e <strong>condivisione risorse<\/strong>. Cos\u00ec si costruiscono <strong>sinergie operative<\/strong> utili e misurabili.<\/p>\n<p>Le <strong>piattaforme di confronto<\/strong> digitali e gli incontri fisici servono proprio a questo: facilitano lo <strong>scambio di competenze<\/strong>, raccolgono dati utili e rendono pi\u00f9 rapida la <strong>cooperazione pubblica<\/strong>. Quando le <strong>reti amministrative<\/strong> dialogano in modo continuativo, la <strong>progettazione partecipata<\/strong> diventa pi\u00f9 efficace e i cittadini ricevono risposte coerenti, coordinate e pi\u00f9 vicine ai bisogni reali.<\/p>\n<h2>Modelli organizzativi e tecnologie per favorire reti amministrative e cooperazione pubblica<\/h2>\n<p>Nel contesto attuale, la <strong>collaborazione tra enti<\/strong> \u00e8 fondamentale per ottimizzare le risorse disponibili e migliorare i servizi ai cittadini. La realizzazione di <strong>sinergie operative<\/strong> attraverso un <strong>lavoro interistituzionale<\/strong> ben strutturato \u00e8 essenziale, facilitando la <strong>condivisione risorse<\/strong> e il <strong>coordinamento territoriale<\/strong>.<\/p>\n<p>Utilizzare tecnologie moderne, come le <strong>piattaforme di confronto<\/strong>, permette un efficiente <strong>scambio di competenze<\/strong> tra enti pubblici. Tali strumenti possono infatti supportare la <strong>progettazione partecipata<\/strong>, coinvolgendo attivamente i cittadini e le amministrazioni. Ad esempio, un&#8217;app locale pu\u00f2 facilitare la comunicazione tra vari enti, creando uno spazio condiviso per le <strong>reti amministrative<\/strong>.<\/p>\n<p>Inoltre, \u00e8 importante promuovere incontri regolari per favorire una migliore integrazione delle politiche pubbliche, contribuendo a costruire una rete di collaborazione duratura. Le <strong>tecnologie collaborative<\/strong> non solo snelliscono i processi, ma possono anche rendere le interazioni pi\u00f9 trasparenti e accessibili, migliorando la fiducia nel sistema pubblico.<\/p>\n<h2>Criticit\u00e0, requisiti di successo e buone pratiche di progettazione partecipata e scambio di competenze<\/h2>\n<p>La progettazione partecipata richiede un forte <strong>lavoro interistituzionale<\/strong>, dove la <strong>collaborazione tra enti<\/strong> \u00e8 fondamentale. Le criticit\u00e0 principali includono la mancanza di <strong>coordinamento territoriale<\/strong> e il rischio di sovrapposizioni nelle <strong>reti amministrative<\/strong>. \u00c8 essenziale affrontare queste sfide per garantire sinergie operative efficaci.<\/p>\n<p>Per il successo di queste iniziative, \u00e8 importante stabilire piattaforme di confronto che facilitino la <strong>condivisione risorse<\/strong> e lo <strong>scambio di competenze<\/strong>. In questo modo, le amministrazioni possono imparare l&#8217;una dall&#8217;altra e ottimizzare i risultati. Ad esempio, l&#8217;uso di strumenti digitali per il monitoraggio dei progetti pu\u00f2 migliorare la trasparenza e l&#8217;efficacia.<\/p>\n<p>Inoltre, la <strong>cooperazione pubblica<\/strong> deve essere accompagnata da un piano di comunicazione chiaro. La comunicazione aperta tra i vari attori coinvolti \u00e8 cruciale per superare le difficolt\u00e0 e mantenere l&#8217;impegno delle parti interessate. Solo cos\u00ec si possono raggiungere obiettivi ambiziosi e duraturi.<\/p>","protected":false},"excerpt":{"rendered":"<p>Cos\u2019\u00e8 uno spazio di lavoro condiviso per le amministrazioni e perch\u00e9 sta diventando strategico Uno spazio di lavoro condiviso per le amministrazioni \u00e8 un ambiente fisico e digitale pensato per favorire la collaborazione tra enti, superando i confini organizzativi tradizionali. Non si tratta solo di \u201cstare nello stesso posto\u201d, ma di creare un contesto di [&hellip;]<\/p>\n","protected":false},"author":2,"featured_media":0,"comment_status":"closed","ping_status":"","sticky":false,"template":"","format":"standard","meta":{"_et_pb_use_builder":"","_et_pb_old_content":"","_et_gb_content_width":"","inline_featured_image":false,"footnotes":""},"categories":[1],"tags":[],"class_list":["post-20114","post","type-post","status-publish","format-standard","hentry","category-niet-gecategoriseerd"],"yoast_head":"<!-- This site is optimized with the Yoast SEO plugin v26.8 - https:\/\/yoast.com\/product\/yoast-seo-wordpress\/ -->\n<title>Spazio di lavoro condiviso per le amministrazioni - Yvie<\/title>\n<meta name=\"robots\" content=\"index, follow, max-snippet:-1, max-image-preview:large, max-video-preview:-1\" \/>\n<link rel=\"canonical\" href=\"https:\/\/yvie.com\/nl\/spazio-di-lavoro-condiviso-per-le-amministrazioni\/\" \/>\n<meta property=\"og:locale\" content=\"nl_NL\" \/>\n<meta property=\"og:type\" content=\"article\" \/>\n<meta property=\"og:title\" content=\"Spazio di lavoro condiviso per le amministrazioni - Yvie\" \/>\n<meta property=\"og:description\" content=\"Cos\u2019\u00e8 uno spazio di lavoro condiviso per le amministrazioni e perch\u00e9 sta diventando strategico Uno spazio di lavoro condiviso per le amministrazioni \u00e8 un ambiente fisico e digitale pensato per favorire la collaborazione tra enti, superando i confini organizzativi tradizionali. Non si tratta solo di \u201cstare nello stesso posto\u201d, ma di creare un contesto di [&hellip;]\" \/>\n<meta property=\"og:url\" content=\"https:\/\/yvie.com\/nl\/spazio-di-lavoro-condiviso-per-le-amministrazioni\/\" \/>\n<meta property=\"og:site_name\" content=\"Yvie\" \/>\n<meta property=\"article:published_time\" content=\"2025-10-10T05:33:32+00:00\" \/>\n<meta property=\"article:modified_time\" content=\"2026-04-29T09:21:27+00:00\" \/>\n<meta name=\"author\" content=\"Elles de Bruin-Rook\" \/>\n<meta name=\"twitter:card\" content=\"summary_large_image\" \/>\n<meta name=\"twitter:label1\" content=\"Geschreven door\" \/>\n\t<meta name=\"twitter:data1\" content=\"Elles de Bruin-Rook\" \/>\n\t<meta name=\"twitter:label2\" content=\"Geschatte leestijd\" \/>\n\t<meta name=\"twitter:data2\" content=\"4 minuten\" \/>\n<script type=\"application\/ld+json\" class=\"yoast-schema-graph\">{\"@context\":\"https:\/\/schema.org\",\"@graph\":[{\"@type\":\"Article\",\"@id\":\"https:\/\/yvie.com\/spazio-di-lavoro-condiviso-per-le-amministrazioni\/#article\",\"isPartOf\":{\"@id\":\"https:\/\/yvie.com\/spazio-di-lavoro-condiviso-per-le-amministrazioni\/\"},\"author\":{\"name\":\"Elles de Bruin-Rook\",\"@id\":\"https:\/\/yvie.com\/#\/schema\/person\/adc35d434b1bd4fc9a1645968e48cfae\"},\"headline\":\"Spazio di lavoro condiviso per le amministrazioni\",\"datePublished\":\"2025-10-10T05:33:32+00:00\",\"dateModified\":\"2026-04-29T09:21:27+00:00\",\"mainEntityOfPage\":{\"@id\":\"https:\/\/yvie.com\/spazio-di-lavoro-condiviso-per-le-amministrazioni\/\"},\"wordCount\":838,\"inLanguage\":\"nl-NL\"},{\"@type\":\"WebPage\",\"@id\":\"https:\/\/yvie.com\/spazio-di-lavoro-condiviso-per-le-amministrazioni\/\",\"url\":\"https:\/\/yvie.com\/spazio-di-lavoro-condiviso-per-le-amministrazioni\/\",\"name\":\"Spazio di lavoro condiviso per le amministrazioni - Yvie\",\"isPartOf\":{\"@id\":\"https:\/\/yvie.com\/#website\"},\"datePublished\":\"2025-10-10T05:33:32+00:00\",\"dateModified\":\"2026-04-29T09:21:27+00:00\",\"author\":{\"@id\":\"https:\/\/yvie.com\/#\/schema\/person\/adc35d434b1bd4fc9a1645968e48cfae\"},\"breadcrumb\":{\"@id\":\"https:\/\/yvie.com\/spazio-di-lavoro-condiviso-per-le-amministrazioni\/#breadcrumb\"},\"inLanguage\":\"nl-NL\",\"potentialAction\":[{\"@type\":\"ReadAction\",\"target\":[\"https:\/\/yvie.com\/spazio-di-lavoro-condiviso-per-le-amministrazioni\/\"]}]},{\"@type\":\"BreadcrumbList\",\"@id\":\"https:\/\/yvie.com\/spazio-di-lavoro-condiviso-per-le-amministrazioni\/#breadcrumb\",\"itemListElement\":[{\"@type\":\"ListItem\",\"position\":1,\"name\":\"Home\",\"item\":\"https:\/\/yvie.com\/\"},{\"@type\":\"ListItem\",\"position\":2,\"name\":\"Spazio di lavoro condiviso per le amministrazioni\"}]},{\"@type\":\"WebSite\",\"@id\":\"https:\/\/yvie.com\/#website\",\"url\":\"https:\/\/yvie.com\/\",\"name\":\"Yvie\",\"description\":\"\",\"potentialAction\":[{\"@type\":\"SearchAction\",\"target\":{\"@type\":\"EntryPoint\",\"urlTemplate\":\"https:\/\/yvie.com\/?s={search_term_string}\"},\"query-input\":{\"@type\":\"PropertyValueSpecification\",\"valueRequired\":true,\"valueName\":\"search_term_string\"}}],\"inLanguage\":\"nl-NL\"},{\"@type\":\"Person\",\"@id\":\"https:\/\/yvie.com\/#\/schema\/person\/adc35d434b1bd4fc9a1645968e48cfae\",\"name\":\"Elles de Bruin-Rook\",\"url\":\"https:\/\/yvie.com\/nl\/author\/elles\/\"}]}<\/script>\n<!-- \/ Yoast SEO plugin. -->","yoast_head_json":{"title":"Spazio di lavoro condiviso per le amministrazioni - Yvie","robots":{"index":"index","follow":"follow","max-snippet":"max-snippet:-1","max-image-preview":"max-image-preview:large","max-video-preview":"max-video-preview:-1"},"canonical":"https:\/\/yvie.com\/nl\/spazio-di-lavoro-condiviso-per-le-amministrazioni\/","og_locale":"nl_NL","og_type":"article","og_title":"Spazio di lavoro condiviso per le amministrazioni - Yvie","og_description":"Cos\u2019\u00e8 uno spazio di lavoro condiviso per le amministrazioni e perch\u00e9 sta diventando strategico Uno spazio di lavoro condiviso per le amministrazioni \u00e8 un ambiente fisico e digitale pensato per favorire la collaborazione tra enti, superando i confini organizzativi tradizionali. Non si tratta solo di \u201cstare nello stesso posto\u201d, ma di creare un contesto di [&hellip;]","og_url":"https:\/\/yvie.com\/nl\/spazio-di-lavoro-condiviso-per-le-amministrazioni\/","og_site_name":"Yvie","article_published_time":"2025-10-10T05:33:32+00:00","article_modified_time":"2026-04-29T09:21:27+00:00","author":"Elles de Bruin-Rook","twitter_card":"summary_large_image","twitter_misc":{"Geschreven door":"Elles de Bruin-Rook","Geschatte leestijd":"4 minuten"},"schema":{"@context":"https:\/\/schema.org","@graph":[{"@type":"Article","@id":"https:\/\/yvie.com\/spazio-di-lavoro-condiviso-per-le-amministrazioni\/#article","isPartOf":{"@id":"https:\/\/yvie.com\/spazio-di-lavoro-condiviso-per-le-amministrazioni\/"},"author":{"name":"Elles de Bruin-Rook","@id":"https:\/\/yvie.com\/#\/schema\/person\/adc35d434b1bd4fc9a1645968e48cfae"},"headline":"Spazio di lavoro condiviso per le amministrazioni","datePublished":"2025-10-10T05:33:32+00:00","dateModified":"2026-04-29T09:21:27+00:00","mainEntityOfPage":{"@id":"https:\/\/yvie.com\/spazio-di-lavoro-condiviso-per-le-amministrazioni\/"},"wordCount":838,"inLanguage":"nl-NL"},{"@type":"WebPage","@id":"https:\/\/yvie.com\/spazio-di-lavoro-condiviso-per-le-amministrazioni\/","url":"https:\/\/yvie.com\/spazio-di-lavoro-condiviso-per-le-amministrazioni\/","name":"Spazio di lavoro condiviso per le amministrazioni - Yvie","isPartOf":{"@id":"https:\/\/yvie.com\/#website"},"datePublished":"2025-10-10T05:33:32+00:00","dateModified":"2026-04-29T09:21:27+00:00","author":{"@id":"https:\/\/yvie.com\/#\/schema\/person\/adc35d434b1bd4fc9a1645968e48cfae"},"breadcrumb":{"@id":"https:\/\/yvie.com\/spazio-di-lavoro-condiviso-per-le-amministrazioni\/#breadcrumb"},"inLanguage":"nl-NL","potentialAction":[{"@type":"ReadAction","target":["https:\/\/yvie.com\/spazio-di-lavoro-condiviso-per-le-amministrazioni\/"]}]},{"@type":"BreadcrumbList","@id":"https:\/\/yvie.com\/spazio-di-lavoro-condiviso-per-le-amministrazioni\/#breadcrumb","itemListElement":[{"@type":"ListItem","position":1,"name":"Home","item":"https:\/\/yvie.com\/"},{"@type":"ListItem","position":2,"name":"Spazio di lavoro condiviso per le amministrazioni"}]},{"@type":"WebSite","@id":"https:\/\/yvie.com\/#website","url":"https:\/\/yvie.com\/","name":"Yvie","description":"","potentialAction":[{"@type":"SearchAction","target":{"@type":"EntryPoint","urlTemplate":"https:\/\/yvie.com\/?s={search_term_string}"},"query-input":{"@type":"PropertyValueSpecification","valueRequired":true,"valueName":"search_term_string"}}],"inLanguage":"nl-NL"},{"@type":"Person","@id":"https:\/\/yvie.com\/#\/schema\/person\/adc35d434b1bd4fc9a1645968e48cfae","name":"Elles de Bruin-Rook","url":"https:\/\/yvie.com\/nl\/author\/elles\/"}]}},"_links":{"self":[{"href":"https:\/\/yvie.com\/nl\/wp-json\/wp\/v2\/posts\/20114","targetHints":{"allow":["GET"]}}],"collection":[{"href":"https:\/\/yvie.com\/nl\/wp-json\/wp\/v2\/posts"}],"about":[{"href":"https:\/\/yvie.com\/nl\/wp-json\/wp\/v2\/types\/post"}],"author":[{"embeddable":true,"href":"https:\/\/yvie.com\/nl\/wp-json\/wp\/v2\/users\/2"}],"replies":[{"embeddable":true,"href":"https:\/\/yvie.com\/nl\/wp-json\/wp\/v2\/comments?post=20114"}],"version-history":[{"count":1,"href":"https:\/\/yvie.com\/nl\/wp-json\/wp\/v2\/posts\/20114\/revisions"}],"predecessor-version":[{"id":20115,"href":"https:\/\/yvie.com\/nl\/wp-json\/wp\/v2\/posts\/20114\/revisions\/20115"}],"wp:attachment":[{"href":"https:\/\/yvie.com\/nl\/wp-json\/wp\/v2\/media?parent=20114"}],"wp:term":[{"taxonomy":"category","embeddable":true,"href":"https:\/\/yvie.com\/nl\/wp-json\/wp\/v2\/categories?post=20114"},{"taxonomy":"post_tag","embeddable":true,"href":"https:\/\/yvie.com\/nl\/wp-json\/wp\/v2\/tags?post=20114"}],"curies":[{"name":"wp","href":"https:\/\/api.w.org\/{rel}","templated":true}]}}