{"id":3800,"date":"2025-01-20T00:00:00","date_gmt":"2025-01-20T00:00:00","guid":{"rendered":"https:\/\/yvie.com\/?p=3800"},"modified":"2025-07-14T11:33:05","modified_gmt":"2025-07-14T11:33:05","slug":"des-contes-captivants-a-partager-avec-les-enfants-pour-eveiller-leur-imagination","status":"publish","type":"post","link":"https:\/\/yvie.com\/nl\/des-contes-captivants-a-partager-avec-les-enfants-pour-eveiller-leur-imagination\/","title":{"rendered":"Des contes captivants \u00e0 partager avec les enfants pour \u00e9veiller leur imagination"},"content":{"rendered":"<p>Les histoires ont toujours occup\u00e9 une place centrale dans le d\u00e9veloppement linguistique des enfants. Ces r\u00e9cits captivants permettent non seulement de stimuler l&#8217;imagination, mais aussi d&#8217;enrichir le vocabulaire et de renforcer les comp\u00e9tences de communication. \u00c0 travers les contes, les enfants apprennent \u00e0 exprimer leurs pens\u00e9es et leurs \u00e9motions, tout en s&#8217;immergeant dans des mondes fascinants et vari\u00e9s.<\/p>\n<p>En partageant des histoires, parents et \u00e9ducateurs jouent un r\u00f4le cl\u00e9 dans l&#8217;apprentissage des plus jeunes. Les narrations permettent d&#8217;aborder des th\u00e8mes universels tels que l&#8217;amiti\u00e9, le courage et la diff\u00e9rence, tout en offrant des le\u00e7ons de vie pr\u00e9cieuses. Ainsi, les histoires deviennent un outil puissant pour d\u00e9velopper la compr\u00e9hension et l&#8217;empathie chez les enfants.<\/p>\n<p>Que ce soit au coin du feu ou dans un parc, les moments pass\u00e9s \u00e0 \u00e9couter des histoires renforcent les liens affectifs. C&#8217;est dans cette atmosph\u00e8re chaleureuse que les enfants se familiarisent avec les mots et apprennent \u00e0 les manipuler, contribuant \u00e0 leur \u00e9panouissement linguistique et personnel.<\/p>\n<h2>Choisir des contes adapt\u00e9s \u00e0 l&#8217;\u00e2ge de l&#8217;enfant<\/h2>\n<p>Lorsqu&#8217;il s&#8217;agit de s\u00e9lectionner des histoires \u00e0 raconter aux enfants, il est fondamental de prendre en compte leur \u00e2ge. Les contes doivent correspondre \u00e0 leur stade de d\u00e9veloppement, tant sur le plan cognitif que sur le d\u00e9veloppement linguistique. Pour les tr\u00e8s jeunes enfants, optez pour des histoires simples avec des illustrations color\u00e9es et des r\u00e9p\u00e9titions encourageant la participation. Ces \u00e9l\u00e9ments stimulent leur curiosit\u00e9 et leur permettent d&#8217;assimiler le langage plus facilement.<\/p>\n<p>\u00c0 mesure que les enfants grandissent, leurs int\u00e9r\u00eats et capacit\u00e9s \u00e9voluent. Les histoires plus complexes, avec des intrigues captivantes et des personnages divers, vont leur permettre d&#8217;explorer des \u00e9motions et des situations vari\u00e9es. Cela favorise aussi un enrichissement de leur vocabulaire et une meilleure compr\u00e9hension narrative.<\/p>\n<p>Il est \u00e9galement b\u00e9n\u00e9fique d&#8217;int\u00e9grer des contes issus de diff\u00e9rentes cultures pour \u00e9largir leurs horizons. Cela favorise non seulement la diversit\u00e9 mais aussi l&#8217;apprentissage des valeurs et des traditions d&#8217;autres peuples. En r\u00e9sum\u00e9, choisir des contes adapt\u00e9s \u00e0 l&#8217;\u00e2ge de l&#8217;enfant repr\u00e9sente un moyen efficace de soutenir leur d\u00e9veloppement linguistique et personnel tout en stimulant leur imagination.<\/p>\n<h2>Techniques pour captiver l&#8217;attention des jeunes auditeurs<\/h2>\n<p>Pour rendre le moment de la narration m\u00e9morable, il est crucial d&#8217;int\u00e9grer des \u00e9l\u00e9ments interactifs. La <strong>lecture interactive<\/strong> permet aux enfants de participer activement \u00e0 l&#8217;histoire, tout en stimulant leur imagination. Poser des questions et inviter les enfants \u00e0 deviner la suite de l\u2019histoire favorise leur engagement et leur curiosit\u00e9.<\/p>\n<p>Le <strong>partage oral<\/strong> est \u00e9galement une technique efficace. En utilisant des tons vari\u00e9s et des expressions faciales, le narrateur peut donner vie aux personnages, rendant l&#8217;histoire plus dynamique. Les enfants sont naturellement attir\u00e9s par les r\u00e9cits qui \u00e9veillent leurs \u00e9motions.<\/p>\n<p>Encourager le d\u00e9veloppement linguistique est une autre approche b\u00e9n\u00e9fique. En int\u00e9grant des mots nouveaux ou des phrases simples pendant la narration, on enrichit le vocabulaire des jeunes auditeurs sans qu&#8217;ils s&#8217;en rendent compte. Cela cr\u00e9e un environnement d&#8217;apprentissage ludique et agr\u00e9able.<\/p>\n<h2>Int\u00e9grer des le\u00e7ons morales dans les r\u00e9cits<\/h2>\n<p>Les contes pour enfants sont bien plus que de simples histoires divertissantes. Ils constituent un moyen puissant de transmettre des le\u00e7ons morales qui peuvent accompagner les jeunes dans leur d\u00e9veloppement personnel. En int\u00e9grant des messages \u00e9thiques, les r\u00e9cits deviennent des outils de compr\u00e9hension et d&#8217;\u00e9ducation.<\/p>\n<p>Lorsque vous choisissez d&#8217;inclure une morale dans une histoire, pensez \u00e0 des th\u00e8mes accessibles et significatifs pour les enfants. Voici quelques exemples de le\u00e7ons morales que l&#8217;on peut int\u00e9grer :<\/p>\n<ul>\n<li>La valeur de l&#8217;amiti\u00e9<\/li>\n<li>Le respect des diff\u00e9rences<\/li>\n<li>L&#8217;importance de l&#8217;honn\u00eatet\u00e9<\/li>\n<li>Le courage face aux d\u00e9fis<\/li>\n<li>La gentillesse et l\u2019entraide<\/li>\n<\/ul>\n<p>Ces le\u00e7ons peuvent \u00eatre introduites subtilement \u00e0 travers les actions et les choix des personnages. Cela permet aux enfants d&#8217;associer les incidents de la vie quotidienne avec des valeurs \u00e9thiques, facilitant leur compr\u00e9hension. Les histoires deviennent alors des occasions de partage oral, o\u00f9 les jeunes auditeurs peuvent discuter et poser des questions sur les le\u00e7ons qu&#8217;ils ont apprises.<\/p>\n<p>Pour enrichir cette exp\u00e9rience, n\u2019h\u00e9sitez pas \u00e0 proposer des activit\u00e9s \u00e9ducatives en rapport avec les histoires racont\u00e9es. Par exemple :<\/p>\n<ol>\n<li>Organiser des jeux de r\u00f4le bas\u00e9s sur les r\u00e9cits<\/li>\n<li>Encourager les enfants \u00e0 cr\u00e9er leurs propres fins d&#8217;histoire avec d&#8217;autres morales<\/li>\n<li>Discuter des choix des personnages et de leurs cons\u00e9quences<\/li>\n<\/ol>\n<p>Ces activit\u00e9s peuvent renforcer le d\u00e9veloppement linguistique tout en rendant l&#8217;apprentissage ludique et interactif. Pour d\u00e9couvrir d&#8217;autres ressources sur ce sujet, vous pouvez visiter <a href=\"https:\/\/mediatheque-lecreusot.com\/\">https:\/\/mediatheque-lecreusot.com\/<\/a>.<\/p>\n<h2>Cr\u00e9er des histoires personnalis\u00e9es pour renforcer les liens familiaux<\/h2>\n<p>Raconter des histoires personnalis\u00e9es \u00e0 vos enfants est une activit\u00e9 enrichissante qui favorise le partage oral entre parents et enfants. En int\u00e9grant des \u00e9l\u00e9ments de leur quotidien, comme des amis ou des lieux familiers, chaque r\u00e9cit devient une aventure unique qui leur parle directement. Ce processus de cr\u00e9ation permet de renforcer non seulement l&#8217;imaginaire de vos enfants, mais aussi les liens affectifs familiaux.<\/p>\n<p>Impliquer tous les membres de la famille dans l&#8217;\u00e9laboration des r\u00e9cits peut \u00e9galement transformer cette activit\u00e9 en un moment de convivialit\u00e9. Chacun peut apporter ses id\u00e9es, ses souvenirs ou m\u00eame ses propres exp\u00e9riences, enrichissant ainsi l&#8217;histoire collective. Ce partage cr\u00e9e une atmosph\u00e8re d&#8217;\u00e9coute et de collaboration qui booste le d\u00e9veloppement linguistique des jeunes narrateurs.<\/p>\n<p>Les histoires personnalis\u00e9es peuvent \u00e9galement servir d&#8217;outils dans le cadre d&#8217;activit\u00e9s \u00e9ducatives. En int\u00e9grant des th\u00e8mes d&#8217;apprentissage, comme les couleurs, les chiffres ou la nature, les enfants peuvent assimiler de nouvelles connaissances tout en s&#8217;amusant. Raconter ces histoires ensemble encourage non seulement la cr\u00e9ativit\u00e9, mais instille \u00e9galement des le\u00e7ons pr\u00e9cieuses sur la famille, l&#8217;amiti\u00e9 et l&#8217;entraide.<\/p>","protected":false},"excerpt":{"rendered":"<p>Les histoires ont toujours occup\u00e9 une place centrale dans le d\u00e9veloppement linguistique des enfants. Ces r\u00e9cits captivants permettent non seulement de stimuler l&#8217;imagination, mais aussi d&#8217;enrichir le vocabulaire et de renforcer les comp\u00e9tences de communication. \u00c0 travers les contes, les enfants apprennent \u00e0 exprimer leurs pens\u00e9es et leurs \u00e9motions, tout en s&#8217;immergeant dans des mondes [&hellip;]<\/p>\n","protected":false},"author":2,"featured_media":0,"comment_status":"closed","ping_status":"","sticky":false,"template":"","format":"standard","meta":{"_et_pb_use_builder":"","_et_pb_old_content":"","_et_gb_content_width":"","inline_featured_image":false,"footnotes":""},"categories":[1],"tags":[],"class_list":["post-3800","post","type-post","status-publish","format-standard","hentry","category-niet-gecategoriseerd"],"yoast_head":"<!-- This site is optimized with the Yoast SEO plugin v26.8 - https:\/\/yoast.com\/product\/yoast-seo-wordpress\/ -->\n<title>Des contes captivants \u00e0 partager avec les enfants pour \u00e9veiller leur imagination - Yvie<\/title>\n<meta name=\"robots\" content=\"index, follow, max-snippet:-1, max-image-preview:large, max-video-preview:-1\" \/>\n<link rel=\"canonical\" href=\"https:\/\/yvie.com\/nl\/des-contes-captivants-a-partager-avec-les-enfants-pour-eveiller-leur-imagination\/\" \/>\n<meta property=\"og:locale\" content=\"nl_NL\" \/>\n<meta property=\"og:type\" content=\"article\" \/>\n<meta property=\"og:title\" content=\"Des contes captivants \u00e0 partager avec les enfants pour \u00e9veiller leur imagination - Yvie\" \/>\n<meta property=\"og:description\" content=\"Les histoires ont toujours occup\u00e9 une place centrale dans le d\u00e9veloppement linguistique des enfants. Ces r\u00e9cits captivants permettent non seulement de stimuler l&#8217;imagination, mais aussi d&#8217;enrichir le vocabulaire et de renforcer les comp\u00e9tences de communication. \u00c0 travers les contes, les enfants apprennent \u00e0 exprimer leurs pens\u00e9es et leurs \u00e9motions, tout en s&#8217;immergeant dans des mondes [&hellip;]\" \/>\n<meta property=\"og:url\" content=\"https:\/\/yvie.com\/nl\/des-contes-captivants-a-partager-avec-les-enfants-pour-eveiller-leur-imagination\/\" \/>\n<meta property=\"og:site_name\" content=\"Yvie\" \/>\n<meta property=\"article:published_time\" content=\"2025-01-20T00:00:00+00:00\" \/>\n<meta property=\"article:modified_time\" content=\"2025-07-14T11:33:05+00:00\" \/>\n<meta name=\"author\" content=\"Elles de Bruin-Rook\" \/>\n<meta name=\"twitter:card\" content=\"summary_large_image\" \/>\n<meta name=\"twitter:label1\" content=\"Geschreven door\" \/>\n\t<meta name=\"twitter:data1\" content=\"Elles de Bruin-Rook\" \/>\n\t<meta name=\"twitter:label2\" content=\"Geschatte leestijd\" \/>\n\t<meta name=\"twitter:data2\" content=\"5 minuten\" \/>\n<script type=\"application\/ld+json\" class=\"yoast-schema-graph\">{\"@context\":\"https:\/\/schema.org\",\"@graph\":[{\"@type\":\"Article\",\"@id\":\"https:\/\/yvie.com\/des-contes-captivants-a-partager-avec-les-enfants-pour-eveiller-leur-imagination\/#article\",\"isPartOf\":{\"@id\":\"https:\/\/yvie.com\/des-contes-captivants-a-partager-avec-les-enfants-pour-eveiller-leur-imagination\/\"},\"author\":{\"name\":\"Elles de Bruin-Rook\",\"@id\":\"https:\/\/yvie.com\/#\/schema\/person\/adc35d434b1bd4fc9a1645968e48cfae\"},\"headline\":\"Des contes captivants \u00e0 partager avec les enfants pour \u00e9veiller leur imagination\",\"datePublished\":\"2025-01-20T00:00:00+00:00\",\"dateModified\":\"2025-07-14T11:33:05+00:00\",\"mainEntityOfPage\":{\"@id\":\"https:\/\/yvie.com\/des-contes-captivants-a-partager-avec-les-enfants-pour-eveiller-leur-imagination\/\"},\"wordCount\":997,\"inLanguage\":\"nl-NL\"},{\"@type\":\"WebPage\",\"@id\":\"https:\/\/yvie.com\/des-contes-captivants-a-partager-avec-les-enfants-pour-eveiller-leur-imagination\/\",\"url\":\"https:\/\/yvie.com\/des-contes-captivants-a-partager-avec-les-enfants-pour-eveiller-leur-imagination\/\",\"name\":\"Des contes captivants \u00e0 partager avec les enfants pour \u00e9veiller leur imagination - Yvie\",\"isPartOf\":{\"@id\":\"https:\/\/yvie.com\/#website\"},\"datePublished\":\"2025-01-20T00:00:00+00:00\",\"dateModified\":\"2025-07-14T11:33:05+00:00\",\"author\":{\"@id\":\"https:\/\/yvie.com\/#\/schema\/person\/adc35d434b1bd4fc9a1645968e48cfae\"},\"breadcrumb\":{\"@id\":\"https:\/\/yvie.com\/des-contes-captivants-a-partager-avec-les-enfants-pour-eveiller-leur-imagination\/#breadcrumb\"},\"inLanguage\":\"nl-NL\",\"potentialAction\":[{\"@type\":\"ReadAction\",\"target\":[\"https:\/\/yvie.com\/des-contes-captivants-a-partager-avec-les-enfants-pour-eveiller-leur-imagination\/\"]}]},{\"@type\":\"BreadcrumbList\",\"@id\":\"https:\/\/yvie.com\/des-contes-captivants-a-partager-avec-les-enfants-pour-eveiller-leur-imagination\/#breadcrumb\",\"itemListElement\":[{\"@type\":\"ListItem\",\"position\":1,\"name\":\"Home\",\"item\":\"https:\/\/yvie.com\/\"},{\"@type\":\"ListItem\",\"position\":2,\"name\":\"Des contes captivants \u00e0 partager avec les enfants pour \u00e9veiller leur imagination\"}]},{\"@type\":\"WebSite\",\"@id\":\"https:\/\/yvie.com\/#website\",\"url\":\"https:\/\/yvie.com\/\",\"name\":\"Yvie\",\"description\":\"\",\"potentialAction\":[{\"@type\":\"SearchAction\",\"target\":{\"@type\":\"EntryPoint\",\"urlTemplate\":\"https:\/\/yvie.com\/?s={search_term_string}\"},\"query-input\":{\"@type\":\"PropertyValueSpecification\",\"valueRequired\":true,\"valueName\":\"search_term_string\"}}],\"inLanguage\":\"nl-NL\"},{\"@type\":\"Person\",\"@id\":\"https:\/\/yvie.com\/#\/schema\/person\/adc35d434b1bd4fc9a1645968e48cfae\",\"name\":\"Elles de Bruin-Rook\",\"url\":\"https:\/\/yvie.com\/nl\/author\/elles\/\"}]}<\/script>\n<!-- \/ Yoast SEO plugin. -->","yoast_head_json":{"title":"Des contes captivants \u00e0 partager avec les enfants pour \u00e9veiller leur imagination - Yvie","robots":{"index":"index","follow":"follow","max-snippet":"max-snippet:-1","max-image-preview":"max-image-preview:large","max-video-preview":"max-video-preview:-1"},"canonical":"https:\/\/yvie.com\/nl\/des-contes-captivants-a-partager-avec-les-enfants-pour-eveiller-leur-imagination\/","og_locale":"nl_NL","og_type":"article","og_title":"Des contes captivants \u00e0 partager avec les enfants pour \u00e9veiller leur imagination - Yvie","og_description":"Les histoires ont toujours occup\u00e9 une place centrale dans le d\u00e9veloppement linguistique des enfants. Ces r\u00e9cits captivants permettent non seulement de stimuler l&#8217;imagination, mais aussi d&#8217;enrichir le vocabulaire et de renforcer les comp\u00e9tences de communication. \u00c0 travers les contes, les enfants apprennent \u00e0 exprimer leurs pens\u00e9es et leurs \u00e9motions, tout en s&#8217;immergeant dans des mondes [&hellip;]","og_url":"https:\/\/yvie.com\/nl\/des-contes-captivants-a-partager-avec-les-enfants-pour-eveiller-leur-imagination\/","og_site_name":"Yvie","article_published_time":"2025-01-20T00:00:00+00:00","article_modified_time":"2025-07-14T11:33:05+00:00","author":"Elles de Bruin-Rook","twitter_card":"summary_large_image","twitter_misc":{"Geschreven door":"Elles de Bruin-Rook","Geschatte leestijd":"5 minuten"},"schema":{"@context":"https:\/\/schema.org","@graph":[{"@type":"Article","@id":"https:\/\/yvie.com\/des-contes-captivants-a-partager-avec-les-enfants-pour-eveiller-leur-imagination\/#article","isPartOf":{"@id":"https:\/\/yvie.com\/des-contes-captivants-a-partager-avec-les-enfants-pour-eveiller-leur-imagination\/"},"author":{"name":"Elles de Bruin-Rook","@id":"https:\/\/yvie.com\/#\/schema\/person\/adc35d434b1bd4fc9a1645968e48cfae"},"headline":"Des contes captivants \u00e0 partager avec les enfants pour \u00e9veiller leur imagination","datePublished":"2025-01-20T00:00:00+00:00","dateModified":"2025-07-14T11:33:05+00:00","mainEntityOfPage":{"@id":"https:\/\/yvie.com\/des-contes-captivants-a-partager-avec-les-enfants-pour-eveiller-leur-imagination\/"},"wordCount":997,"inLanguage":"nl-NL"},{"@type":"WebPage","@id":"https:\/\/yvie.com\/des-contes-captivants-a-partager-avec-les-enfants-pour-eveiller-leur-imagination\/","url":"https:\/\/yvie.com\/des-contes-captivants-a-partager-avec-les-enfants-pour-eveiller-leur-imagination\/","name":"Des contes captivants \u00e0 partager avec les enfants pour \u00e9veiller leur imagination - Yvie","isPartOf":{"@id":"https:\/\/yvie.com\/#website"},"datePublished":"2025-01-20T00:00:00+00:00","dateModified":"2025-07-14T11:33:05+00:00","author":{"@id":"https:\/\/yvie.com\/#\/schema\/person\/adc35d434b1bd4fc9a1645968e48cfae"},"breadcrumb":{"@id":"https:\/\/yvie.com\/des-contes-captivants-a-partager-avec-les-enfants-pour-eveiller-leur-imagination\/#breadcrumb"},"inLanguage":"nl-NL","potentialAction":[{"@type":"ReadAction","target":["https:\/\/yvie.com\/des-contes-captivants-a-partager-avec-les-enfants-pour-eveiller-leur-imagination\/"]}]},{"@type":"BreadcrumbList","@id":"https:\/\/yvie.com\/des-contes-captivants-a-partager-avec-les-enfants-pour-eveiller-leur-imagination\/#breadcrumb","itemListElement":[{"@type":"ListItem","position":1,"name":"Home","item":"https:\/\/yvie.com\/"},{"@type":"ListItem","position":2,"name":"Des contes captivants \u00e0 partager avec les enfants pour \u00e9veiller leur imagination"}]},{"@type":"WebSite","@id":"https:\/\/yvie.com\/#website","url":"https:\/\/yvie.com\/","name":"Yvie","description":"","potentialAction":[{"@type":"SearchAction","target":{"@type":"EntryPoint","urlTemplate":"https:\/\/yvie.com\/?s={search_term_string}"},"query-input":{"@type":"PropertyValueSpecification","valueRequired":true,"valueName":"search_term_string"}}],"inLanguage":"nl-NL"},{"@type":"Person","@id":"https:\/\/yvie.com\/#\/schema\/person\/adc35d434b1bd4fc9a1645968e48cfae","name":"Elles de Bruin-Rook","url":"https:\/\/yvie.com\/nl\/author\/elles\/"}]}},"_links":{"self":[{"href":"https:\/\/yvie.com\/nl\/wp-json\/wp\/v2\/posts\/3800","targetHints":{"allow":["GET"]}}],"collection":[{"href":"https:\/\/yvie.com\/nl\/wp-json\/wp\/v2\/posts"}],"about":[{"href":"https:\/\/yvie.com\/nl\/wp-json\/wp\/v2\/types\/post"}],"author":[{"embeddable":true,"href":"https:\/\/yvie.com\/nl\/wp-json\/wp\/v2\/users\/2"}],"replies":[{"embeddable":true,"href":"https:\/\/yvie.com\/nl\/wp-json\/wp\/v2\/comments?post=3800"}],"version-history":[{"count":1,"href":"https:\/\/yvie.com\/nl\/wp-json\/wp\/v2\/posts\/3800\/revisions"}],"predecessor-version":[{"id":3801,"href":"https:\/\/yvie.com\/nl\/wp-json\/wp\/v2\/posts\/3800\/revisions\/3801"}],"wp:attachment":[{"href":"https:\/\/yvie.com\/nl\/wp-json\/wp\/v2\/media?parent=3800"}],"wp:term":[{"taxonomy":"category","embeddable":true,"href":"https:\/\/yvie.com\/nl\/wp-json\/wp\/v2\/categories?post=3800"},{"taxonomy":"post_tag","embeddable":true,"href":"https:\/\/yvie.com\/nl\/wp-json\/wp\/v2\/tags?post=3800"}],"curies":[{"name":"wp","href":"https:\/\/api.w.org\/{rel}","templated":true}]}}