{"id":4261,"date":"2025-02-03T00:00:00","date_gmt":"2025-02-03T00:00:00","guid":{"rendered":"https:\/\/yvie.com\/?p=4261"},"modified":"2025-07-30T10:54:22","modified_gmt":"2025-07-30T10:54:22","slug":"jak-celit-vyzvam-ekologicke-krize-a-stavu-nouze-v-modernim-svete","status":"publish","type":"post","link":"https:\/\/yvie.com\/nl\/jak-celit-vyzvam-ekologicke-krize-a-stavu-nouze-v-modernim-svete\/","title":{"rendered":"Jak \u010delit v\u00fdzv\u00e1m ekologick\u00e9 krize a stavu nouze v modern\u00edm sv\u011bt\u011b"},"content":{"rendered":"<p>V sou\u010dasn\u00e9 dob\u011b se na\u0161e spole\u010dnost pot\u00fdk\u00e1 s v\u00e1\u017en\u00fdmi v\u00fdzvami, kter\u00e9 vy\u017eaduj\u00ed okam\u017eitou pozornost a efektivn\u00ed opat\u0159en\u00ed. N\u00e1zory v\u011bdc\u016f na tuto problematiku ukazuj\u00ed, \u017ee bez adekv\u00e1tn\u00ed reakce m\u016f\u017ee b\u00fdt budoucnost ohro\u017eena. Je nezbytn\u00e9 p\u0159ehodnotit na\u0161e p\u0159\u00edstupy a hledat inovativn\u00ed \u0159e\u0161en\u00ed, kter\u00e1 n\u00e1m pomohou p\u0159ekonat sou\u010dasn\u00e9 pot\u00ed\u017ee.<\/p>\n<p>Jedn\u00edm z kl\u00ed\u010dov\u00fdch aspekt\u016f v boji proti t\u011bmto v\u00fdzv\u00e1m je implementace r\u016fzn\u00fdch opat\u0159en\u00ed, kter\u00e9 mohou p\u0159isp\u011bt k dlouhodob\u00e9 udr\u017eitelnosti a ochran\u011b p\u0159\u00edrody. Od sni\u017eov\u00e1n\u00ed emis\u00ed a vyu\u017e\u00edv\u00e1n\u00ed obnoviteln\u00fdch zdroj\u016f energie po podporu ekologick\u00e9ho zem\u011bd\u011blstv\u00ed, existuje \u0161irok\u00fd reperto\u00e1r strategi\u00ed, kter\u00e9 mohou v\u00fdrazn\u011b ovlivnit na\u0161i budoucnost.<\/p>\n<p>Je d\u016fle\u017eit\u00e9, aby ka\u017ed\u00e1 jednotliv\u00e1 osoba, spole\u010dnosti i vl\u00e1dy spolupracovaly na dosa\u017een\u00ed spole\u010dn\u00e9ho c\u00edle. Spol\u00e9hat se pouze na n\u00e1hodn\u00e1 opat\u0159en\u00ed by nebylo rozumn\u00e9, a proto je t\u0159eba se inspirovat odborn\u00fdmi stanovisky a vytv\u00e1\u0159et komplexn\u00ed ak\u010dn\u00ed pl\u00e1ny, kter\u00e9 reflektuj\u00ed nal\u00e9havost situace.<\/p>\n<h2>Praktick\u00e9 kroky k \u00faspor\u00e1m vody v dom\u00e1cnosti<\/h2>\n<p>V p\u0159\u00edpad\u011b nal\u00e9havosti a nedostatku vody se st\u00e1v\u00e1 \u00faspora vody v dom\u00e1cnostech prioritou. Ka\u017ed\u00fd m\u016f\u017ee p\u0159isp\u011bt k ochran\u011b tohoto d\u016fle\u017eit\u00e9ho zdroje a sn\u00ed\u017eit jeho spot\u0159ebu prost\u0159ednictv\u00edm n\u011bkolika jednoduch\u00fdch opat\u0159en\u00ed.<\/p>\n<p>Za\u010dn\u011bte instalac\u00ed \u00fasporn\u00fdch za\u0159\u00edzen\u00ed. To zahrnuje sprchy s n\u00edzk\u00fdm pr\u016ftokem a perl\u00e1tory na vodovodn\u00edch kohoutc\u00edch. Tyto prvky dok\u00e1\u017eou zna\u010dn\u011b sn\u00ed\u017eit mno\u017estv\u00ed spot\u0159ebovan\u00e9 vody bez ovlivn\u011bn\u00ed komfortu p\u0159i pou\u017e\u00edv\u00e1n\u00ed.<\/p>\n<p>Dal\u0161\u00ed mo\u017enost\u00ed je shroma\u017e\u010fov\u00e1n\u00ed de\u0161\u0165ov\u00e9 vody. Speci\u00e1ln\u00ed n\u00e1dr\u017ee umo\u017e\u0148uj\u00ed zachyt\u00e1vat sr\u00e1\u017eky, kter\u00e9 mohou b\u00fdt vyu\u017eity pro zavla\u017eov\u00e1n\u00ed zahrady nebo splachov\u00e1n\u00ed toalet. T\u00edmto zp\u016fsobem se sn\u00ed\u017e\u00ed spot\u0159eba pitn\u00e9 vody a povede se k efektivn\u011bj\u0161\u00edmu vyu\u017e\u00edv\u00e1n\u00ed p\u0159\u00edrodn\u00edch zdroj\u016f.<\/p>\n<p>P\u0159ehodnocen\u00ed ka\u017edodenn\u00edch n\u00e1vyk\u016f m\u00e1 tak\u00e9 v\u00fdznamn\u00fd dopad. Nap\u0159\u00edklad p\u0159i myt\u00ed n\u00e1dob\u00ed se doporu\u010duje pou\u017e\u00edvat umyvadlo m\u00edsto pu\u0161t\u011bn\u00ed vody z kohoutku. Stejn\u011b tak, pran\u00ed pr\u00e1dla je dobr\u00e9 prov\u00e1d\u011bt pouze s plnou n\u00e1pln\u00ed pra\u010dky, co\u017e v\u00fdrazn\u011b sni\u017euje spot\u0159ebu.<\/p>\n<p>P\u00e9\u010de o vodovodn\u00ed syst\u00e9my je dal\u0161\u00edm d\u016fle\u017eit\u00fdm krokem. Pravideln\u00e1 kontrola a \u00fadr\u017eba potrub\u00ed pom\u016f\u017ee odhalit mo\u017en\u00e9 net\u011bsnosti, kter\u00e9 mohou v\u00e9st k nadm\u011brn\u00fdm ztr\u00e1t\u00e1m vody. \u00da\u010dinn\u00e1 \u0159e\u0161en\u00ed zahrnuj\u00ed v\u010dasn\u00e9 opravy a v\u00fdm\u011bny zastaral\u00fdch za\u0159\u00edzen\u00ed.<\/p>\n<p>V\u00fdchova a informovanost dom\u00e1cnosti hraj\u00ed kl\u00ed\u010dovou roli. Zapojen\u00ed v\u0161ech \u010dlen\u016f rodiny do \u00fasporn\u00fdch aktivit, jako je spole\u010dn\u00e9 sledov\u00e1n\u00ed spot\u0159eby vody, pos\u00edl\u00ed uv\u011bdom\u011bn\u00ed o tomto d\u016fle\u017eit\u00e9m t\u00e9matu a podpo\u0159\u00ed jejich aktivn\u00ed \u00fa\u010dast na ochrann\u011b p\u0159\u00edrodn\u00edch zdroj\u016f.<\/p>\n<p>P\u0159ijet\u00edm t\u011bchto krok\u016f dnes m\u016f\u017eeme chr\u00e1nit budouc\u00ed generace p\u0159ed akutn\u00edm nedostatkem vody a p\u0159isp\u011bt k udr\u017eitelnosti na\u0161ich dom\u00e1cnost\u00ed v \u010dasech, kdy je to obzvl\u00e1\u0161t\u011b pot\u0159ebn\u00e9.<\/p>\n<h2>Jak se zapojit do m\u00edstn\u00edch ekologick\u00fdch iniciativ<\/h2>\n<p>Pro aktivn\u00ed \u00fa\u010dast v m\u00edstn\u00edch environment\u00e1ln\u00edch projektech je kl\u00ed\u010dov\u00e1 <strong>spolupr\u00e1ce<\/strong> s ostatn\u00edmi jednotlivci a organizacemi. P\u0159\u00edle\u017eitosti ke zapojen\u00ed se \u010dasto nab\u00eddnou v r\u00e1mci komunitn\u00edch akc\u00ed, kter\u00e9 usiluj\u00ed o zlep\u0161en\u00ed \u017eivotn\u00edho prost\u0159ed\u00ed. Tato setk\u00e1n\u00ed mohou p\u0159edstavovat prostor, kde se sd\u00edlej\u00ed my\u0161lenky a spole\u010dn\u00e9 c\u00edle.<\/p>\n<p>Dal\u0161\u00edm d\u016fle\u017eit\u00fdm krokem k \u00fasp\u011b\u0161n\u00e9 participaci jsou vhodn\u00e1 <strong>opat\u0159en\u00ed<\/strong>, je\u017e se zam\u011b\u0159uj\u00ed na konkr\u00e9tn\u00ed probl\u00e9my v dan\u00e9 oblasti. M\u00edstn\u00ed projekty, jako jsou \u00faklidy p\u0159\u00edrody nebo v\u00fdsadby strom\u016f, pom\u00e1haj\u00ed nejen p\u0159\u00edrod\u011b, ale i vytv\u00e1\u0159ej\u00ed siln\u011bj\u0161\u00ed vazby mezi ob\u010dany. Ve spolupr\u00e1ci s m\u00edstn\u00edmi \u00fa\u0159ady a neziskov\u00fdmi organizacemi lze vyvinout \u00fa\u010dinn\u00e9 strategie pro ochranu \u017eivotn\u00edho prost\u0159ed\u00ed.<\/p>\n<p>Odpov\u011bdnost v\u016f\u010di m\u00edstn\u00edmu ekosyst\u00e9mu hraje z\u00e1sadn\u00ed roli v anga\u017eovanosti ob\u010dan\u016f. Ka\u017ed\u00fd m\u00e1 mo\u017enost p\u0159isp\u011bt sv\u00fdmi schopnostmi a znalostmi k dosa\u017een\u00ed udr\u017eiteln\u00e9ho rozvoje. Iniciativy zam\u011b\u0159en\u00e9 na vzd\u011bl\u00e1v\u00e1n\u00ed a osv\u011btu mohou pomoci zv\u00fd\u0161it pov\u011bdom\u00ed o ekologick\u00fdch t\u00e9matech a podn\u00edtit dal\u0161\u00ed lidi k aktivn\u00edmu zapojen\u00ed.<\/p>\n<h2>Vytv\u00e1\u0159en\u00ed udr\u017eiteln\u00e9ho prostoru na zahrad\u011b<\/h2>\n<p>V dne\u0161n\u00ed dob\u011b je nezbytn\u00e9 zam\u011b\u0159it se na zp\u016fsoby, jak zlep\u0161it na\u0161e \u017eivotn\u00ed prost\u0159ed\u00ed a reagovat na sou\u010dasn\u00e9 v\u00fdzvy spojen\u00e9 s \u017eivotn\u00edm prost\u0159ed\u00edm. Vytv\u00e1\u0159en\u00ed udr\u017eiteln\u00e9ho prostoru na zahrad\u011b m\u016f\u017ee hr\u00e1t kl\u00ed\u010dovou roli v ochran\u011b p\u0159\u00edrody a sni\u017eov\u00e1n\u00ed negativn\u00edho dopadu na na\u0161i planetu.<\/p>\n<p>Podle n\u00e1zor\u016f v\u011bdc\u016f je d\u016fle\u017eit\u00e9 zakl\u00e1dat zahrady, kter\u00e9 podporuj\u00ed biodiverzitu a ekologickou rovnov\u00e1hu. K tomu lze pou\u017e\u00edt r\u016fzn\u00e1 opat\u0159en\u00ed:<\/p>\n<ul>\n<li><strong>V\u00fdb\u011br rostlin:<\/strong> Zvolte m\u00edstn\u00ed a podp\u016frn\u00e9 rostliny, kter\u00e9 p\u0159itahuj\u00ed opylova\u010de a dal\u0161\u00ed u\u017eite\u010dn\u00e9 organismy.<\/li>\n<li><strong>Organick\u00e9 zahradni\u010den\u00ed:<\/strong> Vyhn\u011bte se chemick\u00fdm hnojiv\u016fm a pesticid\u016fm. M\u00edsto toho se spolehn\u011bte na p\u0159\u00edrodn\u00ed metody a kompostov\u00e1n\u00ed.<\/li>\n<li><strong>De\u0161\u0165ov\u00e1 zahrada:<\/strong> Vytvo\u0159te prostor, kter\u00fd zachyt\u00e1v\u00e1 de\u0161\u0165ovou vodu a podporuje jej\u00ed \u0161etrn\u00e9 vyu\u017e\u00edv\u00e1n\u00ed.<\/li>\n<li><strong>Multifunk\u010dn\u00ed prvky:<\/strong> Zahrada by m\u011bla zahrnovat r\u016fzn\u00e9 prvky jako jsou kompost\u00e9ry, sklen\u00edky nebo hmyz\u00ed hotely, kter\u00e9 zvy\u0161uj\u00ed va\u0161i sob\u011bsta\u010dnost.<\/li>\n<\/ul>\n<p>Investov\u00e1n\u00ed do t\u011bchto praktik m\u016f\u017ee pomoci zm\u00edrnit n\u00e1sledky klimatick\u00fdch zm\u011bn a st\u00e1vaj\u00edc\u00edch environment\u00e1ln\u00edch pot\u00ed\u017e\u00ed. D\u016fle\u017eit\u00e9 je tak\u00e9 sd\u00edlet alespo\u0148 \u010d\u00e1st informac\u00ed a technik s ostatn\u00edmi, \u010d\u00edm\u017e se pos\u00edl\u00ed kolektivn\u00ed \u00fasil\u00ed o zdrav\u011bj\u0161\u00ed planetu. Vytvo\u0159en\u00edm udr\u017eiteln\u00e9ho prostoru na zahrad\u011b se nejen zlep\u0161uje kvalita prost\u0159ed\u00ed, ale tak\u00e9 se podn\u011bcuje smysl pro zodpov\u011bdnost za p\u0159\u00edrodu v \u0161ir\u0161\u00edm m\u011b\u0159\u00edtku.<\/p>\n<h2>Minimalizace odpadu: tipy pro ka\u017edodenn\u00ed \u017eivot<\/h2>\n<p>Ka\u017edodenn\u00ed praktiky pro sn\u00ed\u017een\u00ed odpadu mohou hr\u00e1t kl\u00ed\u010dovou roli v ochran\u011b na\u0161\u00ed planety a zaji\u0161t\u011bn\u00ed ve\u0159ejn\u00e9ho zdrav\u00ed. Odpov\u011bdnost ka\u017ed\u00e9ho jednotlivce je z\u00e1sadn\u00ed, zejm\u00e9na v kontextu ekologick\u00e9 krize, kter\u00e1 vy\u017eaduje okam\u017eit\u00e1 opat\u0159en\u00ed. Spolupr\u00e1ce mezi jednotlivci, komunitami a mezin\u00e1rodn\u00edmi usil\u00ed o udr\u017eitelnost pom\u00e1h\u00e1 zvy\u0161ovat efektivitu t\u011bchto snah.<\/p>\n<p>Za\u010dn\u011bte t\u00edm, \u017ee omez\u00edte pou\u017eit\u00ed jednor\u00e1zov\u00fdch plastov\u00fdch p\u0159edm\u011bt\u016f. M\u00edsto toho si po\u0159i\u010fte opakovan\u011b pou\u017e\u00edvatlahve, ta\u0161ky a n\u00e1doby. T\u00edm se vyhnete zbyte\u010dn\u00e9mu odpadu, kter\u00fd zat\u011b\u017euje \u017eivotn\u00ed prost\u0159ed\u00ed.<\/p>\n<p>Dal\u0161\u00edm zp\u016fsobem, jak minimalizovat odpad, je efektivn\u00ed nakupov\u00e1n\u00ed. Preferujte lok\u00e1ln\u00ed v\u00fdrobce a produkty s minim\u00e1ln\u00edm obalem. T\u00edm nejen podporujete m\u00edstn\u00ed ekonomiku, ale tak\u00e9 sni\u017eujete uhl\u00edkovou stopu spojenou s transportem zbo\u017e\u00ed.<\/p>\n<p>Recyklace a kompostov\u00e1n\u00ed jsou dal\u0161\u00ed d\u016fle\u017eit\u00e9 aspekty, jak p\u0159isp\u011bt k ochran\u011b \u017eivotn\u00edho prost\u0159ed\u00ed. Nau\u010dte se rozd\u011blovat odpad a vyu\u017e\u00edvat biologicky rozlo\u017eiteln\u00e9 materi\u00e1ly na kompost. To v\u00e1m pom\u016f\u017ee sn\u00ed\u017eit mno\u017estv\u00ed odpadu, kter\u00fd kon\u010d\u00ed na skl\u00e1dk\u00e1ch.<\/p>\n<p>Den co den se m\u016f\u017eeme ocitnout v nal\u00e9hav\u00e9 situaci, kdy je pot\u0159eba jednat. Mal\u00e9 kroky mohou v\u00e9st k v\u00fdznamn\u00fdm zm\u011bn\u00e1m. Ka\u017ed\u00fd z n\u00e1s m\u00e1 moc ovlivnit budoucnost na\u0161\u00ed planety. Pro v\u00edce informac\u00ed a inspirace nav\u0161tivte <a href=\"https:\/\/extinctionrebellion-cz.com\/\">https:\/\/extinctionrebellion-cz.com\/<\/a>.<\/p>","protected":false},"excerpt":{"rendered":"<p>V sou\u010dasn\u00e9 dob\u011b se na\u0161e spole\u010dnost pot\u00fdk\u00e1 s v\u00e1\u017en\u00fdmi v\u00fdzvami, kter\u00e9 vy\u017eaduj\u00ed okam\u017eitou pozornost a efektivn\u00ed opat\u0159en\u00ed. N\u00e1zory v\u011bdc\u016f na tuto problematiku ukazuj\u00ed, \u017ee bez adekv\u00e1tn\u00ed reakce m\u016f\u017ee b\u00fdt budoucnost ohro\u017eena. Je nezbytn\u00e9 p\u0159ehodnotit na\u0161e p\u0159\u00edstupy a hledat inovativn\u00ed \u0159e\u0161en\u00ed, kter\u00e1 n\u00e1m pomohou p\u0159ekonat sou\u010dasn\u00e9 pot\u00ed\u017ee. Jedn\u00edm z kl\u00ed\u010dov\u00fdch aspekt\u016f v boji proti t\u011bmto v\u00fdzv\u00e1m [&hellip;]<\/p>\n","protected":false},"author":2,"featured_media":0,"comment_status":"closed","ping_status":"","sticky":false,"template":"","format":"standard","meta":{"_et_pb_use_builder":"","_et_pb_old_content":"","_et_gb_content_width":"","inline_featured_image":false,"footnotes":""},"categories":[14],"tags":[],"class_list":["post-4261","post","type-post","status-publish","format-standard","hentry","category-nl"],"yoast_head":"<!-- This site is optimized with the Yoast SEO plugin v26.8 - https:\/\/yoast.com\/product\/yoast-seo-wordpress\/ -->\n<title>Jak \u010delit v\u00fdzv\u00e1m ekologick\u00e9 krize a stavu nouze v modern\u00edm sv\u011bt\u011b - Yvie<\/title>\n<meta name=\"robots\" content=\"index, follow, max-snippet:-1, max-image-preview:large, max-video-preview:-1\" \/>\n<link rel=\"canonical\" href=\"https:\/\/yvie.com\/nl\/jak-celit-vyzvam-ekologicke-krize-a-stavu-nouze-v-modernim-svete\/\" \/>\n<meta property=\"og:locale\" content=\"nl_NL\" \/>\n<meta property=\"og:type\" content=\"article\" \/>\n<meta property=\"og:title\" content=\"Jak \u010delit v\u00fdzv\u00e1m ekologick\u00e9 krize a stavu nouze v modern\u00edm sv\u011bt\u011b - Yvie\" \/>\n<meta property=\"og:description\" content=\"V sou\u010dasn\u00e9 dob\u011b se na\u0161e spole\u010dnost pot\u00fdk\u00e1 s v\u00e1\u017en\u00fdmi v\u00fdzvami, kter\u00e9 vy\u017eaduj\u00ed okam\u017eitou pozornost a efektivn\u00ed opat\u0159en\u00ed. N\u00e1zory v\u011bdc\u016f na tuto problematiku ukazuj\u00ed, \u017ee bez adekv\u00e1tn\u00ed reakce m\u016f\u017ee b\u00fdt budoucnost ohro\u017eena. Je nezbytn\u00e9 p\u0159ehodnotit na\u0161e p\u0159\u00edstupy a hledat inovativn\u00ed \u0159e\u0161en\u00ed, kter\u00e1 n\u00e1m pomohou p\u0159ekonat sou\u010dasn\u00e9 pot\u00ed\u017ee. Jedn\u00edm z kl\u00ed\u010dov\u00fdch aspekt\u016f v boji proti t\u011bmto v\u00fdzv\u00e1m [&hellip;]\" \/>\n<meta property=\"og:url\" content=\"https:\/\/yvie.com\/nl\/jak-celit-vyzvam-ekologicke-krize-a-stavu-nouze-v-modernim-svete\/\" \/>\n<meta property=\"og:site_name\" content=\"Yvie\" \/>\n<meta property=\"article:published_time\" content=\"2025-02-03T00:00:00+00:00\" \/>\n<meta property=\"article:modified_time\" content=\"2025-07-30T10:54:22+00:00\" \/>\n<meta name=\"author\" content=\"Elles de Bruin-Rook\" \/>\n<meta name=\"twitter:card\" content=\"summary_large_image\" \/>\n<meta name=\"twitter:label1\" content=\"Geschreven door\" \/>\n\t<meta name=\"twitter:data1\" content=\"Elles de Bruin-Rook\" \/>\n\t<meta name=\"twitter:label2\" content=\"Geschatte leestijd\" \/>\n\t<meta name=\"twitter:data2\" content=\"7 minuten\" \/>\n<script type=\"application\/ld+json\" class=\"yoast-schema-graph\">{\"@context\":\"https:\/\/schema.org\",\"@graph\":[{\"@type\":\"Article\",\"@id\":\"https:\/\/yvie.com\/jak-celit-vyzvam-ekologicke-krize-a-stavu-nouze-v-modernim-svete\/#article\",\"isPartOf\":{\"@id\":\"https:\/\/yvie.com\/jak-celit-vyzvam-ekologicke-krize-a-stavu-nouze-v-modernim-svete\/\"},\"author\":{\"name\":\"Elles de Bruin-Rook\",\"@id\":\"https:\/\/yvie.com\/#\/schema\/person\/adc35d434b1bd4fc9a1645968e48cfae\"},\"headline\":\"Jak \u010delit v\u00fdzv\u00e1m ekologick\u00e9 krize a stavu nouze v modern\u00edm sv\u011bt\u011b\",\"datePublished\":\"2025-02-03T00:00:00+00:00\",\"dateModified\":\"2025-07-30T10:54:22+00:00\",\"mainEntityOfPage\":{\"@id\":\"https:\/\/yvie.com\/jak-celit-vyzvam-ekologicke-krize-a-stavu-nouze-v-modernim-svete\/\"},\"wordCount\":1339,\"articleSection\":[\"NL\"],\"inLanguage\":\"nl-NL\"},{\"@type\":\"WebPage\",\"@id\":\"https:\/\/yvie.com\/jak-celit-vyzvam-ekologicke-krize-a-stavu-nouze-v-modernim-svete\/\",\"url\":\"https:\/\/yvie.com\/jak-celit-vyzvam-ekologicke-krize-a-stavu-nouze-v-modernim-svete\/\",\"name\":\"Jak \u010delit v\u00fdzv\u00e1m ekologick\u00e9 krize a stavu nouze v modern\u00edm sv\u011bt\u011b - Yvie\",\"isPartOf\":{\"@id\":\"https:\/\/yvie.com\/#website\"},\"datePublished\":\"2025-02-03T00:00:00+00:00\",\"dateModified\":\"2025-07-30T10:54:22+00:00\",\"author\":{\"@id\":\"https:\/\/yvie.com\/#\/schema\/person\/adc35d434b1bd4fc9a1645968e48cfae\"},\"breadcrumb\":{\"@id\":\"https:\/\/yvie.com\/jak-celit-vyzvam-ekologicke-krize-a-stavu-nouze-v-modernim-svete\/#breadcrumb\"},\"inLanguage\":\"nl-NL\",\"potentialAction\":[{\"@type\":\"ReadAction\",\"target\":[\"https:\/\/yvie.com\/jak-celit-vyzvam-ekologicke-krize-a-stavu-nouze-v-modernim-svete\/\"]}]},{\"@type\":\"BreadcrumbList\",\"@id\":\"https:\/\/yvie.com\/jak-celit-vyzvam-ekologicke-krize-a-stavu-nouze-v-modernim-svete\/#breadcrumb\",\"itemListElement\":[{\"@type\":\"ListItem\",\"position\":1,\"name\":\"Home\",\"item\":\"https:\/\/yvie.com\/\"},{\"@type\":\"ListItem\",\"position\":2,\"name\":\"Jak \u010delit v\u00fdzv\u00e1m ekologick\u00e9 krize a stavu nouze v modern\u00edm sv\u011bt\u011b\"}]},{\"@type\":\"WebSite\",\"@id\":\"https:\/\/yvie.com\/#website\",\"url\":\"https:\/\/yvie.com\/\",\"name\":\"Yvie\",\"description\":\"\",\"potentialAction\":[{\"@type\":\"SearchAction\",\"target\":{\"@type\":\"EntryPoint\",\"urlTemplate\":\"https:\/\/yvie.com\/?s={search_term_string}\"},\"query-input\":{\"@type\":\"PropertyValueSpecification\",\"valueRequired\":true,\"valueName\":\"search_term_string\"}}],\"inLanguage\":\"nl-NL\"},{\"@type\":\"Person\",\"@id\":\"https:\/\/yvie.com\/#\/schema\/person\/adc35d434b1bd4fc9a1645968e48cfae\",\"name\":\"Elles de Bruin-Rook\",\"url\":\"https:\/\/yvie.com\/nl\/author\/elles\/\"}]}<\/script>\n<!-- \/ Yoast SEO plugin. -->","yoast_head_json":{"title":"Jak \u010delit v\u00fdzv\u00e1m ekologick\u00e9 krize a stavu nouze v modern\u00edm sv\u011bt\u011b - Yvie","robots":{"index":"index","follow":"follow","max-snippet":"max-snippet:-1","max-image-preview":"max-image-preview:large","max-video-preview":"max-video-preview:-1"},"canonical":"https:\/\/yvie.com\/nl\/jak-celit-vyzvam-ekologicke-krize-a-stavu-nouze-v-modernim-svete\/","og_locale":"nl_NL","og_type":"article","og_title":"Jak \u010delit v\u00fdzv\u00e1m ekologick\u00e9 krize a stavu nouze v modern\u00edm sv\u011bt\u011b - Yvie","og_description":"V sou\u010dasn\u00e9 dob\u011b se na\u0161e spole\u010dnost pot\u00fdk\u00e1 s v\u00e1\u017en\u00fdmi v\u00fdzvami, kter\u00e9 vy\u017eaduj\u00ed okam\u017eitou pozornost a efektivn\u00ed opat\u0159en\u00ed. N\u00e1zory v\u011bdc\u016f na tuto problematiku ukazuj\u00ed, \u017ee bez adekv\u00e1tn\u00ed reakce m\u016f\u017ee b\u00fdt budoucnost ohro\u017eena. Je nezbytn\u00e9 p\u0159ehodnotit na\u0161e p\u0159\u00edstupy a hledat inovativn\u00ed \u0159e\u0161en\u00ed, kter\u00e1 n\u00e1m pomohou p\u0159ekonat sou\u010dasn\u00e9 pot\u00ed\u017ee. Jedn\u00edm z kl\u00ed\u010dov\u00fdch aspekt\u016f v boji proti t\u011bmto v\u00fdzv\u00e1m [&hellip;]","og_url":"https:\/\/yvie.com\/nl\/jak-celit-vyzvam-ekologicke-krize-a-stavu-nouze-v-modernim-svete\/","og_site_name":"Yvie","article_published_time":"2025-02-03T00:00:00+00:00","article_modified_time":"2025-07-30T10:54:22+00:00","author":"Elles de Bruin-Rook","twitter_card":"summary_large_image","twitter_misc":{"Geschreven door":"Elles de Bruin-Rook","Geschatte leestijd":"7 minuten"},"schema":{"@context":"https:\/\/schema.org","@graph":[{"@type":"Article","@id":"https:\/\/yvie.com\/jak-celit-vyzvam-ekologicke-krize-a-stavu-nouze-v-modernim-svete\/#article","isPartOf":{"@id":"https:\/\/yvie.com\/jak-celit-vyzvam-ekologicke-krize-a-stavu-nouze-v-modernim-svete\/"},"author":{"name":"Elles de Bruin-Rook","@id":"https:\/\/yvie.com\/#\/schema\/person\/adc35d434b1bd4fc9a1645968e48cfae"},"headline":"Jak \u010delit v\u00fdzv\u00e1m ekologick\u00e9 krize a stavu nouze v modern\u00edm sv\u011bt\u011b","datePublished":"2025-02-03T00:00:00+00:00","dateModified":"2025-07-30T10:54:22+00:00","mainEntityOfPage":{"@id":"https:\/\/yvie.com\/jak-celit-vyzvam-ekologicke-krize-a-stavu-nouze-v-modernim-svete\/"},"wordCount":1339,"articleSection":["NL"],"inLanguage":"nl-NL"},{"@type":"WebPage","@id":"https:\/\/yvie.com\/jak-celit-vyzvam-ekologicke-krize-a-stavu-nouze-v-modernim-svete\/","url":"https:\/\/yvie.com\/jak-celit-vyzvam-ekologicke-krize-a-stavu-nouze-v-modernim-svete\/","name":"Jak \u010delit v\u00fdzv\u00e1m ekologick\u00e9 krize a stavu nouze v modern\u00edm sv\u011bt\u011b - Yvie","isPartOf":{"@id":"https:\/\/yvie.com\/#website"},"datePublished":"2025-02-03T00:00:00+00:00","dateModified":"2025-07-30T10:54:22+00:00","author":{"@id":"https:\/\/yvie.com\/#\/schema\/person\/adc35d434b1bd4fc9a1645968e48cfae"},"breadcrumb":{"@id":"https:\/\/yvie.com\/jak-celit-vyzvam-ekologicke-krize-a-stavu-nouze-v-modernim-svete\/#breadcrumb"},"inLanguage":"nl-NL","potentialAction":[{"@type":"ReadAction","target":["https:\/\/yvie.com\/jak-celit-vyzvam-ekologicke-krize-a-stavu-nouze-v-modernim-svete\/"]}]},{"@type":"BreadcrumbList","@id":"https:\/\/yvie.com\/jak-celit-vyzvam-ekologicke-krize-a-stavu-nouze-v-modernim-svete\/#breadcrumb","itemListElement":[{"@type":"ListItem","position":1,"name":"Home","item":"https:\/\/yvie.com\/"},{"@type":"ListItem","position":2,"name":"Jak \u010delit v\u00fdzv\u00e1m ekologick\u00e9 krize a stavu nouze v modern\u00edm sv\u011bt\u011b"}]},{"@type":"WebSite","@id":"https:\/\/yvie.com\/#website","url":"https:\/\/yvie.com\/","name":"Yvie","description":"","potentialAction":[{"@type":"SearchAction","target":{"@type":"EntryPoint","urlTemplate":"https:\/\/yvie.com\/?s={search_term_string}"},"query-input":{"@type":"PropertyValueSpecification","valueRequired":true,"valueName":"search_term_string"}}],"inLanguage":"nl-NL"},{"@type":"Person","@id":"https:\/\/yvie.com\/#\/schema\/person\/adc35d434b1bd4fc9a1645968e48cfae","name":"Elles de Bruin-Rook","url":"https:\/\/yvie.com\/nl\/author\/elles\/"}]}},"_links":{"self":[{"href":"https:\/\/yvie.com\/nl\/wp-json\/wp\/v2\/posts\/4261","targetHints":{"allow":["GET"]}}],"collection":[{"href":"https:\/\/yvie.com\/nl\/wp-json\/wp\/v2\/posts"}],"about":[{"href":"https:\/\/yvie.com\/nl\/wp-json\/wp\/v2\/types\/post"}],"author":[{"embeddable":true,"href":"https:\/\/yvie.com\/nl\/wp-json\/wp\/v2\/users\/2"}],"replies":[{"embeddable":true,"href":"https:\/\/yvie.com\/nl\/wp-json\/wp\/v2\/comments?post=4261"}],"version-history":[{"count":1,"href":"https:\/\/yvie.com\/nl\/wp-json\/wp\/v2\/posts\/4261\/revisions"}],"predecessor-version":[{"id":4262,"href":"https:\/\/yvie.com\/nl\/wp-json\/wp\/v2\/posts\/4261\/revisions\/4262"}],"wp:attachment":[{"href":"https:\/\/yvie.com\/nl\/wp-json\/wp\/v2\/media?parent=4261"}],"wp:term":[{"taxonomy":"category","embeddable":true,"href":"https:\/\/yvie.com\/nl\/wp-json\/wp\/v2\/categories?post=4261"},{"taxonomy":"post_tag","embeddable":true,"href":"https:\/\/yvie.com\/nl\/wp-json\/wp\/v2\/tags?post=4261"}],"curies":[{"name":"wp","href":"https:\/\/api.w.org\/{rel}","templated":true}]}}