{"id":7987,"date":"2025-07-21T23:41:18","date_gmt":"2025-07-21T23:41:18","guid":{"rendered":"https:\/\/yvie.com\/?p=7987"},"modified":"2026-01-15T11:22:49","modified_gmt":"2026-01-15T11:22:49","slug":"stadbundin-leidsogn-i-san-jose-de-la-rinconada-uppgotvadu-stadina","status":"publish","type":"post","link":"https:\/\/yvie.com\/nl\/stadbundin-leidsogn-i-san-jose-de-la-rinconada-uppgotvadu-stadina\/","title":{"rendered":"Sta\u00f0bundin lei\u00f0s\u00f6gn \u00ed San Jos\u00e9 de la Rinconada: Uppg\u00f6tva\u00f0u sta\u00f0ina!"},"content":{"rendered":"<h2>Inngangur a\u00f0 sta\u00f0bundinni lei\u00f0s\u00f6gn \u00ed San Jos\u00e9 de la Rinconada<\/h2>\n<p>San Jos\u00e9 de la Rinconada er perluna \u00ed Andal\u00fas\u00edu \u00fear sem fer\u00f0amenn geta sta\u00f0i\u00f0 \u00e1 \u00feeim tvennum, menningar- og \u00fativistarver\u00f6ld. \u00deessi litla borg b\u00fd\u00f0ur upp \u00e1 margv\u00edslegar sko\u00f0unarfer\u00f0ir sem lei\u00f0a a\u00f0 \u00e1hugaver\u00f0um st\u00f6\u00f0um me\u00f0 r\u00edka s\u00f6gu og sta\u00f0ard\u00fdrleika. \u00cd \u00feessari grein munum vi\u00f0 sko\u00f0a hvernig borgin er full af skemmtunarm\u00f6guleikum, hvort sem \u00fea\u00f0 er \u00ed gegnum menningarl\u00edf e\u00f0a athyglisver\u00f0a fer\u00f0a\u00e1skorun.<\/p>\n<p>Fj\u00f6lskylduv\u00e6n upplifun er mikilv\u00e6gur hluti af \u00fev\u00ed a\u00f0 heims\u00e6kja San Jos\u00e9 de la Rinconada. \u00deeir sem leita a\u00f0 \u00fativistarsta\u00f0um munu nj\u00f3ta \u00feess a\u00f0 kanna fallegan n\u00e1tt\u00farufegur\u00f0 innan borgarinnar. Burts\u00e9\u00f0 fr\u00e1 g\u00f6ngufer\u00f0um \u00ed n\u00e1l\u00e6gum fj\u00f6llum, b\u00fd\u00f0ur borgin einnig upp \u00e1 fj\u00f6lbreytt \u00farval af af\u00fereyingarm\u00f6guleikum sem kiptir m\u00e1li fyrir alla aldursh\u00f3pa.<\/p>\n<p>Me\u00f0 fer\u00f0askipulagi sem inniheldur alla \u00fe\u00e6tti fr\u00e1 sta\u00f0bundnum veitingast\u00f6\u00f0um til menningarvi\u00f0bur\u00f0a, eru fer\u00f0amenn vong\u00f3\u00f0ir um a\u00f0 f\u00e1 d\u00fdrm\u00e6t fer\u00f0amannauppl\u00fdsingar. Hvert horf \u00e1 borgina d\u00fdrm\u00e6tur \u00e1 endurminningar sem endur\u00f3ma \u00ed hugum \u00feeirra. \u00dear a\u00f0 auki, \u00e1hugaver\u00f0ir sta\u00f0ir, eins og fj\u00f6lbreyttir marka\u00f0ir og s\u00f6gufr\u00e6g byggingar, bj\u00f3\u00f0a <a href=\"https:\/\/ensevillaweb-es.com\/\">https:\/\/ensevillaweb-es.com\/<\/a> \u00f3gleymanlegar upplifanir. San Jos\u00e9 de la Rinconada er raunverulegur draumur fyrir \u00fe\u00e1 sem elska menningu, s\u00f6gu og n\u00e1tt\u00faru.<\/p>\n<p>Svo, \u00feegar \u00fe\u00fa ert a\u00f0 skipuleggja n\u00e6stu fer\u00f0 \u00fe\u00edna, hugleiddu a\u00f0 heims\u00e6kja San Jos\u00e9 de la Rinconada til a\u00f0 nj\u00f3ta \u00feessara einst\u00f6ku upplifunar. H\u00e9r m\u00e1 finna himneska sta\u00f0i og skemmtunarm\u00f6guleika sem gera borgina a\u00f0 atm\u00f3spru sem enginn fer \u00ed gegnum \u00e1n a\u00f0 dvelja vi\u00f0.<\/p>\n<h2>\u00c1hugaver\u00f0ir sta\u00f0ir og \u00fativistarsta\u00f0ir<\/h2>\n<p>\u00cdsland er r\u00edkt af n\u00e1tt\u00faruperlunum og fallegum \u00fativistarst\u00f6\u00f0um sem b\u00ed\u00f0a m\u00f3t f\u00f3tanna. Miki\u00f0 af sko\u00f0unarfer\u00f0um eru \u00ed bo\u00f0i fyrir fer\u00f0amenn sem leita a\u00f0 \u00e6vint\u00fdrum. Fer\u00f0askipulag getur veri\u00f0 einfalt; a\u00f0eins \u00fearf a\u00f0 velja \u00e1fangasta\u00f0i, hvort sem \u00fea\u00f0 er a\u00f0 sko\u00f0a d\u00fdrm\u00e6t n\u00e1tt\u00fara e\u00f0a menningarl\u00edf borgarinnar. \u00de\u00fa getur heims\u00f3tt Gullfoss, einn vins\u00e6lustu fossana, e\u00f0a Geysir, \u00fear sem jar\u00f0hitinn gefur fr\u00e1 s\u00e9r \u00f3tr\u00falega s\u00fdn.<\/p>\n<p>Fj\u00f6lskylduv\u00e6n upplifun er \u00e1 \u00f6llum hornum. \u00c1 Heims\u00f3knarstofu Nor\u00f0ursins er h\u00e6gt a\u00f0 fr\u00e6\u00f0ast um s\u00e6\u00f0i og hagi landsins. \u00dear eru einnig margir af\u00fereyingarm\u00f6guleikar, eins og hvalasko\u00f0un og g\u00f6ngufer\u00f0ir, sem henta \u00f6llum fj\u00f6lskyldume\u00f0limum.<\/p>\n<p>\u00c1hugaver\u00f0ir sta\u00f0ir eins og \u00deingvellir \u00fej\u00f3\u00f0gar\u00f0ur, \u00fear sem \u00e6\u00f0islegt landslag m\u00e6tir s\u00f6gu, gefa fer\u00f0am\u00f6nnum t\u00e6kif\u00e6ri til a\u00f0 d\u00fdrm\u00e6tana. Fer\u00f0amenn nj\u00f3ta \u00feess a\u00f0 sko\u00f0a manners, n\u00e1tt\u00faru og menningu \u00ed hverju sv\u00e6\u00f0i, auk \u00feess a\u00f0 n\u00fdta fer\u00f0amannauppl\u00fdsingar til a\u00f0 finna leyndard\u00f3ma.<\/p>\n<p>\u00cdsland b\u00fd\u00f0ur einnig upp \u00e1 \u00fativistarsta\u00f0i, \u00fear sem g\u00f6ngulei\u00f0ir eru fj\u00f6lmargar og landslagi\u00f0 heillandi. Hvar sem \u00fe\u00fa fer\u00f0, munu \u00feessar upplifanir au\u00f0ga \u00fe\u00edna fer\u00f0 og skapa \u00f3gleymanlegar minningar.<\/p>\n<h2>Sko\u00f0unarfer\u00f0ir og af\u00fereyingarm\u00f6guleikar<\/h2>\n<p>\u00cdsland er r\u00edkt af \u00e1hugaver\u00f0um sta\u00f0um sem bj\u00f3\u00f0a fj\u00f6lbreyttar sko\u00f0unarfer\u00f0ir og af\u00fereyingarm\u00f6guleika. Fr\u00e1 t\u00f6frandi n\u00e1tt\u00farumynstri Geysirs og Gullfossfoss til hugmyndafr\u00e6\u00f0i menningarl\u00edfsins \u00ed Reykjav\u00edk, er \u00ed bo\u00f0i fj\u00f6lskylduv\u00e6n upplifun fyrir alla aldursh\u00f3pa. Sko\u00f0unarfer\u00f0irnar \u00e1 Sn\u00e6fellsnesi eru s\u00e9rstaklega vins\u00e6lar, \u00fear sem fer\u00f0amenn geta upplifa\u00f0 fallegar fjallasm\u00fdg\u00f0ir og s\u00f6gulegar landslagsbreytingar.<\/p>\n<p>Vi\u00f0 fj\u00f6lmargir \u00fativistarsta\u00f0ir, eins og \u00deingvellir \u00fej\u00f3\u00f0gar\u00f0ur, er h\u00e6gt a\u00f0 nj\u00f3ta n\u00e1tt\u00farunnar \u00e1 r\u00f3legan h\u00e1tt e\u00f0a taka \u00fe\u00e1tt \u00ed \u00e6vint\u00fdrum eins og g\u00f6ngufer\u00f0um e\u00f0a hestafer\u00f0um. Ef \u00fe\u00fa ert a\u00f0 leita a\u00f0 \u00e1hugaver\u00f0um sta\u00f0um til a\u00f0 sko\u00f0a, eru n\u00e1tt\u00faruperlur eins og J\u00f6kuls\u00e1rl\u00f3n og Reynisfjara kj\u00f6rin sv\u00e6\u00f0i til a\u00f0 heims\u00e6kja.<\/p>\n<p>Fer\u00f0askipulagi\u00f0 getur veri\u00f0 fl\u00f3ki\u00f0, en me\u00f0 r\u00e9ttri fer\u00f0amannauppl\u00fdsingum er h\u00e6gt a\u00f0 skapa \u00f3gleymanlegar minningar. Af\u00fereyingarm\u00f6guleikar beinast einnig a\u00f0 menningu, \u00fear sem margir sta\u00f0ir bj\u00f3\u00f0a upp \u00e1 sta\u00f0bundin listaverk og matarger\u00f0, sem endurspeglar \u00edslenska menningu. Me\u00f0 \u00fev\u00ed a\u00f0 skipuleggja heims\u00f3knir \u00e1 torg og s\u00fdningar, getur\u00f0u d\u00fdrm\u00e6tir andart\u00f6k og kynnist menningarl\u00edfi landsins.<\/p>\n<h2>Menningarl\u00edf og fj\u00f6lskylduv\u00e6n upplifun<\/h2>\n<p>\u00cdsland er r\u00edkt af menningu og hef\u00f0um, sem veita fer\u00f0am\u00f6nnum einstakt t\u00e6kif\u00e6ri til a\u00f0 nj\u00f3ta fj\u00f6lskylduv\u00e6nnar upplifunar. Sko\u00f0unarfer\u00f0ir um h\u00f6fu\u00f0borgina, Reykjav\u00edk, gefa gestum kost \u00e1 a\u00f0 sko\u00f0a \u00e1hugaver\u00f0a sta\u00f0i eins og H\u00f6rpu, safni\u00f0 \u00c1rb\u00e6jarsafn og Listasafn \u00cdslands. H\u00e9r m\u00e1 finna af\u00fereyingarm\u00f6guleika fyrir alla aldursh\u00f3pa.<\/p>\n<p>Fyrir \u00fe\u00e1 sem kj\u00f3sa \u00fativist eru v\u00ed\u00f0a \u00fativistarsta\u00f0ir, svo sem \u00deingvellir og Gullfoss, sem bj\u00f3\u00f0a upp \u00e1 fallegar g\u00f6ngulei\u00f0ir og falleg landslag. \u00deessar n\u00e1tt\u00faruperlur henta vel fyrir fj\u00f6lskyldur sem vilja sameina menningu og \u00fativist.<\/p>\n<p>Fer\u00f0askipulag er einfalt, \u00fev\u00ed fer\u00f0amannauppl\u00fdsingar eru a\u00f0gengilegar, hvort sem \u00fe\u00fa ert a\u00f0 leita a\u00f0 lei\u00f0s\u00f6gum\u00f6nnum e\u00f0a innlendum af\u00fereyingarm\u00f6guleikum. Aftur \u00e1 m\u00f3ti er mikilv\u00e6gt a\u00f0 n\u00fdta s\u00e9r sta\u00f0i og sv\u00e6\u00f0i sem eru \u00feekkt fyrir af\u00fereyingu, en jafnframt veita fj\u00f6lskyldum t\u00e6kif\u00e6ri til a\u00f0 nj\u00f3ta samveru.<\/p>\n<p>Menningarl\u00edf \u00cdslands er s\u00edbreytilegt og alltaf eitthva\u00f0 n\u00fdtt a\u00f0 uppg\u00f6tva. \u00dea\u00f0 er au\u00f0velt a\u00f0 finna eitthva\u00f0 sem h\u00f6f\u00f0ar til allra \u00ed fj\u00f6lskyldunni, hvort sem er \u00ed gegnum listas\u00fdningar e\u00f0a t\u00f3nleika, sem skapar \u00f3gleymanlegar minningar.<\/p>\n<h2>Fer\u00f0askipulag og fer\u00f0amannauppl\u00fdsingar<\/h2>\n<p>Fer\u00f0askipulag er lykilatri\u00f0i fyrir fr\u00e1b\u00e6ra fer\u00f0. Me\u00f0 \u00fev\u00ed a\u00f0 n\u00fdta okkur sko\u00f0unarfer\u00f0ir og fj\u00f6lbreytta af\u00fereyingarm\u00f6guleika er h\u00e6gt a\u00f0 tryggja fr\u00e1b\u00e6rar minningar. \u00c1 \u00cdslandi eru fj\u00f6lmargir \u00e1hugaver\u00f0ir sta\u00f0ir, eins og Gullfoss fossinn og \u00deingvellir \u00fej\u00f3\u00f0gar\u00f0ur, sem eru b\u00e6\u00f0i menningarlegir og n\u00e1tt\u00farulegir a\u00f0dr\u00e1ttarafl.<\/p>\n<p>Menningarl\u00edf landsins er fj\u00f6lbreytt, og fer\u00f0amenn geta heims\u00f3tt safn e\u00f0a teki\u00f0 \u00fe\u00e1tt \u00ed framkv\u00e6mdum sem tengjast \u00edslenskri menningu. Ef \u00fe\u00fa ert a\u00f0 leita a\u00f0 \u00fativistarst\u00f6\u00f0um, eru \u00f6ruggar lei\u00f0ir a\u00f0 sko\u00f0a una\u00f0slega n\u00e1tt\u00faru \u00cdsland, svo sem fj\u00f6ll og strendur.<\/p>\n<p>T\u00edmasetning fer\u00f0anna skiptir m\u00e1li. R\u00e1\u00f0lagt er a\u00f0 skipuleggja fer\u00f0askipulagi\u00f0 me\u00f0 tilliti til ve\u00f0urfars og a\u00f0st\u00e6\u00f0na. Fr\u00e6\u00f0ast um a\u00f0gangst\u00edma og sta\u00f0setningar \u00e1\u00f0ur en fer\u00f0in hefst.<\/p>\n<p>Fj\u00f6lskylduv\u00e6n upplifun er mikilv\u00e6gt markmi\u00f0 fyrir marga. \u00dea\u00f0 er margt a\u00f0 gera fyrir alla fj\u00f6lskylduna og fr\u00e1 \u00fev\u00ed a\u00f0 fara \u00ed hestafer\u00f0ir a\u00f0 sko\u00f0a n\u00e1tt\u00faru st\u00f3rkostlegar.<\/p>\n<p>Til a\u00f0 f\u00e1 frekari fer\u00f0amannauppl\u00fdsingar er gott a\u00f0 leita \u00e1 netinu e\u00f0a \u00ed fer\u00f0askipulagningarb\u00f3kum. \u00deeir sem vilja skara fram \u00far \u00e6ttu a\u00f0 rannsaka efni um af\u00fereyingu og leita lei\u00f0a til a\u00f0 nj\u00f3ta a\u00f0st\u00e6\u00f0na betur.<\/p>","protected":false},"excerpt":{"rendered":"<p>Inngangur a\u00f0 sta\u00f0bundinni lei\u00f0s\u00f6gn \u00ed San Jos\u00e9 de la Rinconada San Jos\u00e9 de la Rinconada er perluna \u00ed Andal\u00fas\u00edu \u00fear sem fer\u00f0amenn geta sta\u00f0i\u00f0 \u00e1 \u00feeim tvennum, menningar- og \u00fativistarver\u00f6ld. \u00deessi litla borg b\u00fd\u00f0ur upp \u00e1 margv\u00edslegar sko\u00f0unarfer\u00f0ir sem lei\u00f0a a\u00f0 \u00e1hugaver\u00f0um st\u00f6\u00f0um me\u00f0 r\u00edka s\u00f6gu og sta\u00f0ard\u00fdrleika. \u00cd \u00feessari grein munum vi\u00f0 sko\u00f0a hvernig [&hellip;]<\/p>\n","protected":false},"author":2,"featured_media":0,"comment_status":"closed","ping_status":"","sticky":false,"template":"","format":"standard","meta":{"_et_pb_use_builder":"","_et_pb_old_content":"","_et_gb_content_width":"","inline_featured_image":false,"footnotes":""},"categories":[15],"tags":[],"class_list":["post-7987","post","type-post","status-publish","format-standard","hentry","category-en"],"yoast_head":"<!-- This site is optimized with the Yoast SEO plugin v26.8 - https:\/\/yoast.com\/product\/yoast-seo-wordpress\/ -->\n<title>Sta\u00f0bundin lei\u00f0s\u00f6gn \u00ed San Jos\u00e9 de la Rinconada: Uppg\u00f6tva\u00f0u sta\u00f0ina! - Yvie<\/title>\n<meta name=\"robots\" content=\"index, follow, max-snippet:-1, max-image-preview:large, max-video-preview:-1\" \/>\n<link rel=\"canonical\" href=\"https:\/\/yvie.com\/nl\/stadbundin-leidsogn-i-san-jose-de-la-rinconada-uppgotvadu-stadina\/\" \/>\n<meta property=\"og:locale\" content=\"nl_NL\" \/>\n<meta property=\"og:type\" content=\"article\" \/>\n<meta property=\"og:title\" content=\"Sta\u00f0bundin lei\u00f0s\u00f6gn \u00ed San Jos\u00e9 de la Rinconada: Uppg\u00f6tva\u00f0u sta\u00f0ina! - Yvie\" \/>\n<meta property=\"og:description\" content=\"Inngangur a\u00f0 sta\u00f0bundinni lei\u00f0s\u00f6gn \u00ed San Jos\u00e9 de la Rinconada San Jos\u00e9 de la Rinconada er perluna \u00ed Andal\u00fas\u00edu \u00fear sem fer\u00f0amenn geta sta\u00f0i\u00f0 \u00e1 \u00feeim tvennum, menningar- og \u00fativistarver\u00f6ld. \u00deessi litla borg b\u00fd\u00f0ur upp \u00e1 margv\u00edslegar sko\u00f0unarfer\u00f0ir sem lei\u00f0a a\u00f0 \u00e1hugaver\u00f0um st\u00f6\u00f0um me\u00f0 r\u00edka s\u00f6gu og sta\u00f0ard\u00fdrleika. \u00cd \u00feessari grein munum vi\u00f0 sko\u00f0a hvernig [&hellip;]\" \/>\n<meta property=\"og:url\" content=\"https:\/\/yvie.com\/nl\/stadbundin-leidsogn-i-san-jose-de-la-rinconada-uppgotvadu-stadina\/\" \/>\n<meta property=\"og:site_name\" content=\"Yvie\" \/>\n<meta property=\"article:published_time\" content=\"2025-07-21T23:41:18+00:00\" \/>\n<meta property=\"article:modified_time\" content=\"2026-01-15T11:22:49+00:00\" \/>\n<meta name=\"author\" content=\"Elles de Bruin-Rook\" \/>\n<meta name=\"twitter:card\" content=\"summary_large_image\" \/>\n<meta name=\"twitter:label1\" content=\"Geschreven door\" \/>\n\t<meta name=\"twitter:data1\" content=\"Elles de Bruin-Rook\" \/>\n\t<meta name=\"twitter:label2\" content=\"Geschatte leestijd\" \/>\n\t<meta name=\"twitter:data2\" content=\"6 minuten\" \/>\n<script type=\"application\/ld+json\" class=\"yoast-schema-graph\">{\"@context\":\"https:\/\/schema.org\",\"@graph\":[{\"@type\":\"Article\",\"@id\":\"https:\/\/yvie.com\/stadbundin-leidsogn-i-san-jose-de-la-rinconada-uppgotvadu-stadina\/#article\",\"isPartOf\":{\"@id\":\"https:\/\/yvie.com\/stadbundin-leidsogn-i-san-jose-de-la-rinconada-uppgotvadu-stadina\/\"},\"author\":{\"name\":\"Elles de Bruin-Rook\",\"@id\":\"https:\/\/yvie.com\/#\/schema\/person\/adc35d434b1bd4fc9a1645968e48cfae\"},\"headline\":\"Sta\u00f0bundin lei\u00f0s\u00f6gn \u00ed San Jos\u00e9 de la Rinconada: Uppg\u00f6tva\u00f0u sta\u00f0ina!\",\"datePublished\":\"2025-07-21T23:41:18+00:00\",\"dateModified\":\"2026-01-15T11:22:49+00:00\",\"mainEntityOfPage\":{\"@id\":\"https:\/\/yvie.com\/stadbundin-leidsogn-i-san-jose-de-la-rinconada-uppgotvadu-stadina\/\"},\"wordCount\":1204,\"articleSection\":[\"EN\"],\"inLanguage\":\"nl-NL\"},{\"@type\":\"WebPage\",\"@id\":\"https:\/\/yvie.com\/stadbundin-leidsogn-i-san-jose-de-la-rinconada-uppgotvadu-stadina\/\",\"url\":\"https:\/\/yvie.com\/stadbundin-leidsogn-i-san-jose-de-la-rinconada-uppgotvadu-stadina\/\",\"name\":\"Sta\u00f0bundin lei\u00f0s\u00f6gn \u00ed San Jos\u00e9 de la Rinconada: Uppg\u00f6tva\u00f0u sta\u00f0ina! - Yvie\",\"isPartOf\":{\"@id\":\"https:\/\/yvie.com\/#website\"},\"datePublished\":\"2025-07-21T23:41:18+00:00\",\"dateModified\":\"2026-01-15T11:22:49+00:00\",\"author\":{\"@id\":\"https:\/\/yvie.com\/#\/schema\/person\/adc35d434b1bd4fc9a1645968e48cfae\"},\"breadcrumb\":{\"@id\":\"https:\/\/yvie.com\/stadbundin-leidsogn-i-san-jose-de-la-rinconada-uppgotvadu-stadina\/#breadcrumb\"},\"inLanguage\":\"nl-NL\",\"potentialAction\":[{\"@type\":\"ReadAction\",\"target\":[\"https:\/\/yvie.com\/stadbundin-leidsogn-i-san-jose-de-la-rinconada-uppgotvadu-stadina\/\"]}]},{\"@type\":\"BreadcrumbList\",\"@id\":\"https:\/\/yvie.com\/stadbundin-leidsogn-i-san-jose-de-la-rinconada-uppgotvadu-stadina\/#breadcrumb\",\"itemListElement\":[{\"@type\":\"ListItem\",\"position\":1,\"name\":\"Home\",\"item\":\"https:\/\/yvie.com\/\"},{\"@type\":\"ListItem\",\"position\":2,\"name\":\"Sta\u00f0bundin lei\u00f0s\u00f6gn \u00ed San Jos\u00e9 de la Rinconada: Uppg\u00f6tva\u00f0u sta\u00f0ina!\"}]},{\"@type\":\"WebSite\",\"@id\":\"https:\/\/yvie.com\/#website\",\"url\":\"https:\/\/yvie.com\/\",\"name\":\"Yvie\",\"description\":\"\",\"potentialAction\":[{\"@type\":\"SearchAction\",\"target\":{\"@type\":\"EntryPoint\",\"urlTemplate\":\"https:\/\/yvie.com\/?s={search_term_string}\"},\"query-input\":{\"@type\":\"PropertyValueSpecification\",\"valueRequired\":true,\"valueName\":\"search_term_string\"}}],\"inLanguage\":\"nl-NL\"},{\"@type\":\"Person\",\"@id\":\"https:\/\/yvie.com\/#\/schema\/person\/adc35d434b1bd4fc9a1645968e48cfae\",\"name\":\"Elles de Bruin-Rook\",\"url\":\"https:\/\/yvie.com\/nl\/author\/elles\/\"}]}<\/script>\n<!-- \/ Yoast SEO plugin. -->","yoast_head_json":{"title":"Sta\u00f0bundin lei\u00f0s\u00f6gn \u00ed San Jos\u00e9 de la Rinconada: Uppg\u00f6tva\u00f0u sta\u00f0ina! - Yvie","robots":{"index":"index","follow":"follow","max-snippet":"max-snippet:-1","max-image-preview":"max-image-preview:large","max-video-preview":"max-video-preview:-1"},"canonical":"https:\/\/yvie.com\/nl\/stadbundin-leidsogn-i-san-jose-de-la-rinconada-uppgotvadu-stadina\/","og_locale":"nl_NL","og_type":"article","og_title":"Sta\u00f0bundin lei\u00f0s\u00f6gn \u00ed San Jos\u00e9 de la Rinconada: Uppg\u00f6tva\u00f0u sta\u00f0ina! - Yvie","og_description":"Inngangur a\u00f0 sta\u00f0bundinni lei\u00f0s\u00f6gn \u00ed San Jos\u00e9 de la Rinconada San Jos\u00e9 de la Rinconada er perluna \u00ed Andal\u00fas\u00edu \u00fear sem fer\u00f0amenn geta sta\u00f0i\u00f0 \u00e1 \u00feeim tvennum, menningar- og \u00fativistarver\u00f6ld. \u00deessi litla borg b\u00fd\u00f0ur upp \u00e1 margv\u00edslegar sko\u00f0unarfer\u00f0ir sem lei\u00f0a a\u00f0 \u00e1hugaver\u00f0um st\u00f6\u00f0um me\u00f0 r\u00edka s\u00f6gu og sta\u00f0ard\u00fdrleika. \u00cd \u00feessari grein munum vi\u00f0 sko\u00f0a hvernig [&hellip;]","og_url":"https:\/\/yvie.com\/nl\/stadbundin-leidsogn-i-san-jose-de-la-rinconada-uppgotvadu-stadina\/","og_site_name":"Yvie","article_published_time":"2025-07-21T23:41:18+00:00","article_modified_time":"2026-01-15T11:22:49+00:00","author":"Elles de Bruin-Rook","twitter_card":"summary_large_image","twitter_misc":{"Geschreven door":"Elles de Bruin-Rook","Geschatte leestijd":"6 minuten"},"schema":{"@context":"https:\/\/schema.org","@graph":[{"@type":"Article","@id":"https:\/\/yvie.com\/stadbundin-leidsogn-i-san-jose-de-la-rinconada-uppgotvadu-stadina\/#article","isPartOf":{"@id":"https:\/\/yvie.com\/stadbundin-leidsogn-i-san-jose-de-la-rinconada-uppgotvadu-stadina\/"},"author":{"name":"Elles de Bruin-Rook","@id":"https:\/\/yvie.com\/#\/schema\/person\/adc35d434b1bd4fc9a1645968e48cfae"},"headline":"Sta\u00f0bundin lei\u00f0s\u00f6gn \u00ed San Jos\u00e9 de la Rinconada: Uppg\u00f6tva\u00f0u sta\u00f0ina!","datePublished":"2025-07-21T23:41:18+00:00","dateModified":"2026-01-15T11:22:49+00:00","mainEntityOfPage":{"@id":"https:\/\/yvie.com\/stadbundin-leidsogn-i-san-jose-de-la-rinconada-uppgotvadu-stadina\/"},"wordCount":1204,"articleSection":["EN"],"inLanguage":"nl-NL"},{"@type":"WebPage","@id":"https:\/\/yvie.com\/stadbundin-leidsogn-i-san-jose-de-la-rinconada-uppgotvadu-stadina\/","url":"https:\/\/yvie.com\/stadbundin-leidsogn-i-san-jose-de-la-rinconada-uppgotvadu-stadina\/","name":"Sta\u00f0bundin lei\u00f0s\u00f6gn \u00ed San Jos\u00e9 de la Rinconada: Uppg\u00f6tva\u00f0u sta\u00f0ina! - Yvie","isPartOf":{"@id":"https:\/\/yvie.com\/#website"},"datePublished":"2025-07-21T23:41:18+00:00","dateModified":"2026-01-15T11:22:49+00:00","author":{"@id":"https:\/\/yvie.com\/#\/schema\/person\/adc35d434b1bd4fc9a1645968e48cfae"},"breadcrumb":{"@id":"https:\/\/yvie.com\/stadbundin-leidsogn-i-san-jose-de-la-rinconada-uppgotvadu-stadina\/#breadcrumb"},"inLanguage":"nl-NL","potentialAction":[{"@type":"ReadAction","target":["https:\/\/yvie.com\/stadbundin-leidsogn-i-san-jose-de-la-rinconada-uppgotvadu-stadina\/"]}]},{"@type":"BreadcrumbList","@id":"https:\/\/yvie.com\/stadbundin-leidsogn-i-san-jose-de-la-rinconada-uppgotvadu-stadina\/#breadcrumb","itemListElement":[{"@type":"ListItem","position":1,"name":"Home","item":"https:\/\/yvie.com\/"},{"@type":"ListItem","position":2,"name":"Sta\u00f0bundin lei\u00f0s\u00f6gn \u00ed San Jos\u00e9 de la Rinconada: Uppg\u00f6tva\u00f0u sta\u00f0ina!"}]},{"@type":"WebSite","@id":"https:\/\/yvie.com\/#website","url":"https:\/\/yvie.com\/","name":"Yvie","description":"","potentialAction":[{"@type":"SearchAction","target":{"@type":"EntryPoint","urlTemplate":"https:\/\/yvie.com\/?s={search_term_string}"},"query-input":{"@type":"PropertyValueSpecification","valueRequired":true,"valueName":"search_term_string"}}],"inLanguage":"nl-NL"},{"@type":"Person","@id":"https:\/\/yvie.com\/#\/schema\/person\/adc35d434b1bd4fc9a1645968e48cfae","name":"Elles de Bruin-Rook","url":"https:\/\/yvie.com\/nl\/author\/elles\/"}]}},"_links":{"self":[{"href":"https:\/\/yvie.com\/nl\/wp-json\/wp\/v2\/posts\/7987","targetHints":{"allow":["GET"]}}],"collection":[{"href":"https:\/\/yvie.com\/nl\/wp-json\/wp\/v2\/posts"}],"about":[{"href":"https:\/\/yvie.com\/nl\/wp-json\/wp\/v2\/types\/post"}],"author":[{"embeddable":true,"href":"https:\/\/yvie.com\/nl\/wp-json\/wp\/v2\/users\/2"}],"replies":[{"embeddable":true,"href":"https:\/\/yvie.com\/nl\/wp-json\/wp\/v2\/comments?post=7987"}],"version-history":[{"count":1,"href":"https:\/\/yvie.com\/nl\/wp-json\/wp\/v2\/posts\/7987\/revisions"}],"predecessor-version":[{"id":7988,"href":"https:\/\/yvie.com\/nl\/wp-json\/wp\/v2\/posts\/7987\/revisions\/7988"}],"wp:attachment":[{"href":"https:\/\/yvie.com\/nl\/wp-json\/wp\/v2\/media?parent=7987"}],"wp:term":[{"taxonomy":"category","embeddable":true,"href":"https:\/\/yvie.com\/nl\/wp-json\/wp\/v2\/categories?post=7987"},{"taxonomy":"post_tag","embeddable":true,"href":"https:\/\/yvie.com\/nl\/wp-json\/wp\/v2\/tags?post=7987"}],"curies":[{"name":"wp","href":"https:\/\/api.w.org\/{rel}","templated":true}]}}