{"id":8297,"date":"2025-07-30T01:28:34","date_gmt":"2025-07-30T01:28:34","guid":{"rendered":"https:\/\/yvie.com\/?p=8297"},"modified":"2026-01-15T18:18:10","modified_gmt":"2026-01-15T18:18:10","slug":"halsa-och-valbefinnande-var-filosofi-och-synsatt","status":"publish","type":"post","link":"https:\/\/yvie.com\/nl\/halsa-och-valbefinnande-var-filosofi-och-synsatt\/","title":{"rendered":"H\u00e4lsa och V\u00e4lbefinnande: V\u00e5r Filosofi och Syns\u00e4tt"},"content":{"rendered":"<h2>Introduktion till h\u00e4lsa och v\u00e4lbefinnande<\/h2>\n<p>H\u00e4lsa och v\u00e4lbefinnande handlar om att skapa en balanserad livsstil som fr\u00e4mjar ditt totala v\u00e4lbefinnande. Genom att f\u00f6rst\u00e5 dina <strong>h\u00e4lsov\u00e4rden<\/strong> kan du fatta informerade beslut f\u00f6r din kropp och ditt sinne. Den holistiska h\u00e4lsan betonar sambandet mellan fysisk, mental och emotionell h\u00e4lsa, vilket \u00e4r viktigt f\u00f6r effektiv <strong>stresshantering<\/strong>.<\/p>\n<p>En viktig del av v\u00e4lbefinnande \u00e4r <strong>\u00e5terh\u00e4mtning<\/strong>. Genom att prioritera \u00e5terh\u00e4mtning och avkoppling kan du \u00f6ka din energiniv\u00e5 och f\u00f6rb\u00e4ttra din livskvalitet. Massagefilosofi spelar en betydande roll i detta, d\u00e5 massage kan bidra till att minska stress och f\u00f6rb\u00e4ttra din kroppsliga medvetenhet. Det handlar om att f\u00f6rst\u00e5 hur kroppen reagerar p\u00e5 olika stimuli.<\/p>\n<p>P\u00e5 yenwellnessdk.com erbjuder vi verktyg och resurser f\u00f6r h\u00e4lsof\u00f6rb\u00e4ttring genom olika metoder som yoga, meditation och <a href=\"https:\/\/yenwellnessdk.com\/\">https:\/\/yenwellnessdk.com\/<\/a>. Att bygga en stark grund av kunskap och praktiska tips kan hj\u00e4lpa dig att leva ett mer fullv\u00e4rdigt liv fyllt med syfte och gl\u00e4dje.<\/p>\n<p>Genom att integrera dessa aspekter i din vardag kan du skapa en stabil grund f\u00f6r ditt v\u00e4lbefinnande som varar. T\u00e4nk p\u00e5 att varje litet steg mot en h\u00e4lsosammare livsstil \u00e4r ett steg i r\u00e4tt riktning. Kom ih\u00e5g, det handlar om din individuella resa mot h\u00e4lsa och lycka.<\/p>\n<h2>V\u00e5r filosofi om holistisk h\u00e4lsa<\/h2>\n<p>Vi p\u00e5 Yen Wellness anser att holistisk h\u00e4lsa \u00e4r en grundpelare f\u00f6r att uppn\u00e5 ett l\u00e5ngsiktigt v\u00e4lbefinnande. V\u00e5r filosofi handlar om att se m\u00e4nniskan som en helhet d\u00e4r kropp, sinne och sj\u00e4l samverkar f\u00f6r att skapa optimala h\u00e4lsov\u00e4rden.<\/p>\n<p>Genom att integrera tekniker som massagefilosofi och kroppsmedvetenhet, str\u00e4var vi efter att fr\u00e4mja effektiv \u00e5terh\u00e4mtning. V\u00e5r metod betonar vikten av stresshantering och hur dessa aspekter kan f\u00f6rb\u00e4ttra din h\u00e4lsa och livskvalitet. Att ge utrymme f\u00f6r \u00e5terh\u00e4mtning \u00e4r avg\u00f6rande f\u00f6r att \u00e5terskapa balansen i livet.<\/p>\n<p>Vi tror att varje individ har unika behov, och v\u00e5r approach \u00e4r skr\u00e4ddarsydd f\u00f6r att m\u00f6ta dessa. Vi uppmuntrar v\u00e5ra klienter att vara medakt\u00f6rer i sin egen h\u00e4lsosamma resa, vilket ger dem makt och insikt att g\u00f6ra aktiva h\u00e4lsof\u00f6rb\u00e4ttringar.<\/p>\n<p>Genom samarbete och engagemang i v\u00e5r holistiska filosofi, uppmuntrar vi till en djupare f\u00f6rst\u00e5else f\u00f6r varf\u00f6r v\u00e4lbefinnande \u00e4r centralt i alla aspekter av livet. Bes\u00f6k g\u00e4rna v\u00e5r webbplats p\u00e5 <strong>yenwellnessdk.com<\/strong> f\u00f6r att l\u00e4sa mer om v\u00e5ra metoder och hur vi kan hj\u00e4lpa dig.<\/p>\n<h2>Nyckelaspekter av \u00e5terh\u00e4mtning och stresshantering<\/h2>\n<p>\u00c5terh\u00e4mtning \u00e4r en viktig del av v\u00e5r <strong>holistiska h\u00e4lsa<\/strong> och p\u00e5verkar v\u00e5ra <strong>h\u00e4lsov\u00e4rden<\/strong> p\u00e5 flera s\u00e4tt. Genom att investera tid i \u00e5terh\u00e4mtning kan vi f\u00f6rb\u00e4ttra v\u00e5rt <strong>v\u00e4lbefinnande<\/strong>, vilket \u00e4r avg\u00f6rande f\u00f6r att hantera stress. En av de mest effektiva metoderna \u00e4r att praktisera <strong>kroppsmedvetenhet<\/strong>. Genom olika \u00f6vningar kan vi bli mer medvetna om hur stress p\u00e5verkar v\u00e5r kropp och v\u00e5rt sinne.<\/p>\n<p>En popul\u00e4r metod inom detta omr\u00e5de \u00e4r <strong>massagefilosofi<\/strong>, som betonar vikten av ber\u00f6ring och avslappning. Massage kan inte bara lindra muskelsp\u00e4nningar utan \u00e4ven bidra till mentalt lugn. Bes\u00f6k g\u00e4rna yenwellnessdk.com f\u00f6r att l\u00e4ra dig mer om olika massageformer och deras f\u00f6rdelar.<\/p>\n<p>I v\u00e5r stressiga vardag \u00e4r det viktigt att ha strategier f\u00f6r <strong>stresshantering<\/strong>. Att schemal\u00e4gga pauser och till\u00e4mpa medveten andning kan verka enkelt, men har stor betydelse f\u00f6r v\u00e5r <strong>h\u00e4lsof\u00f6rb\u00e4ttring<\/strong>. Genom att f\u00f6rst\u00e5 och till\u00e4mpa dessa nyckelaspekter kan vi skapa en balans i livet som leder till \u00f6kat v\u00e4lbefinnande.<\/p>\n<h2>Kroppsmedvetenhet och dess betydelse f\u00f6r v\u00e4lbefinnande<\/h2>\n<p>Kroppsmedvetenhet \u00e4r en grundl\u00e4ggande del av v\u00e5r holistiska h\u00e4lsa och spelar en avg\u00f6rande roll f\u00f6r v\u00e5rt v\u00e4lbefinnande. Genom att lyssna p\u00e5 v\u00e5r kropp kan vi b\u00e4ttre f\u00f6rst\u00e5 v\u00e5ra h\u00e4lsov\u00e4rden och identifiera tecken p\u00e5 stress eller obalanser. Tekniker som mindfulness och meditation kan \u00f6ka v\u00e5r kroppsmedvetenhet, vilket f\u00f6rb\u00e4ttrar v\u00e5r f\u00f6rm\u00e5ga till stresshantering och fr\u00e4mjar \u00e5terh\u00e4mtning.<\/p>\n<p>Massagefilosofi omfattar ocks\u00e5 kroppsmedvetenhet; massage \u00e4r inte bara en fysisk behandling utan en djupg\u00e5ende upplevelse som st\u00e4rker v\u00e5r relation till v\u00e5ra kroppar. Genom regelbundna massagebehandlingar kan vi \u00f6ka v\u00e5r medvetenhet om muskelsp\u00e4nningar och emotionella blockeringar, vilket bidrar till h\u00e4lsof\u00f6rb\u00e4ttring p\u00e5 flera niv\u00e5er.<\/p>\n<p>Att integrera \u00f6vningar f\u00f6r kroppsmedvetenhet i v\u00e5r vardag, som att g\u00e5 medvetet eller utf\u00f6ra yoga, kan leda till betydande f\u00f6r\u00e4ndringar i v\u00e5rt mentala och fysiska v\u00e4lbefinnande. Genom att bes\u00f6ka plattformar som <strong>yenwellnessdk.com<\/strong> kan vi hitta resurser och v\u00e4gledning f\u00f6r dessa \u00f6vningar, vilket ytterligare st\u00f6djer v\u00e5r str\u00e4van mot ett mer balanserat liv.<\/p>\n<h2>Aktuella metoder och praktisk till\u00e4mpning av massagefilosofi<\/h2>\n<p>Massagefilosofi bygger p\u00e5 insikten att kropp och sinne \u00e4r djupt sammanl\u00e4nkade i str\u00e4van efter <strong>v\u00e4lbefinnande<\/strong>. Genom att utforska holistisk h\u00e4lsa kan vi uppt\u00e4cka hur <strong>h\u00e4lsov\u00e4rden<\/strong> p\u00e5verkas av regelbunden massage. M\u00e5nga terapeuter kombinerar traditionella tekniker med moderna metoder f\u00f6r att fr\u00e4mja <strong>\u00e5terh\u00e4mtning<\/strong> och f\u00f6rb\u00e4ttra <strong>kroppsmedvetenhet<\/strong>.<\/p>\n<p>En popul\u00e4r metod \u00e4r myofascial frig\u00f6ring, som arbetar med bindv\u00e4ven f\u00f6r att lindra sm\u00e4rta och stress. Genom att fokusera p\u00e5 tryckpunkter kan terapeuter stimulera blodfl\u00f6det och d\u00e4rigenom accentuera <strong>h\u00e4lsof\u00f6rb\u00e4ttring<\/strong>. Detta skapar en synergisk effekt som st\u00f6djer b\u00e5de fysisk och mental <strong>stresshantering<\/strong>.<\/p>\n<p>Implementeringen av massagefilosofi p\u00e5 platser som yenwellnessdk.com visar hur effektivt ett holistiskt tillv\u00e4gag\u00e5ngss\u00e4tt kan vara. Kunder rapporterar b\u00e4ttre s\u00f6mn och \u00f6kat v\u00e4lbefinnande efter n\u00e5gra sessioner. Det \u00e4r tydligt att massage kan vara en kraftfull komponent i v\u00e4gen till optimal h\u00e4lsa.<\/p>\n<p>Det \u00e4r viktigt att inte bara se massage som en njutning, utan ocks\u00e5 som en grundl\u00e4ggande del av v\u00e5rt v\u00e4lbefinnande. Genom att erbjuda v\u00e5rd som b\u00e5de \u00e5terst\u00e4ller och st\u00e4rker, kan vi ta ansvar f\u00f6r v\u00e5r egen h\u00e4lsa, vilket i sin tur leder till en mer medveten livsstil.<\/p>","protected":false},"excerpt":{"rendered":"<p>Introduktion till h\u00e4lsa och v\u00e4lbefinnande H\u00e4lsa och v\u00e4lbefinnande handlar om att skapa en balanserad livsstil som fr\u00e4mjar ditt totala v\u00e4lbefinnande. Genom att f\u00f6rst\u00e5 dina h\u00e4lsov\u00e4rden kan du fatta informerade beslut f\u00f6r din kropp och ditt sinne. Den holistiska h\u00e4lsan betonar sambandet mellan fysisk, mental och emotionell h\u00e4lsa, vilket \u00e4r viktigt f\u00f6r effektiv stresshantering. En viktig [&hellip;]<\/p>\n","protected":false},"author":2,"featured_media":0,"comment_status":"closed","ping_status":"","sticky":false,"template":"","format":"standard","meta":{"_et_pb_use_builder":"","_et_pb_old_content":"","_et_gb_content_width":"","inline_featured_image":false,"footnotes":""},"categories":[15],"tags":[],"class_list":["post-8297","post","type-post","status-publish","format-standard","hentry","category-en"],"yoast_head":"<!-- This site is optimized with the Yoast SEO plugin v26.8 - https:\/\/yoast.com\/product\/yoast-seo-wordpress\/ -->\n<title>H\u00e4lsa och V\u00e4lbefinnande: V\u00e5r Filosofi och Syns\u00e4tt - Yvie<\/title>\n<meta name=\"robots\" content=\"index, follow, max-snippet:-1, max-image-preview:large, max-video-preview:-1\" \/>\n<link rel=\"canonical\" href=\"https:\/\/yvie.com\/nl\/halsa-och-valbefinnande-var-filosofi-och-synsatt\/\" \/>\n<meta property=\"og:locale\" content=\"nl_NL\" \/>\n<meta property=\"og:type\" content=\"article\" \/>\n<meta property=\"og:title\" content=\"H\u00e4lsa och V\u00e4lbefinnande: V\u00e5r Filosofi och Syns\u00e4tt - Yvie\" \/>\n<meta property=\"og:description\" content=\"Introduktion till h\u00e4lsa och v\u00e4lbefinnande H\u00e4lsa och v\u00e4lbefinnande handlar om att skapa en balanserad livsstil som fr\u00e4mjar ditt totala v\u00e4lbefinnande. Genom att f\u00f6rst\u00e5 dina h\u00e4lsov\u00e4rden kan du fatta informerade beslut f\u00f6r din kropp och ditt sinne. Den holistiska h\u00e4lsan betonar sambandet mellan fysisk, mental och emotionell h\u00e4lsa, vilket \u00e4r viktigt f\u00f6r effektiv stresshantering. En viktig [&hellip;]\" \/>\n<meta property=\"og:url\" content=\"https:\/\/yvie.com\/nl\/halsa-och-valbefinnande-var-filosofi-och-synsatt\/\" \/>\n<meta property=\"og:site_name\" content=\"Yvie\" \/>\n<meta property=\"article:published_time\" content=\"2025-07-30T01:28:34+00:00\" \/>\n<meta property=\"article:modified_time\" content=\"2026-01-15T18:18:10+00:00\" \/>\n<meta name=\"author\" content=\"Elles de Bruin-Rook\" \/>\n<meta name=\"twitter:card\" content=\"summary_large_image\" \/>\n<meta name=\"twitter:label1\" content=\"Geschreven door\" \/>\n\t<meta name=\"twitter:data1\" content=\"Elles de Bruin-Rook\" \/>\n\t<meta name=\"twitter:label2\" content=\"Geschatte leestijd\" \/>\n\t<meta name=\"twitter:data2\" content=\"5 minuten\" \/>\n<script type=\"application\/ld+json\" class=\"yoast-schema-graph\">{\"@context\":\"https:\/\/schema.org\",\"@graph\":[{\"@type\":\"Article\",\"@id\":\"https:\/\/yvie.com\/halsa-och-valbefinnande-var-filosofi-och-synsatt\/#article\",\"isPartOf\":{\"@id\":\"https:\/\/yvie.com\/halsa-och-valbefinnande-var-filosofi-och-synsatt\/\"},\"author\":{\"name\":\"Elles de Bruin-Rook\",\"@id\":\"https:\/\/yvie.com\/#\/schema\/person\/adc35d434b1bd4fc9a1645968e48cfae\"},\"headline\":\"H\u00e4lsa och V\u00e4lbefinnande: V\u00e5r Filosofi och Syns\u00e4tt\",\"datePublished\":\"2025-07-30T01:28:34+00:00\",\"dateModified\":\"2026-01-15T18:18:10+00:00\",\"mainEntityOfPage\":{\"@id\":\"https:\/\/yvie.com\/halsa-och-valbefinnande-var-filosofi-och-synsatt\/\"},\"wordCount\":1083,\"articleSection\":[\"EN\"],\"inLanguage\":\"nl-NL\"},{\"@type\":\"WebPage\",\"@id\":\"https:\/\/yvie.com\/halsa-och-valbefinnande-var-filosofi-och-synsatt\/\",\"url\":\"https:\/\/yvie.com\/halsa-och-valbefinnande-var-filosofi-och-synsatt\/\",\"name\":\"H\u00e4lsa och V\u00e4lbefinnande: V\u00e5r Filosofi och Syns\u00e4tt - Yvie\",\"isPartOf\":{\"@id\":\"https:\/\/yvie.com\/#website\"},\"datePublished\":\"2025-07-30T01:28:34+00:00\",\"dateModified\":\"2026-01-15T18:18:10+00:00\",\"author\":{\"@id\":\"https:\/\/yvie.com\/#\/schema\/person\/adc35d434b1bd4fc9a1645968e48cfae\"},\"breadcrumb\":{\"@id\":\"https:\/\/yvie.com\/halsa-och-valbefinnande-var-filosofi-och-synsatt\/#breadcrumb\"},\"inLanguage\":\"nl-NL\",\"potentialAction\":[{\"@type\":\"ReadAction\",\"target\":[\"https:\/\/yvie.com\/halsa-och-valbefinnande-var-filosofi-och-synsatt\/\"]}]},{\"@type\":\"BreadcrumbList\",\"@id\":\"https:\/\/yvie.com\/halsa-och-valbefinnande-var-filosofi-och-synsatt\/#breadcrumb\",\"itemListElement\":[{\"@type\":\"ListItem\",\"position\":1,\"name\":\"Home\",\"item\":\"https:\/\/yvie.com\/\"},{\"@type\":\"ListItem\",\"position\":2,\"name\":\"H\u00e4lsa och V\u00e4lbefinnande: V\u00e5r Filosofi och Syns\u00e4tt\"}]},{\"@type\":\"WebSite\",\"@id\":\"https:\/\/yvie.com\/#website\",\"url\":\"https:\/\/yvie.com\/\",\"name\":\"Yvie\",\"description\":\"\",\"potentialAction\":[{\"@type\":\"SearchAction\",\"target\":{\"@type\":\"EntryPoint\",\"urlTemplate\":\"https:\/\/yvie.com\/?s={search_term_string}\"},\"query-input\":{\"@type\":\"PropertyValueSpecification\",\"valueRequired\":true,\"valueName\":\"search_term_string\"}}],\"inLanguage\":\"nl-NL\"},{\"@type\":\"Person\",\"@id\":\"https:\/\/yvie.com\/#\/schema\/person\/adc35d434b1bd4fc9a1645968e48cfae\",\"name\":\"Elles de Bruin-Rook\",\"url\":\"https:\/\/yvie.com\/nl\/author\/elles\/\"}]}<\/script>\n<!-- \/ Yoast SEO plugin. -->","yoast_head_json":{"title":"H\u00e4lsa och V\u00e4lbefinnande: V\u00e5r Filosofi och Syns\u00e4tt - Yvie","robots":{"index":"index","follow":"follow","max-snippet":"max-snippet:-1","max-image-preview":"max-image-preview:large","max-video-preview":"max-video-preview:-1"},"canonical":"https:\/\/yvie.com\/nl\/halsa-och-valbefinnande-var-filosofi-och-synsatt\/","og_locale":"nl_NL","og_type":"article","og_title":"H\u00e4lsa och V\u00e4lbefinnande: V\u00e5r Filosofi och Syns\u00e4tt - Yvie","og_description":"Introduktion till h\u00e4lsa och v\u00e4lbefinnande H\u00e4lsa och v\u00e4lbefinnande handlar om att skapa en balanserad livsstil som fr\u00e4mjar ditt totala v\u00e4lbefinnande. Genom att f\u00f6rst\u00e5 dina h\u00e4lsov\u00e4rden kan du fatta informerade beslut f\u00f6r din kropp och ditt sinne. Den holistiska h\u00e4lsan betonar sambandet mellan fysisk, mental och emotionell h\u00e4lsa, vilket \u00e4r viktigt f\u00f6r effektiv stresshantering. En viktig [&hellip;]","og_url":"https:\/\/yvie.com\/nl\/halsa-och-valbefinnande-var-filosofi-och-synsatt\/","og_site_name":"Yvie","article_published_time":"2025-07-30T01:28:34+00:00","article_modified_time":"2026-01-15T18:18:10+00:00","author":"Elles de Bruin-Rook","twitter_card":"summary_large_image","twitter_misc":{"Geschreven door":"Elles de Bruin-Rook","Geschatte leestijd":"5 minuten"},"schema":{"@context":"https:\/\/schema.org","@graph":[{"@type":"Article","@id":"https:\/\/yvie.com\/halsa-och-valbefinnande-var-filosofi-och-synsatt\/#article","isPartOf":{"@id":"https:\/\/yvie.com\/halsa-och-valbefinnande-var-filosofi-och-synsatt\/"},"author":{"name":"Elles de Bruin-Rook","@id":"https:\/\/yvie.com\/#\/schema\/person\/adc35d434b1bd4fc9a1645968e48cfae"},"headline":"H\u00e4lsa och V\u00e4lbefinnande: V\u00e5r Filosofi och Syns\u00e4tt","datePublished":"2025-07-30T01:28:34+00:00","dateModified":"2026-01-15T18:18:10+00:00","mainEntityOfPage":{"@id":"https:\/\/yvie.com\/halsa-och-valbefinnande-var-filosofi-och-synsatt\/"},"wordCount":1083,"articleSection":["EN"],"inLanguage":"nl-NL"},{"@type":"WebPage","@id":"https:\/\/yvie.com\/halsa-och-valbefinnande-var-filosofi-och-synsatt\/","url":"https:\/\/yvie.com\/halsa-och-valbefinnande-var-filosofi-och-synsatt\/","name":"H\u00e4lsa och V\u00e4lbefinnande: V\u00e5r Filosofi och Syns\u00e4tt - Yvie","isPartOf":{"@id":"https:\/\/yvie.com\/#website"},"datePublished":"2025-07-30T01:28:34+00:00","dateModified":"2026-01-15T18:18:10+00:00","author":{"@id":"https:\/\/yvie.com\/#\/schema\/person\/adc35d434b1bd4fc9a1645968e48cfae"},"breadcrumb":{"@id":"https:\/\/yvie.com\/halsa-och-valbefinnande-var-filosofi-och-synsatt\/#breadcrumb"},"inLanguage":"nl-NL","potentialAction":[{"@type":"ReadAction","target":["https:\/\/yvie.com\/halsa-och-valbefinnande-var-filosofi-och-synsatt\/"]}]},{"@type":"BreadcrumbList","@id":"https:\/\/yvie.com\/halsa-och-valbefinnande-var-filosofi-och-synsatt\/#breadcrumb","itemListElement":[{"@type":"ListItem","position":1,"name":"Home","item":"https:\/\/yvie.com\/"},{"@type":"ListItem","position":2,"name":"H\u00e4lsa och V\u00e4lbefinnande: V\u00e5r Filosofi och Syns\u00e4tt"}]},{"@type":"WebSite","@id":"https:\/\/yvie.com\/#website","url":"https:\/\/yvie.com\/","name":"Yvie","description":"","potentialAction":[{"@type":"SearchAction","target":{"@type":"EntryPoint","urlTemplate":"https:\/\/yvie.com\/?s={search_term_string}"},"query-input":{"@type":"PropertyValueSpecification","valueRequired":true,"valueName":"search_term_string"}}],"inLanguage":"nl-NL"},{"@type":"Person","@id":"https:\/\/yvie.com\/#\/schema\/person\/adc35d434b1bd4fc9a1645968e48cfae","name":"Elles de Bruin-Rook","url":"https:\/\/yvie.com\/nl\/author\/elles\/"}]}},"_links":{"self":[{"href":"https:\/\/yvie.com\/nl\/wp-json\/wp\/v2\/posts\/8297","targetHints":{"allow":["GET"]}}],"collection":[{"href":"https:\/\/yvie.com\/nl\/wp-json\/wp\/v2\/posts"}],"about":[{"href":"https:\/\/yvie.com\/nl\/wp-json\/wp\/v2\/types\/post"}],"author":[{"embeddable":true,"href":"https:\/\/yvie.com\/nl\/wp-json\/wp\/v2\/users\/2"}],"replies":[{"embeddable":true,"href":"https:\/\/yvie.com\/nl\/wp-json\/wp\/v2\/comments?post=8297"}],"version-history":[{"count":1,"href":"https:\/\/yvie.com\/nl\/wp-json\/wp\/v2\/posts\/8297\/revisions"}],"predecessor-version":[{"id":8298,"href":"https:\/\/yvie.com\/nl\/wp-json\/wp\/v2\/posts\/8297\/revisions\/8298"}],"wp:attachment":[{"href":"https:\/\/yvie.com\/nl\/wp-json\/wp\/v2\/media?parent=8297"}],"wp:term":[{"taxonomy":"category","embeddable":true,"href":"https:\/\/yvie.com\/nl\/wp-json\/wp\/v2\/categories?post=8297"},{"taxonomy":"post_tag","embeddable":true,"href":"https:\/\/yvie.com\/nl\/wp-json\/wp\/v2\/tags?post=8297"}],"curies":[{"name":"wp","href":"https:\/\/api.w.org\/{rel}","templated":true}]}}